{"id":11391,"date":"2020-07-09T11:08:16","date_gmt":"2020-07-09T14:08:16","guid":{"rendered":"https:\/\/vivesanobrasil.org\/?p=11391"},"modified":"2020-08-14T19:02:20","modified_gmt":"2020-08-14T22:02:20","slug":"certificacion-en-lactancia-materna-y-alimentacion-complementaria-importancia-de-la-nutricion-en-los-primeros-1000-dias-de-vida-3","status":"publish","type":"post","link":"https:\/\/vivesanobrasil.org\/pb\/certificacion-en-lactancia-materna-y-alimentacion-complementaria-importancia-de-la-nutricion-en-los-primeros-1000-dias-de-vida-3\/","title":{"rendered":"Certificaci\u00f3n en Lactancia Materna y Alimentaci\u00f3n Complementaria. \u201cImportancia de la nutrici\u00f3n en los primeros 1000 d\u00edas de vida\u201d"},"content":{"rendered":"<div>\n<div style=\"text-align: center;\"><img data-recalc-dims=\"1\" fetchpriority=\"high\" decoding=\"async\" class=\"alignnone size-full wp-image-11491\" src=\"https:\/\/i0.wp.com\/vivesanobrasil.org\/wp-content\/uploads\/2020\/07\/Banner-web-Lactancia-5-scaled.jpg?resize=2048%2C922&#038;ssl=1\" alt=\"\" width=\"2048\" height=\"922\" \/><\/div>\n<h1><\/h1>\n<div style=\"text-align: center;\">\n<h1><strong><span style=\"font-size: large;\">Certificaci\u00f3n en Lactancia Materna y Alimentaci\u00f3n Complementaria.<\/span><\/strong><\/h1>\n<h1><strong><span style=\"font-size: large;\">\u201cImportancia de la nutrici\u00f3n en los primeros 1000 d\u00edas de vida\u201d<\/span><\/strong><\/h1>\n<div><span style=\"font-size: large;\">\u00a0<\/span><\/div>\n<div><strong>Inicio: 17 de agosto al 10 de noviembre 2020<\/strong><span style=\"font-size: large;\"><br \/>\n<\/span><\/div>\n<div><span style=\"color: #000000;\">\u00a0<\/span><\/div>\n<div><span style=\"color: #000000;\">\u00a0<\/span><\/div>\n<div><span style=\"color: #000000;\"><u>Objetivo del curso<\/u><\/span><\/div>\n<div><span style=\"color: #000000;\">\u00a0<\/span><\/div>\n<div>\n<div><span style=\"color: #000000;\">El Certificado en lactancia materna y alimentaci\u00f3n complementaria, es una capacitaci\u00f3n donde el\/la estudiante tiene la oportunidad de aprender completamente a distancia los conceptos b\u00e1sicos en lactancia materna, amamantamiento y alimentaci\u00f3n complementaria. Consta de 4 m\u00f3dulos con 19 clases en total, con una suma de 202 horas acad\u00e9micas y participaci\u00f3n activa entre los estudiantes y los docentes.<\/span><\/div>\n<div><span style=\"color: #000000;\">\u00a0<\/span><\/div>\n<\/div>\n<\/div>\n<div style=\"text-align: center;\">\n<div><\/div>\n<div><img data-recalc-dims=\"1\" decoding=\"async\" class=\"alignnone size-full wp-image-11489\" src=\"https:\/\/i0.wp.com\/vivesanobrasil.org\/wp-content\/uploads\/2020\/07\/Lactancia-5-scaled.jpg?resize=2048%2C2048&#038;ssl=1\" alt=\"\" width=\"2048\" height=\"2048\" \/><\/div>\n<div><\/div>\n<div><span style=\"font-size: 14pt;\">Te traemos los mejores docentes, con amplia trayectoria profesional y acad\u00e9mica.<\/span><\/div>\n<div><img data-recalc-dims=\"1\" decoding=\"async\" class=\"alignnone size-full wp-image-11356\" src=\"https:\/\/i0.wp.com\/vivesanobrasil.org\/wp-content\/uploads\/2020\/07\/Cronograma-Lactancia-5.jpg?resize=1414%2C2000&#038;ssl=1\" alt=\"\" width=\"1414\" height=\"2000\" \/><\/div>\n<div><\/div>\n<\/div>\n<\/div>\n<div>\n<div>\n<div style=\"text-align: center;\">\n<div>\n<div>\n<div><u>COSTO DE INVERSI\u00d3N<\/u><\/div>\n<div><\/div>\n<\/div>\n<\/div>\n<div>\n<div>\n<div>\n<div><b>Alumnos nuevos:<\/b><\/div>\n<div><b>*Chile: 58.000 Pesos Chilenos<\/b><\/div>\n<div><b>*Colombia: 253.000 Pesos Colombianos<\/b><\/div>\n<div><b>\u00a0*Argentina:4970 Pesos Argentinos<\/b><\/div>\n<div><b>**Resto de pa\u00edses: USD 70 (D\u00f3lares Americanos)<\/b><\/div>\n<div><b>\u00a0<\/b><\/div>\n<div><\/div>\n<div><b>Usuarios con cursos anteriores pagan con 10% menos sobre el monto, Pd: NO SE REGRESAR\u00c1 DINERO LUEGO DE EFECTUADO EL PAGO.<\/b><\/div>\n<div><b>\u00a0<\/b><\/div>\n<div><b>Alumnos regulares y\/o ex-alumnos<\/b><\/div>\n<div>\n<div><b>*Chile: 52.000 Pesos Chilenos<\/b><\/div>\n<div><b>*Colombia: 228.000 Pesos Colombianos<\/b><\/div>\n<div><b>\u00a0*Argentina: 4.500 Pesos Argentinos<\/b><\/div>\n<div><b>**Resto de pa\u00edses: USD 63 (D\u00f3lares Americanos)<\/b><\/div>\n<\/div>\n<\/div>\n<\/div>\n<\/div>\n<\/div>\n<\/div>\n<div>\n<div style=\"text-align: center;\">\n<div>\n<div><b>\u00a0<\/b><\/div>\n<div><\/div>\n<\/div>\n<\/div>\n<div>\n<div style=\"text-align: center;\">\n<div>Leer bien las condiciones de pago(montos y valores), ya que no se devuelve el dinero ni se formaliza inscripci\u00f3n con pagos incompletos.<\/div>\n<div>\n<div><b><i>*Consulta por los beneficios que puedes tener de acuerdo con los diferentes convenios.<\/i><\/b><\/div>\n<div>**Para pagos por tarjeta de cr\u00e9dito v\u00eda PayPal, el valor correspondiente a su moneda local al momento de la conversi\u00f3n depende de la tasa cambiar\u00eda de su pa\u00eds, el valor en USD siempre ser\u00e1 fijo.<\/div>\n<div><\/div>\n<\/div>\n<\/div>\n<div>\n<div style=\"text-align: center;\"><b><i>Para pagar con tarjeta de cr\u00e9dito accede a:\u00a0<\/i><\/b><\/div>\n<div style=\"text-align: center;\"><a href=\"https:\/\/vivesanobrasil.org\/inscripciones\/\" target=\"_blank\" rel=\"noopener noreferrer\" data-saferedirecturl=\"https:\/\/www.google.com\/url?q=https:\/\/vivesanobrasil.org\/inscripciones\/&amp;source=gmail&amp;ust=1594328845810000&amp;usg=AFQjCNER4nePafOrP-7K2PyoTvEMsBdv-A\">https:\/\/vivesanobrasil.org\/<wbr \/>inscripciones\/<\/a><\/div>\n<\/div>\n<div style=\"text-align: center;\">\n<div><\/div>\n<\/div>\n<div>\n<div style=\"text-align: center;\"><b>DESPU\u00c9S DE REALIZAR EL PAGO POR FAVOR FORMALIZAR TU INSCRIPCI\u00d3N A TRAV\u00c9S DE ESTE LINK\u00a0<\/b><\/div>\n<div style=\"text-align: center;\"><a href=\"https:\/\/forms.gle\/mqDmknFJKLh8dgaY7\" target=\"_blank\" rel=\"noopener noreferrer\" data-saferedirecturl=\"https:\/\/www.google.com\/url?q=https:\/\/forms.gle\/mqDmknFJKLh8dgaY7&amp;source=gmail&amp;ust=1594328845810000&amp;usg=AFQjCNH0t5pRiGfO_78alucumaJQzuiUtQ\">https:\/\/forms.gle\/<wbr \/>mqDmknFJKLh8dgaY7<\/a><\/div>\n<\/div>\n<div style=\"text-align: center;\">\n<div>\n<div><\/div>\n<\/div>\n<\/div>\n<\/div>\n<\/div>\n<\/div>\n<div>\n<div><img data-recalc-dims=\"1\" loading=\"lazy\" decoding=\"async\" class=\"wp-image-12626 size-full aligncenter\" src=\"https:\/\/i0.wp.com\/vivesanobrasil.org\/wp-content\/uploads\/2020\/07\/Pago-feed-scaled.jpg?resize=2048%2C2048&#038;ssl=1\" alt=\"\" width=\"2048\" height=\"2048\" \/><\/div>\n<div>\n<div>\u00bfQuieres conocer a tus docentes? haz clic\u00a0<a href=\"https:\/\/vivesanobrasil.org\/wp-content\/uploads\/2020\/03\/Docentes-Lactancia-1-3-1-1-2-1.pdf\" target=\"_blank\" rel=\"noopener noreferrer\">aqu\u00ed<\/a><\/div>\n<div>\u00bfDudas? consulta\u00a0<a href=\"https:\/\/wp.me\/a9Ia6I-1T2\" target=\"_blank\" rel=\"noopener noreferrer\">aqu\u00ed<\/a>\u00a0las preguntas frecuentes<\/div>\n<\/div>\n<\/div>\n<div>\n<div style=\"text-align: center;\"><\/div>\n<\/div>\n<div class='cb-post-url-qr-code'><br><img src='https:\/\/api.qrserver.com\/v1\/create-qr-code\/?size=185x185&ecc=L&qzone=1&data=https%3A%2F%2Fvivesanobrasil.org%2Fpb%2Fcertificacion-en-lactancia-materna-y-alimentacion-complementaria-importancia-de-la-nutricion-en-los-primeros-1000-dias-de-vida-3%2F' alt='Certificaci\u00f3n en Lactancia Materna y Alimentaci\u00f3n Complementaria. \u201cImportancia de la nutrici\u00f3n en los primeros 1000 d\u00edas de vida\u201d'\/><\/div>","protected":false},"excerpt":{"rendered":"<p>Certificaci\u00f3n en Lactancia Materna y Alimentaci\u00f3n Complementaria. \u201cImportancia de la nutrici\u00f3n en los primeros 1000 d\u00edas de vida\u201d \u00a0 Inicio: 17 de agosto al 10 de noviembre 2020 \u00a0 \u00a0 Objetivo del curso \u00a0 El Certificado en lactancia materna y alimentaci\u00f3n complementaria, es una capacitaci\u00f3n donde el\/la estudiante tiene la oportunidad de aprender completamente a [&hellip;]<\/p>\n","protected":false},"author":135836161,"featured_media":0,"comment_status":"open","ping_status":"open","sticky":false,"template":"","format":"standard","meta":{"_acf_changed":false,"_coblocks_attr":"","_coblocks_dimensions":"","_coblocks_responsive_height":"","_coblocks_accordion_ie_support":"","_crdt_document":"","om_disable_all_campaigns":false,"_monsterinsights_skip_tracking":false,"_monsterinsights_sitenote_active":false,"_monsterinsights_sitenote_note":"","_monsterinsights_sitenote_category":0,"_jetpack_newsletter_access":"","_jetpack_dont_email_post_to_subs":false,"_jetpack_newsletter_tier_id":0,"_jetpack_memberships_contains_paywalled_content":false,"_jetpack_memberships_contains_paid_content":false,"footnotes":"","jetpack_publicize_message":"","jetpack_publicize_feature_enabled":true,"jetpack_social_post_already_shared":true,"jetpack_social_options":{"image_generator_settings":{"template":"highway","default_image_id":0,"font":"","enabled":false},"version":2},"_wpas_customize_per_network":false,"jetpack_post_was_ever_published":false},"categories":[675839539],"tags":[],"class_list":["post-11391","post","type-post","status-publish","format-standard","hentry","category-certificacion"],"acf":[],"aioseo_notices":[],"jetpack_publicize_connections":[],"jetpack_featured_media_url":"","jetpack_likes_enabled":false,"jetpack_sharing_enabled":false,"jetpack_shortlink":"https:\/\/wp.me\/p9Ia6I-2XJ","_links":{"self":[{"href":"https:\/\/vivesanobrasil.org\/pb\/wp-json\/wp\/v2\/posts\/11391","targetHints":{"allow":["GET"]}}],"collection":[{"href":"https:\/\/vivesanobrasil.org\/pb\/wp-json\/wp\/v2\/posts"}],"about":[{"href":"https:\/\/vivesanobrasil.org\/pb\/wp-json\/wp\/v2\/types\/post"}],"author":[{"embeddable":true,"href":"https:\/\/vivesanobrasil.org\/pb\/wp-json\/wp\/v2\/users\/135836161"}],"replies":[{"embeddable":true,"href":"https:\/\/vivesanobrasil.org\/pb\/wp-json\/wp\/v2\/comments?post=11391"}],"version-history":[{"count":0,"href":"https:\/\/vivesanobrasil.org\/pb\/wp-json\/wp\/v2\/posts\/11391\/revisions"}],"wp:attachment":[{"href":"https:\/\/vivesanobrasil.org\/pb\/wp-json\/wp\/v2\/media?parent=11391"}],"wp:term":[{"taxonomy":"category","embeddable":true,"href":"https:\/\/vivesanobrasil.org\/pb\/wp-json\/wp\/v2\/categories?post=11391"},{"taxonomy":"post_tag","embeddable":true,"href":"https:\/\/vivesanobrasil.org\/pb\/wp-json\/wp\/v2\/tags?post=11391"}],"curies":[{"name":"wp","href":"https:\/\/api.w.org\/{rel}","templated":true}]}}