{"id":11613,"date":"2020-07-16T01:11:06","date_gmt":"2020-07-16T04:11:06","guid":{"rendered":"https:\/\/vivesanobrasil.org\/?p=11613"},"modified":"2020-07-26T23:56:07","modified_gmt":"2020-07-27T02:56:07","slug":"diplomado-en-nutricion-clinica","status":"publish","type":"post","link":"https:\/\/vivesanobrasil.org\/pb\/diplomado-en-nutricion-clinica\/","title":{"rendered":"Diplomado en Nutrici\u00f3n Cl\u00ednica."},"content":{"rendered":"<p><img data-recalc-dims=\"1\" fetchpriority=\"high\" decoding=\"async\" class=\"size-full wp-image-11589 aligncenter\" src=\"https:\/\/i0.wp.com\/vivesanobrasil.org\/wp-content\/uploads\/2020\/07\/Banner-web-Diplo-Cl%C3%ADnica.jpg?resize=2000%2C900&#038;ssl=1\" alt=\"\" width=\"2000\" height=\"900\" \/><\/p>\n<div style=\"text-align: center;\">\n<h1><\/h1>\n<h1><strong><span style=\"font-family: arial, sans-serif; font-size: large;\">Diplomado en Nutrici\u00f3n Cl\u00ednica.<\/span><\/strong><\/h1>\n<div><span style=\"font-family: arial, sans-serif;\"><span id=\"m_-4729059755907938603m_4777942410143003916gmail-docs-internal-guid-9b50befe-7fff-9ae0-f826-7296ee5d7a1a\">Los estudios han encontrado que la alteraci\u00f3n persistente del metabolismo de los nutrientes y \/ o la homeostasis de la energ\u00eda, causada por deficiencia o exceso de nutrientes, induce estr\u00e9s celular que conduce a la desregulaci\u00f3n metab\u00f3lica y al da\u00f1o tisular, y finalmente al desarrollo de s\u00edndromes metab\u00f3licos adquiridos. El reciente aumento en la prevalencia de enfermedades relacionadas con la nutrici\u00f3n y problemas de salud intensifica la demanda de profesionales de la nutrici\u00f3n cl\u00ednica altamente calificados. Asimismo, en el futuro, se proyecta una gran demanda de especialistas en esta \u00e1rea. La profesi\u00f3n del nutricionista cl\u00ednico desempe\u00f1a un papel activo en la sociedad. Su rol es contribuir de manera efectiva al desarrollo de la atenci\u00f3n oportuna del cliente\/paciente mediante la capacitaci\u00f3n de profesionales de la salud altamente calificados, basados en un programa de bien estructurado. En el proceso, se pretende brindar herramientas para el de desarrollo de nuevas habilidades que busquen mejorar y desarrollar sus capacidades. Este programa pretende proporcionar conocimientos basados en casos reales de pacientes, discusiones grupales, evaluaciones cr\u00edticas de la investigaci\u00f3n y un enfoque pr\u00e1ctico para el afianzamiento del aprendizaje.<\/span>\u00a0\u00a0<\/span><\/div>\n<\/div>\n<div style=\"text-align: center;\"><\/div>\n<p>&nbsp;<\/p>\n<div><\/div>\n<div>\n<div><\/div>\n<div style=\"text-align: center;\">\n<h2 dir=\"ltr\"><strong>Objetivo General<\/strong><\/h2>\n<p dir=\"ltr\">Exponer los elementos b\u00e1sicos que deben fijar los criterios de intervenci\u00f3n terap\u00e9utica y los objetivos a alcanzar; conocer las diferentes estrategias terap\u00e9uticas y preventivas de las patolog\u00edas m\u00e1s prevalentes de nuestra sociedad; formar profesional de excelencia, capaz de trabajar en equipos interdisciplinarios, y demostrar conocimientos actualizados de la nutrici\u00f3n humana como competencias avanzadas para el manejo nutricional de las personas que sufren enfermedades que interfieren con una adecuada nutrici\u00f3n o bien cursan enfermedades de origen nutricional, basando sus decisiones y actuar cl\u00ednico en la evidencia cient\u00edfica disponible<\/p>\n<p dir=\"ltr\">\n<\/div>\n<\/div>\n<div><img data-recalc-dims=\"1\" decoding=\"async\" class=\"size-full wp-image-11710 aligncenter\" src=\"https:\/\/i0.wp.com\/vivesanobrasil.org\/wp-content\/uploads\/2020\/07\/11.jpg?resize=1414%2C2000&#038;ssl=1\" alt=\"\" width=\"1414\" height=\"2000\" \/><\/div>\n<div>\n<div>\n<div style=\"text-align: center;\">\n<div>\n<div><img data-recalc-dims=\"1\" decoding=\"async\" class=\"size-full wp-image-11709 aligncenter\" src=\"https:\/\/i0.wp.com\/vivesanobrasil.org\/wp-content\/uploads\/2020\/07\/21.jpg?resize=1414%2C2000&#038;ssl=1\" alt=\"\" width=\"1414\" height=\"2000\" \/><\/div>\n<div><img data-recalc-dims=\"1\" loading=\"lazy\" decoding=\"async\" class=\"size-full wp-image-11708 aligncenter\" src=\"https:\/\/i0.wp.com\/vivesanobrasil.org\/wp-content\/uploads\/2020\/07\/31.jpg?resize=1414%2C2000&#038;ssl=1\" alt=\"\" width=\"1414\" height=\"2000\" \/><\/div>\n<\/div>\n<\/div>\n<div><img data-recalc-dims=\"1\" loading=\"lazy\" decoding=\"async\" class=\"size-full wp-image-11707 aligncenter\" src=\"https:\/\/i0.wp.com\/vivesanobrasil.org\/wp-content\/uploads\/2020\/07\/41.jpg?resize=1414%2C2000&#038;ssl=1\" alt=\"\" width=\"1414\" height=\"2000\" \/><\/div>\n<div style=\"text-align: center;\">\n<div>\n<div><\/div>\n<div><span style=\"color: #000000;\">Te traemos los mejores docentes, con amplia trayectoria profesional y acad\u00e9mica.<br \/>\n<\/span><\/div>\n<div>Conoce todo el programa en este <a href=\"https:\/\/vivesanobrasil.org\/wp-content\/uploads\/2020\/07\/Programa-Diplomado-Cl%C3%ADnica-1.pdf\">enlace<\/a><\/div>\n<div><a href=\"https:\/\/vivesanobrasil.org\/wp-content\/uploads\/2020\/07\/Programa-Diplomado-Cl%C3%ADnica-1.pdf\">https:\/\/vivesanobrasil.org\/wp-content\/uploads\/2020\/07\/Programa-Diplomado-Cl%C3%ADnica-1.pdf<\/a><\/div>\n<div><\/div>\n<\/div>\n<div>\n<div>\n<div><b><u>Alumnos nuevos:<\/u><\/b><\/div>\n<div><b>*Chile: 310.000 Pesos Chilenos\u00a0<\/b><\/div>\n<div><b>*Colombia: 1.450.000 Pesos Colombianos<\/b><\/div>\n<div><b>\u00a0*Argentina: 26.500 Pesos Argentinos<\/b><\/div>\n<div><b>**Resto de pa\u00edses: USD 370 (D\u00f3lares Americanos)<\/b><\/div>\n<div><\/div>\n<div><b>Usuarios con cursos anteriores pagan con 10% menos sobre el monto, Pd: NO SE REGRESAR\u00c1 DINERO LUEGO DE EFECTUADO EL PAGO.<\/b><\/div>\n<div><b><u>Alumnos regulares y\/o ex-alumnos<\/u><\/b><\/div>\n<div>\n<div><b>*Chile: 279.000 Pesos Chilenos<\/b><\/div>\n<div><b>*Colombia: 1.305.000 Pesos Colombianos<\/b><\/div>\n<div><b>\u00a0*Argentina: 23.850 Pesos Argentinos<\/b><\/div>\n<div><b>**Resto de pa\u00edses: USD 333 (D\u00f3lares Americanos)<\/b><\/div>\n<\/div>\n<\/div>\n<\/div>\n<\/div>\n<\/div>\n<div>\n<div>\n<div style=\"text-align: center;\">\n<div>\n<div>\n<div>\n<div>\n<div><\/div>\n<\/div>\n<\/div>\n<\/div>\n<\/div>\n<\/div>\n<div><img data-recalc-dims=\"1\" loading=\"lazy\" decoding=\"async\" class=\"wp-image-12626 size-full aligncenter\" src=\"https:\/\/i0.wp.com\/vivesanobrasil.org\/wp-content\/uploads\/2020\/07\/Pago-feed-scaled.jpg?resize=2048%2C2048&#038;ssl=1\" alt=\"\" width=\"2048\" height=\"2048\" \/><\/div>\n<\/div>\n<div>\n<div style=\"text-align: center;\">\n<div><\/div>\n<div>\n<div>Leer bien las condiciones de pago(montos y valores), ya que no se devuelve el dinero ni se formaliza inscripci\u00f3n con pagos incompletos.<\/div>\n<div><b><i>\u00a0<\/i><\/b><\/div>\n<div>\n<div><\/div>\n<div><b><i>Si perteneces al Colegio de nutricionistas de Chile o Colombia (COLNUD) o al Colegio de graduados en nutrici\u00f3n 1era\u00a0o 2da circunscripci\u00f3n (Ciudad del Rosario, Argentina),\u00a0Asociaci\u00f3n Nacional de Nutricionistas del Ecuador (ANNE),\u00a0o al Colegio de Nutri\u00f3logos de M\u00e9xico,\u00a0<\/i><\/b><b><i>y estas solvente,<\/i><\/b><b><i>\u00a0puedes enviarnos tu constancia para que puedas optar por tus beneficios de descuentos especiales.<\/i><\/b><\/div>\n<div><b><i>\u00a0<\/i><\/b><\/div>\n<div><b><i>Si eres estudiante\/ egresado o docente de la universidad del SEK o de la UNAB (Chile), puedes gozar de un \u00fanico descuento de 20% (no sumable) para tu inscripci\u00f3n. Antes de realizar tu pago debes enviar una constancia o comprobante de ello para que seas autorizado(a).<\/i><\/b><\/div>\n<div><b><i>\u00a0<\/i><\/b><\/div>\n<div>\u00a0 *Valor para pagos por transferencia electronica o deposito bancario.\u00a0<b><i><br \/>\n<\/i><\/b><\/div>\n<div>**Para pagos por tarjeta de cr\u00e9dito v\u00eda PayPal, el valor correspondiente a su moneda local al momento de la conversi\u00f3n depende de la tasa cambiaria de su pa\u00eds, el valor en USD siempre ser\u00e1 fijo.<\/div>\n<div><\/div>\n<div>\n<div><b><i>Para pagar con tarjeta de cr\u00e9dito accede a:\u00a0<\/i><\/b><\/div>\n<div><a href=\"https:\/\/vivesanobrasil.org\/inscripciones\/\" target=\"_blank\" rel=\"noopener noreferrer\" data-saferedirecturl=\"https:\/\/www.google.com\/url?q=https:\/\/vivesanobrasil.org\/inscripciones\/&amp;source=gmail&amp;ust=1594955601385000&amp;usg=AFQjCNG_z8QwCGWLron0lfWxg5rkyCkxpg\">https:\/\/vivesanobrasil.org\/<wbr \/>inscripciones\/<\/a><\/div>\n<\/div>\n<div><a href=\"https:\/\/forms.gle\/d1PCVJZmcdZszHAZ6\"><img data-recalc-dims=\"1\" loading=\"lazy\" decoding=\"async\" class=\"alignnone wp-image-8336 size-full\" src=\"https:\/\/i0.wp.com\/vivesanobrasil.org\/wp-content\/uploads\/2020\/04\/Cinta-de-pago-Diplomado.png?resize=1650%2C300&#038;ssl=1\" alt=\"\" width=\"1650\" height=\"300\" \/><\/a><\/div>\n<div>\n<div><\/div>\n<div><\/div>\n<div><\/div>\n<\/div>\n<\/div>\n<\/div>\n<\/div>\n<div>\n<div><\/div>\n<\/div>\n<\/div>\n<\/div>\n<\/div>\n<div><\/div>\n<div><\/div>\n<div><\/div>\n<div><\/div>\n<div class='cb-post-url-qr-code'><br><img src='https:\/\/api.qrserver.com\/v1\/create-qr-code\/?size=185x185&ecc=L&qzone=1&data=https%3A%2F%2Fvivesanobrasil.org%2Fpb%2Fdiplomado-en-nutricion-clinica%2F' alt='Diplomado en Nutrici\u00f3n Cl\u00ednica.'\/><\/div>","protected":false},"excerpt":{"rendered":"<p>Diplomado en Nutrici\u00f3n Cl\u00ednica. Los estudios han encontrado que la alteraci\u00f3n persistente del metabolismo de los nutrientes y \/ o la homeostasis de la energ\u00eda, causada por deficiencia o exceso de nutrientes, induce estr\u00e9s celular que conduce a la desregulaci\u00f3n metab\u00f3lica y al da\u00f1o tisular, y finalmente al desarrollo de s\u00edndromes metab\u00f3licos adquiridos. El reciente [&hellip;]<\/p>\n","protected":false},"author":135836161,"featured_media":0,"comment_status":"open","ping_status":"open","sticky":false,"template":"","format":"standard","meta":{"_acf_changed":false,"_coblocks_attr":"","_coblocks_dimensions":"","_coblocks_responsive_height":"","_coblocks_accordion_ie_support":"","_crdt_document":"","om_disable_all_campaigns":false,"_monsterinsights_skip_tracking":false,"_monsterinsights_sitenote_active":false,"_monsterinsights_sitenote_note":"","_monsterinsights_sitenote_category":0,"_jetpack_newsletter_access":"","_jetpack_dont_email_post_to_subs":false,"_jetpack_newsletter_tier_id":0,"_jetpack_memberships_contains_paywalled_content":false,"_jetpack_memberships_contains_paid_content":false,"footnotes":"","jetpack_publicize_message":"","jetpack_publicize_feature_enabled":true,"jetpack_social_post_already_shared":true,"jetpack_social_options":{"image_generator_settings":{"template":"highway","default_image_id":0,"font":"","enabled":false},"version":2},"_wpas_customize_per_network":false,"jetpack_post_was_ever_published":false},"categories":[675839538],"tags":[],"class_list":["post-11613","post","type-post","status-publish","format-standard","hentry","category-diplomado"],"acf":[],"aioseo_notices":[],"jetpack_publicize_connections":[],"jetpack_featured_media_url":"","jetpack_likes_enabled":true,"jetpack_sharing_enabled":true,"jetpack_shortlink":"https:\/\/wp.me\/p9Ia6I-31j","_links":{"self":[{"href":"https:\/\/vivesanobrasil.org\/pb\/wp-json\/wp\/v2\/posts\/11613","targetHints":{"allow":["GET"]}}],"collection":[{"href":"https:\/\/vivesanobrasil.org\/pb\/wp-json\/wp\/v2\/posts"}],"about":[{"href":"https:\/\/vivesanobrasil.org\/pb\/wp-json\/wp\/v2\/types\/post"}],"author":[{"embeddable":true,"href":"https:\/\/vivesanobrasil.org\/pb\/wp-json\/wp\/v2\/users\/135836161"}],"replies":[{"embeddable":true,"href":"https:\/\/vivesanobrasil.org\/pb\/wp-json\/wp\/v2\/comments?post=11613"}],"version-history":[{"count":0,"href":"https:\/\/vivesanobrasil.org\/pb\/wp-json\/wp\/v2\/posts\/11613\/revisions"}],"wp:attachment":[{"href":"https:\/\/vivesanobrasil.org\/pb\/wp-json\/wp\/v2\/media?parent=11613"}],"wp:term":[{"taxonomy":"category","embeddable":true,"href":"https:\/\/vivesanobrasil.org\/pb\/wp-json\/wp\/v2\/categories?post=11613"},{"taxonomy":"post_tag","embeddable":true,"href":"https:\/\/vivesanobrasil.org\/pb\/wp-json\/wp\/v2\/tags?post=11613"}],"curies":[{"name":"wp","href":"https:\/\/api.w.org\/{rel}","templated":true}]}}