{"id":11810,"date":"2020-07-17T16:02:10","date_gmt":"2020-07-17T19:02:10","guid":{"rendered":"https:\/\/vivesanobrasil.org\/?p=11810"},"modified":"2020-07-26T23:50:16","modified_gmt":"2020-07-27T02:50:16","slug":"certificacion-internacional-nutricion-ejercicio-y-rendimiento-deportivo","status":"publish","type":"post","link":"https:\/\/vivesanobrasil.org\/pb\/certificacion-internacional-nutricion-ejercicio-y-rendimiento-deportivo\/","title":{"rendered":"Certificaci\u00f3n Internacional: Nutrici\u00f3n, Ejercicio y Rendimiento Deportivo"},"content":{"rendered":"<p><a href=\"https:\/\/vivesanobrasil.org\/?attachment_id=7667\" rel=\"attachment wp-att-7667\"><img data-recalc-dims=\"1\" fetchpriority=\"high\" decoding=\"async\" class=\"size-full wp-image-11795 aligncenter\" src=\"https:\/\/i0.wp.com\/vivesanobrasil.org\/wp-content\/uploads\/2020\/07\/Banner-deportiva-web-.jpg?resize=2000%2C900&#038;ssl=1\" alt=\"\" width=\"2000\" height=\"900\" \/><\/a><\/p>\n<h1><\/h1>\n<h1 style=\"text-align: center;\">Certificaci\u00f3n Internacional: Nutrici\u00f3n, Ejercicio y Rendimiento Deportivo<\/h1>\n<div><\/div>\n<div>\n<div>\n<p dir=\"ltr\" style=\"text-align: center;\"><span style=\"color: #000000;\">La actividad f\u00edsica insuficiente se ha identificado como uno de los principales factores para la mortalidad global y se encuentra en aumento en muchos pa\u00edses.\u00a0 Uno de cada cuatro adultos (1.400 millones de personas en el mundo) no realizan los 150 minutos de actividad f\u00edsica de moderada intensidad recomendados por la Organizaci\u00f3n Mundial de la Salud (OMS). A nivel mundial, las mujeres son menos activas (32%) que los hombres (23%) y la actividad se reduce a mayores edades en la mayor\u00eda de los pa\u00edses. Seg\u00fan la OMS, se necesitan acciones aceleradas para revertir las tendencias en Europa central y oriental, los pa\u00edses occidentales de altos ingresos, Am\u00e9rica Latina y el Caribe y el sur de Asia. Dado que la prevalencia global de actividad f\u00edsica insuficiente es estable desde el 2001. Los beneficios de la actividad f\u00edsica para la salud est\u00e1n bien establecidos e incluyen un menor riesgo de enfermedad cardiovascular, hipertensi\u00f3n, diabetes y c\u00e1ncer de mama y colon. Adem\u00e1s, tiene efectos positivos sobre la salud mental, retrasa la aparici\u00f3n de la demencia y ayuda a mantener un peso saludable. El ejercicio influye de forma positiva sobre el metabolismo, no s\u00f3lo por sus efectos bien conocidos sobre el metabolismo del m\u00fasculo esquel\u00e9tico, sino tambi\u00e9n como resultado de las adaptaciones metab\u00f3licas que confiere en muchos otros tejidos. La comunidad cient\u00edfica biom\u00e9dica ha reconocido plenamente los efectos eficaces del ejercicio en la prevenci\u00f3n y el tratamiento de las enfermedades metab\u00f3licas, incluso demostrando ser m\u00e1s potentes que algunos agentes farmacol\u00f3gicos. El Curso est\u00e1 dise\u00f1ado para los profesionales de la salud que desean obtener una comprensi\u00f3n m\u00e1s profunda de la actividad f\u00edsica y generar aportes importantes desde su disciplina y especialidad, orientando a los clientes\/pacientes a implementar h\u00e1bitos donde prevalezca la alimentaci\u00f3n saludable y la actividad f\u00edsica. Los alumnos podr\u00e1n conocer, a trav\u00e9s del equipo de profesores y del contenido de las actividades docentes, a importantes redes nacionales e internacionales de expertos que lideran investigaciones de vanguardia relacionadas con el tema.<\/span><\/p>\n<\/div>\n<\/div>\n<div><\/div>\n<div><img data-recalc-dims=\"1\" decoding=\"async\" class=\"size-full wp-image-11797 aligncenter\" src=\"https:\/\/i0.wp.com\/vivesanobrasil.org\/wp-content\/uploads\/2020\/07\/Certificaci%C3%B3n-Deportiva-Feed-scaled.jpg?resize=2048%2C2048&#038;ssl=1\" alt=\"\" width=\"2048\" height=\"2048\" \/><\/div>\n<div><\/div>\n<div>\n<div><\/div>\n<div style=\"text-align: center;\">\n<div><strong>Objetivo General<\/strong><\/div>\n<div><\/div>\n<div><span id=\"m_4930824850642270619gmail-m_-5183956221062786249m_-5367492561039364798gmail-docs-internal-guid-ff75befb-7fff-f8ac-2166-8702218f0102\">Aprende las bases fisiol\u00f3gicas y cient\u00edficas que sustentan las adaptaciones al entrenamiento, la nutrici\u00f3n y la competencia deportiva. Seg\u00fan las \u00faltimas evidencias cient\u00edficas en fisiolog\u00eda y nutrici\u00f3n, se analizar\u00e1n exhaustivamente el consumo energ\u00e9tico de los deportes c\u00edclicos y ac\u00edclicos, m\u00e9todos de entrenamiento y su correcta aplicaci\u00f3n a la pr\u00e1ctica. Completa todas las \u00e1reas necesarias que requieren los profesionales de la nutrici\u00f3n deportiva y ciencias del ejercicio f\u00edsico profundizando en nutrici\u00f3n, hidrataci\u00f3n, suplementaci\u00f3n deportiva y otros ejes tem\u00e1ticos de gran importancia. Esta certificaci\u00f3n nace con la intenci\u00f3n de mejorar el desempe\u00f1o de los profesionistas de estas \u00e1reas del conocimiento, brind\u00e1ndoles herramientas acad\u00e9mico-cient\u00edficas que unifiquen criterios en la atenci\u00f3n nutricional del ser humano activo.<\/span><\/div>\n<div><\/div>\n<\/div>\n<div><\/div>\n<div><\/div>\n<\/div>\n<div><\/div>\n<div><img data-recalc-dims=\"1\" decoding=\"async\" class=\"size-full wp-image-11802 aligncenter\" src=\"https:\/\/i0.wp.com\/vivesanobrasil.org\/wp-content\/uploads\/2020\/07\/2-6.jpg?resize=1414%2C2000&#038;ssl=1\" alt=\"\" width=\"1414\" height=\"2000\" \/><\/div>\n<div><img data-recalc-dims=\"1\" loading=\"lazy\" decoding=\"async\" class=\"size-full wp-image-11803 aligncenter\" src=\"https:\/\/i0.wp.com\/vivesanobrasil.org\/wp-content\/uploads\/2020\/07\/3-5.jpg?resize=1414%2C2000&#038;ssl=1\" alt=\"\" width=\"1414\" height=\"2000\" \/><\/div>\n<div>\n<div>\n<div style=\"text-align: center;\">\n<div>\n<div>\n<div><\/div>\n<div><a href=\"https:\/\/vivesanobrasil.org\/wp-content\/uploads\/2020\/07\/Programa-deportiva-1.pdf\"><img data-recalc-dims=\"1\" loading=\"lazy\" decoding=\"async\" class=\"size-full wp-image-11804 aligncenter\" src=\"https:\/\/i0.wp.com\/vivesanobrasil.org\/wp-content\/uploads\/2020\/07\/Programa-deportiva-foto-portada.jpg?resize=1920%2C1080&#038;ssl=1\" alt=\"\" width=\"1920\" height=\"1080\" \/><\/a><\/div>\n<div><\/div>\n<div><\/div>\n<\/div>\n<\/div>\n<div>\n<div>\n<div>\n<div><b><u>Alumnos nuevos:<\/u><\/b><\/div>\n<div><b>*Chile: 70.000 Pesos Chilenos\u00a0<\/b><\/div>\n<div><b>*Colombia: 310.000 Pesos Colombianos<\/b><\/div>\n<div><b>\u00a0*Argentina: 6.070 Pesos Argentinos<\/b><\/div>\n<div><b>**Resto de pa\u00edses: USD 85 (D\u00f3lares Americanos)<\/b><\/div>\n<div><b>\u00a0<\/b><\/div>\n<div><\/div>\n<div><b>Usuarios con cursos anteriores pagan con 10% menos sobre el monto, Pd: NO SE REGRESAR\u00c1 DINERO LUEGO DE EFECTUADO EL PAGO.<\/b><\/div>\n<div><b>\u00a0<\/b><\/div>\n<div><b><u>Alumnos regulares y\/o ex-alumnos<\/u><\/b><\/div>\n<div>\n<div><b>*Chile: 63.000 Pesos Chilenos<\/b><\/div>\n<div><b>*Colombia: 279.000 Pesos Colombianos<\/b><\/div>\n<div><b>\u00a0*Argentina: 5470 Pesos Argentinos<\/b><\/div>\n<div><b>**Resto de pa\u00edses: USD 76,5 (D\u00f3lares Americanos)<\/b><\/div>\n<\/div>\n<\/div>\n<\/div>\n<\/div>\n<\/div>\n<\/div>\n<div>\n<div>\n<div>\n<div><\/div>\n<\/div>\n<div>\n<p><img data-recalc-dims=\"1\" loading=\"lazy\" decoding=\"async\" class=\"alignnone wp-image-12626 size-full\" src=\"https:\/\/i0.wp.com\/vivesanobrasil.org\/wp-content\/uploads\/2020\/07\/Pago-feed-scaled.jpg?resize=2048%2C2048&#038;ssl=1\" alt=\"\" width=\"2048\" height=\"2048\" \/><\/p>\n<div style=\"text-align: center;\">Leer bien las condiciones de pago(montos y valores), ya que no se devuelve el dinero ni se formaliza inscripci\u00f3n con pagos incompletos.<\/div>\n<div style=\"text-align: center;\"><b><i>\u00a0<\/i><\/b><\/div>\n<div>\n<div style=\"text-align: center;\"><\/div>\n<div style=\"text-align: center;\"><b><i>Si perteneces al Colegio de Nutricionistas de Chile, Colombia, 1era\u00a0 o 2da circunscripci\u00f3n (Ciudad del Rosario, Argentina),\u00a0Asociaci\u00f3n Nacional de Nutricionistas del Ecuador (ANNE),\u00a0o al Colegio de Nutri\u00f3logos de M\u00e9xico,\u00a0<\/i><\/b><b><i>y estas solvente,<\/i><\/b><b><i>\u00a0puedes enviarnos tu constancia para que puedas optar por tus beneficios de descuentos especiales.<\/i><\/b><\/div>\n<div style=\"text-align: center;\"><b><i>\u00a0<\/i><\/b><\/div>\n<div style=\"text-align: center;\"><b><i>Si eres estudiante\/ egresado o docente de la universidad del SEK o de la UNAB (Chile), puedes gozar de un \u00fanico descuento de 20% (no sumable) para tu inscripci\u00f3n. Antes de realizar tu pago debes enviar una constancia o comprobante de ello para que seas autorizado(a).<\/i><\/b><\/div>\n<div style=\"text-align: center;\"><b><i>\u00a0<\/i><\/b><\/div>\n<div style=\"text-align: center;\">\u00a0 *Valor para pagos por transferencia electronica o deposito bancario.\u00a0<b><i><br \/>\n<\/i><\/b><\/div>\n<div style=\"text-align: center;\">**Para pagos por tarjeta de cr\u00e9dito v\u00eda PayPal, el valor correspondiente a su moneda local al momento de la conversi\u00f3n depende de la tasa cambiaria de su pa\u00eds, el valor en USD siempre ser\u00e1 fijo.<\/div>\n<div style=\"text-align: center;\"><\/div>\n<div>\n<div>\n<div style=\"text-align: center;\">\n<div><b><i>Para pagar con tarjeta de cr\u00e9dito accede a:\u00a0<\/i><\/b><\/div>\n<div><a href=\"https:\/\/vivesanobrasil.org\/inscripciones\/\" target=\"_blank\" rel=\"noopener noreferrer\" data-saferedirecturl=\"https:\/\/www.google.com\/url?q=https:\/\/vivesanobrasil.org\/inscripciones\/&amp;source=gmail&amp;ust=1595091866365000&amp;usg=AFQjCNEs32f2P6czSa5GpCo5tX1MuIZNgg\">https:\/\/vivesanobrasil.org\/<wbr \/>inscripciones\/<\/a><\/div>\n<\/div>\n<div><\/div>\n<\/div>\n<\/div>\n<\/div>\n<\/div>\n<\/div>\n<div>\n<div>\n<div><\/div>\n<div><a href=\"https:\/\/docs.google.com\/forms\/d\/e\/1FAIpQLSf2rVBFHkJBIzLIdeSx8UQ0pPfg6qjdSVAg3MjKafxD7FedKg\/viewform\"><img data-recalc-dims=\"1\" loading=\"lazy\" decoding=\"async\" class=\"aligncenter wp-image-7691 size-full\" src=\"https:\/\/i0.wp.com\/vivesanobrasil.org\/wp-content\/uploads\/2020\/04\/unnamed-2.png?resize=1650%2C300&#038;ssl=1\" alt=\"\" width=\"1650\" height=\"300\" \/><\/a><\/div>\n<\/div>\n<\/div>\n<\/div>\n<\/div>\n<div><\/div>\n<div><\/div>\n<div><\/div>\n<div><\/div>\n<div class='cb-post-url-qr-code'><br><img src='https:\/\/api.qrserver.com\/v1\/create-qr-code\/?size=185x185&ecc=L&qzone=1&data=https%3A%2F%2Fvivesanobrasil.org%2Fpb%2Fcertificacion-internacional-nutricion-ejercicio-y-rendimiento-deportivo%2F' alt='Certificaci\u00f3n Internacional: Nutrici\u00f3n, Ejercicio y Rendimiento Deportivo'\/><\/div>","protected":false},"excerpt":{"rendered":"<p>Certificaci\u00f3n Internacional: Nutrici\u00f3n, Ejercicio y Rendimiento Deportivo La actividad f\u00edsica insuficiente se ha identificado como uno de los principales factores para la mortalidad global y se encuentra en aumento en muchos pa\u00edses.\u00a0 Uno de cada cuatro adultos (1.400 millones de personas en el mundo) no realizan los 150 minutos de actividad f\u00edsica de moderada intensidad [&hellip;]<\/p>\n","protected":false},"author":135836161,"featured_media":0,"comment_status":"open","ping_status":"open","sticky":false,"template":"","format":"standard","meta":{"_acf_changed":false,"_coblocks_attr":"","_coblocks_dimensions":"","_coblocks_responsive_height":"","_coblocks_accordion_ie_support":"","_crdt_document":"","om_disable_all_campaigns":false,"_monsterinsights_skip_tracking":false,"_monsterinsights_sitenote_active":false,"_monsterinsights_sitenote_note":"","_monsterinsights_sitenote_category":0,"_jetpack_newsletter_access":"","_jetpack_dont_email_post_to_subs":false,"_jetpack_newsletter_tier_id":0,"_jetpack_memberships_contains_paywalled_content":false,"_jetpack_memberships_contains_paid_content":false,"footnotes":"","jetpack_publicize_message":"","jetpack_publicize_feature_enabled":true,"jetpack_social_post_already_shared":true,"jetpack_social_options":{"image_generator_settings":{"template":"highway","default_image_id":0,"font":"","enabled":false},"version":2},"_wpas_customize_per_network":false,"jetpack_post_was_ever_published":false},"categories":[675839539],"tags":[],"class_list":["post-11810","post","type-post","status-publish","format-standard","hentry","category-certificacion"],"acf":[],"aioseo_notices":[],"jetpack_publicize_connections":[],"jetpack_featured_media_url":"","jetpack_likes_enabled":true,"jetpack_sharing_enabled":true,"jetpack_shortlink":"https:\/\/wp.me\/p9Ia6I-34u","_links":{"self":[{"href":"https:\/\/vivesanobrasil.org\/pb\/wp-json\/wp\/v2\/posts\/11810","targetHints":{"allow":["GET"]}}],"collection":[{"href":"https:\/\/vivesanobrasil.org\/pb\/wp-json\/wp\/v2\/posts"}],"about":[{"href":"https:\/\/vivesanobrasil.org\/pb\/wp-json\/wp\/v2\/types\/post"}],"author":[{"embeddable":true,"href":"https:\/\/vivesanobrasil.org\/pb\/wp-json\/wp\/v2\/users\/135836161"}],"replies":[{"embeddable":true,"href":"https:\/\/vivesanobrasil.org\/pb\/wp-json\/wp\/v2\/comments?post=11810"}],"version-history":[{"count":0,"href":"https:\/\/vivesanobrasil.org\/pb\/wp-json\/wp\/v2\/posts\/11810\/revisions"}],"wp:attachment":[{"href":"https:\/\/vivesanobrasil.org\/pb\/wp-json\/wp\/v2\/media?parent=11810"}],"wp:term":[{"taxonomy":"category","embeddable":true,"href":"https:\/\/vivesanobrasil.org\/pb\/wp-json\/wp\/v2\/categories?post=11810"},{"taxonomy":"post_tag","embeddable":true,"href":"https:\/\/vivesanobrasil.org\/pb\/wp-json\/wp\/v2\/tags?post=11810"}],"curies":[{"name":"wp","href":"https:\/\/api.w.org\/{rel}","templated":true}]}}