{"id":1237,"date":"2019-09-13T20:21:30","date_gmt":"2019-09-13T23:21:30","guid":{"rendered":"http:\/\/vivesanobrasil.org\/?p=1237"},"modified":"2020-01-08T17:04:04","modified_gmt":"2020-01-08T20:04:04","slug":"certificacion-internacional-en-nutricion-deportiva","status":"publish","type":"post","link":"https:\/\/vivesanobrasil.org\/pb\/certificacion-internacional-en-nutricion-deportiva\/","title":{"rendered":"Certificaci\u00f3n Internacional en Nutrici\u00f3n Deportiva."},"content":{"rendered":"\r\n<p class=\"wp-block-paragraph\">Les traemos una certificaci\u00f3n internacional en nutrici\u00f3n deportiva, una capacitaci\u00f3n con enfoques pr\u00e1cticos, cientificos, y actualizados sobre esta ciencia. Esta certificaci\u00f3n cuenta con un programa dise\u00f1ado desde el mas alto rigor metodologico.<\/p>\r\n\r\n\r\n\r\n<p class=\"wp-block-paragraph\">Te invitamos a leer nuestro contenido programatico y conocer un poco sobre cada docente.<\/p>\r\n\r\n\r\n\r\n<ul class=\"wp-block-gallery columns-3 is-cropped wp-block-gallery-1 is-layout-flex wp-block-gallery-is-layout-flex\"><li class=\"blocks-gallery-item\"><figure><img data-recalc-dims=\"1\" decoding=\"async\" src=\"https:\/\/i0.wp.com\/vivesanobrasil.org\/wp-content\/uploads\/2019\/09\/certifiacic3b3n-internacional-en-nutricic3b3n-deportiva-2.png?ssl=1\" alt=\"\" data-id=\"1226\" class=\"wp-image-1226\" \/><\/figure><\/li><li class=\"blocks-gallery-item\"><figure><img data-recalc-dims=\"1\" decoding=\"async\" src=\"https:\/\/i0.wp.com\/vivesanobrasil.org\/wp-content\/uploads\/2019\/09\/contenido-programatico-2.png?ssl=1\" alt=\"\" data-id=\"1234\" class=\"wp-image-1234\" \/><\/figure><\/li><li class=\"blocks-gallery-item\"><figure><img data-recalc-dims=\"1\" decoding=\"async\" src=\"https:\/\/i0.wp.com\/vivesanobrasil.org\/wp-content\/uploads\/2019\/09\/3.png?ssl=1\" alt=\"Conoce a nuestos especialistas\" data-id=\"1230\" class=\"wp-image-1230\" \/><\/figure><\/li><li class=\"blocks-gallery-item\"><figure><img data-recalc-dims=\"1\" decoding=\"async\" src=\"https:\/\/i0.wp.com\/vivesanobrasil.org\/wp-content\/uploads\/2019\/09\/4.png?ssl=1\" alt=\"Conoce a nuestos especialistas\" data-id=\"1231\" class=\"wp-image-1231\" \/><\/figure><\/li><li class=\"blocks-gallery-item\"><figure><img data-recalc-dims=\"1\" decoding=\"async\" src=\"https:\/\/i0.wp.com\/vivesanobrasil.org\/wp-content\/uploads\/2019\/09\/maximiliano-kammerer.png?ssl=1\" alt=\"Conoce a nuestos especialistas\" data-id=\"1232\" class=\"wp-image-1232\" \/><\/figure><\/li><li class=\"blocks-gallery-item\"><figure><img data-recalc-dims=\"1\" decoding=\"async\" src=\"https:\/\/i0.wp.com\/vivesanobrasil.org\/wp-content\/uploads\/2019\/09\/11-1.png?ssl=1\" alt=\"Conoce a nuestos especialistas\" data-id=\"1229\" class=\"wp-image-1229\" \/><\/figure><\/li><\/ul>\r\n\r\n\r\n\r\n<p class=\"wp-block-paragraph\" style=\"text-align:center;\">Amplia tus conocimientos, Inicio: 14\/10\/2019<\/p>\r\n\r\n\r\n\r\n<p style=\"text-align:center;\" class=\"has-large-font-size wp-block-paragraph\"><strong>Para inscripciones, y montos haz click en:<\/strong><\/p>\r\n\r\n\r\n\r\n<p class=\"wp-block-paragraph\"> <a href=\"https:\/\/vivesanobrasil.org\/inscripciones-2\/\">https:\/\/vivesanobrasil.org\/inscripciones-2\/<\/a> <\/p>\r\n\r\n\r\n\r\n<figure class=\"wp-block-image size-large\"><img data-recalc-dims=\"1\" decoding=\"async\" src=\"https:\/\/i0.wp.com\/vivesanobrasil.org\/wp-content\/uploads\/2019\/08\/pagos-3.png?ssl=1\" alt=\"\" class=\"wp-image-1141\" \/><\/figure>\r\n<div class='cb-post-url-qr-code'><br><img src='https:\/\/api.qrserver.com\/v1\/create-qr-code\/?size=185x185&ecc=L&qzone=1&data=https%3A%2F%2Fvivesanobrasil.org%2Fpb%2Fcertificacion-internacional-en-nutricion-deportiva%2F' alt='Certificaci\u00f3n Internacional en Nutrici\u00f3n Deportiva.'\/><\/div>","protected":false},"excerpt":{"rendered":"<p>Les traemos una certificaci\u00f3n internacional en nutrici\u00f3n deportiva, una capacitaci\u00f3n con enfoques pr\u00e1cticos, cientificos, y actualizados sobre esta ciencia. Esta certificaci\u00f3n cuenta con un programa dise\u00f1ado desde el mas alto rigor metodologico. Te invitamos a leer nuestro contenido programatico y conocer un poco sobre cada docente. Amplia tus conocimientos, Inicio: 14\/10\/2019 Para inscripciones, y montos [&hellip;]<\/p>\n","protected":false},"author":135836161,"featured_media":0,"comment_status":"open","ping_status":"open","sticky":false,"template":"","format":"standard","meta":{"_acf_changed":false,"_coblocks_attr":"","_coblocks_dimensions":"","_coblocks_responsive_height":"","_coblocks_accordion_ie_support":"","_crdt_document":"","om_disable_all_campaigns":false,"_monsterinsights_skip_tracking":false,"_monsterinsights_sitenote_active":false,"_monsterinsights_sitenote_note":"","_monsterinsights_sitenote_category":0,"_jetpack_newsletter_access":"","_jetpack_dont_email_post_to_subs":false,"_jetpack_newsletter_tier_id":0,"_jetpack_memberships_contains_paywalled_content":false,"_jetpack_memberships_contains_paid_content":false,"footnotes":"","jetpack_publicize_message":"","jetpack_publicize_feature_enabled":true,"jetpack_social_post_already_shared":false,"jetpack_social_options":{"image_generator_settings":{"template":"highway","default_image_id":0,"font":"","enabled":false},"version":2},"_wpas_customize_per_network":false,"jetpack_post_was_ever_published":false},"categories":[1],"tags":[],"class_list":["post-1237","post","type-post","status-publish","format-standard","hentry","category-uncategorized"],"acf":[],"aioseo_notices":[],"jetpack_publicize_connections":[],"jetpack_featured_media_url":"","jetpack_likes_enabled":true,"jetpack_sharing_enabled":true,"jetpack_shortlink":"https:\/\/wp.me\/p9Ia6I-jX","_links":{"self":[{"href":"https:\/\/vivesanobrasil.org\/pb\/wp-json\/wp\/v2\/posts\/1237","targetHints":{"allow":["GET"]}}],"collection":[{"href":"https:\/\/vivesanobrasil.org\/pb\/wp-json\/wp\/v2\/posts"}],"about":[{"href":"https:\/\/vivesanobrasil.org\/pb\/wp-json\/wp\/v2\/types\/post"}],"author":[{"embeddable":true,"href":"https:\/\/vivesanobrasil.org\/pb\/wp-json\/wp\/v2\/users\/135836161"}],"replies":[{"embeddable":true,"href":"https:\/\/vivesanobrasil.org\/pb\/wp-json\/wp\/v2\/comments?post=1237"}],"version-history":[{"count":0,"href":"https:\/\/vivesanobrasil.org\/pb\/wp-json\/wp\/v2\/posts\/1237\/revisions"}],"wp:attachment":[{"href":"https:\/\/vivesanobrasil.org\/pb\/wp-json\/wp\/v2\/media?parent=1237"}],"wp:term":[{"taxonomy":"category","embeddable":true,"href":"https:\/\/vivesanobrasil.org\/pb\/wp-json\/wp\/v2\/categories?post=1237"},{"taxonomy":"post_tag","embeddable":true,"href":"https:\/\/vivesanobrasil.org\/pb\/wp-json\/wp\/v2\/tags?post=1237"}],"curies":[{"name":"wp","href":"https:\/\/api.w.org\/{rel}","templated":true}]}}