{"id":1426,"date":"2019-09-21T16:32:19","date_gmt":"2019-09-21T19:32:19","guid":{"rendered":"http:\/\/vivesanobrasil.org\/?p=1426"},"modified":"2020-01-08T16:59:45","modified_gmt":"2020-01-08T19:59:45","slug":"certificacion-internacional-en-nutricion-deportiva-invitacion-nutricionista-deportiva-veronica-gomez","status":"publish","type":"post","link":"https:\/\/vivesanobrasil.org\/pb\/certificacion-internacional-en-nutricion-deportiva-invitacion-nutricionista-deportiva-veronica-gomez\/","title":{"rendered":"Certificaci\u00f3n Internacional en Nutrici\u00f3n Deportiva.Invitaci\u00f3n Nutricionista Deportiva Ver\u00f3nica Gomez"},"content":{"rendered":"\r\n<p class=\"wp-block-paragraph\">En esta oportunidad la Licenciada Ver\u00f3nica G\u00f3mez, quien es nutricionista deportiva del equipo Estudiantes de M\u00e9rida (VE), quiere hacerles una cordial invitaci\u00f3n.<\/p>\r\n\r\n\r\n\r\n<figure class=\"wp-block-embed-youtube wp-block-embed is-type-rich wp-embed-aspect-16-9 wp-has-aspect-ratio\"><div class=\"wp-block-embed__wrapper\">\r\n<span class=\"embed-youtube\" style=\"text-align:center; display: block;\"><iframe class=\"youtube-player\" width=\"640\" height=\"360\" src=\"https:\/\/www.youtube.com\/embed\/-G9-ZtxTu5k?version=3&#038;rel=1&#038;showsearch=0&#038;showinfo=1&#038;iv_load_policy=1&#038;fs=1&#038;hl=pt-BR&#038;autohide=2&#038;wmode=transparent\" allowfullscreen=\"true\" style=\"border:0;\" sandbox=\"allow-scripts allow-same-origin allow-popups allow-presentation allow-popups-to-escape-sandbox\"><\/iframe><\/span>\r\n<\/div><\/figure>\r\n<div class='cb-post-url-qr-code'><br><img src='https:\/\/api.qrserver.com\/v1\/create-qr-code\/?size=185x185&ecc=L&qzone=1&data=https%3A%2F%2Fvivesanobrasil.org%2Fpb%2Fcertificacion-internacional-en-nutricion-deportiva-invitacion-nutricionista-deportiva-veronica-gomez%2F' alt='Certificaci\u00f3n Internacional en Nutrici\u00f3n Deportiva.Invitaci\u00f3n Nutricionista Deportiva Ver\u00f3nica Gomez'\/><\/div>","protected":false},"excerpt":{"rendered":"<p>En esta oportunidad la Licenciada Ver\u00f3nica G\u00f3mez, quien es nutricionista deportiva del equipo Estudiantes de M\u00e9rida (VE), quiere hacerles una cordial invitaci\u00f3n.<\/p>\n","protected":false},"author":135836161,"featured_media":0,"comment_status":"open","ping_status":"open","sticky":false,"template":"","format":"standard","meta":{"_acf_changed":false,"_coblocks_attr":"","_coblocks_dimensions":"","_coblocks_responsive_height":"","_coblocks_accordion_ie_support":"","_crdt_document":"","om_disable_all_campaigns":false,"_monsterinsights_skip_tracking":false,"_monsterinsights_sitenote_active":false,"_monsterinsights_sitenote_note":"","_monsterinsights_sitenote_category":0,"jetpack_post_was_ever_published":false,"_jetpack_newsletter_access":"","_jetpack_dont_email_post_to_subs":false,"_jetpack_newsletter_tier_id":0,"_jetpack_memberships_contains_paywalled_content":false,"_jetpack_memberships_contains_paid_content":false,"footnotes":"","jetpack_publicize_message":"","jetpack_publicize_feature_enabled":true,"jetpack_social_post_already_shared":false,"jetpack_social_options":{"image_generator_settings":{"template":"highway","default_image_id":0,"font":"","enabled":false},"version":2},"_wpas_customize_per_network":false},"categories":[1],"tags":[],"class_list":["post-1426","post","type-post","status-publish","format-standard","hentry","category-uncategorized"],"acf":[],"aioseo_notices":[],"jetpack_publicize_connections":[],"jetpack_featured_media_url":"","jetpack_likes_enabled":true,"jetpack_sharing_enabled":true,"jetpack_shortlink":"https:\/\/wp.me\/p9Ia6I-n0","_links":{"self":[{"href":"https:\/\/vivesanobrasil.org\/pb\/wp-json\/wp\/v2\/posts\/1426","targetHints":{"allow":["GET"]}}],"collection":[{"href":"https:\/\/vivesanobrasil.org\/pb\/wp-json\/wp\/v2\/posts"}],"about":[{"href":"https:\/\/vivesanobrasil.org\/pb\/wp-json\/wp\/v2\/types\/post"}],"author":[{"embeddable":true,"href":"https:\/\/vivesanobrasil.org\/pb\/wp-json\/wp\/v2\/users\/135836161"}],"replies":[{"embeddable":true,"href":"https:\/\/vivesanobrasil.org\/pb\/wp-json\/wp\/v2\/comments?post=1426"}],"version-history":[{"count":0,"href":"https:\/\/vivesanobrasil.org\/pb\/wp-json\/wp\/v2\/posts\/1426\/revisions"}],"wp:attachment":[{"href":"https:\/\/vivesanobrasil.org\/pb\/wp-json\/wp\/v2\/media?parent=1426"}],"wp:term":[{"taxonomy":"category","embeddable":true,"href":"https:\/\/vivesanobrasil.org\/pb\/wp-json\/wp\/v2\/categories?post=1426"},{"taxonomy":"post_tag","embeddable":true,"href":"https:\/\/vivesanobrasil.org\/pb\/wp-json\/wp\/v2\/tags?post=1426"}],"curies":[{"name":"wp","href":"https:\/\/api.w.org\/{rel}","templated":true}]}}