{"id":1441,"date":"2019-09-26T11:40:33","date_gmt":"2019-09-26T14:40:33","guid":{"rendered":"http:\/\/vivesanobrasil.org\/?p=1441"},"modified":"2020-01-08T16:58:35","modified_gmt":"2020-01-08T19:58:35","slug":"invitacion-a-nuestra-certificacion-en-nutricion-deportiva-de-parte-de-nuestro-profesor-maximiliano-kammerer","status":"publish","type":"post","link":"https:\/\/vivesanobrasil.org\/pb\/invitacion-a-nuestra-certificacion-en-nutricion-deportiva-de-parte-de-nuestro-profesor-maximiliano-kammerer\/","title":{"rendered":"Invitaci\u00f3n a nuestra Certificaci\u00f3n en nutrici\u00f3n deportiva. De parte de nuestro profesor Maximiliano kammerer."},"content":{"rendered":"\r\n<figure class=\"wp-block-video\"><video controls src=\"https:\/\/vivesanobrasil.org\/wp-content\/uploads\/2019\/09\/vid_72910104_162655_697.mp4\"><\/video><\/figure>\r\n\r\n\r\n\r\n<p class=\"wp-block-paragraph\">En esta oportunidad nuestro profesor @nutricionendeporte desde \uf1e8\uf1f4 y su cordial mensaje de invitaci\u00f3n para que se inscriban en nuestra certificaci\u00f3n internacional en nutrici\u00f3n deportiva. Recuerda, cupos limitados.<\/p>\r\n<div class='cb-post-url-qr-code'><br><img src='https:\/\/api.qrserver.com\/v1\/create-qr-code\/?size=185x185&ecc=L&qzone=1&data=https%3A%2F%2Fvivesanobrasil.org%2Fpb%2Finvitacion-a-nuestra-certificacion-en-nutricion-deportiva-de-parte-de-nuestro-profesor-maximiliano-kammerer%2F' alt='Invitaci\u00f3n a nuestra Certificaci\u00f3n en nutrici\u00f3n deportiva. De parte de nuestro profesor Maximiliano kammerer.'\/><\/div>","protected":false},"excerpt":{"rendered":"<p>En esta oportunidad nuestro profesor @nutricionendeporte desde \uf1e8\uf1f4 y su cordial mensaje de invitaci\u00f3n para que se inscriban en nuestra certificaci\u00f3n internacional en nutrici\u00f3n deportiva. Recuerda, cupos limitados.<\/p>\n","protected":false},"author":135836161,"featured_media":0,"comment_status":"open","ping_status":"open","sticky":false,"template":"","format":"standard","meta":{"_acf_changed":false,"_coblocks_attr":"","_coblocks_dimensions":"","_coblocks_responsive_height":"","_coblocks_accordion_ie_support":"","_crdt_document":"","om_disable_all_campaigns":false,"_monsterinsights_skip_tracking":false,"_monsterinsights_sitenote_active":false,"_monsterinsights_sitenote_note":"","_monsterinsights_sitenote_category":0,"_jetpack_newsletter_access":"","_jetpack_dont_email_post_to_subs":false,"_jetpack_newsletter_tier_id":0,"_jetpack_memberships_contains_paywalled_content":false,"_jetpack_memberships_contains_paid_content":false,"footnotes":"","jetpack_publicize_message":"","jetpack_publicize_feature_enabled":true,"jetpack_social_post_already_shared":false,"jetpack_social_options":{"image_generator_settings":{"template":"highway","default_image_id":0,"font":"","enabled":false},"version":2},"_wpas_customize_per_network":false,"jetpack_post_was_ever_published":false},"categories":[1],"tags":[],"class_list":["post-1441","post","type-post","status-publish","format-standard","hentry","category-uncategorized"],"acf":[],"aioseo_notices":[],"jetpack_publicize_connections":[],"jetpack_featured_media_url":"","jetpack_likes_enabled":true,"jetpack_sharing_enabled":true,"jetpack_shortlink":"https:\/\/wp.me\/p9Ia6I-nf","_links":{"self":[{"href":"https:\/\/vivesanobrasil.org\/pb\/wp-json\/wp\/v2\/posts\/1441","targetHints":{"allow":["GET"]}}],"collection":[{"href":"https:\/\/vivesanobrasil.org\/pb\/wp-json\/wp\/v2\/posts"}],"about":[{"href":"https:\/\/vivesanobrasil.org\/pb\/wp-json\/wp\/v2\/types\/post"}],"author":[{"embeddable":true,"href":"https:\/\/vivesanobrasil.org\/pb\/wp-json\/wp\/v2\/users\/135836161"}],"replies":[{"embeddable":true,"href":"https:\/\/vivesanobrasil.org\/pb\/wp-json\/wp\/v2\/comments?post=1441"}],"version-history":[{"count":0,"href":"https:\/\/vivesanobrasil.org\/pb\/wp-json\/wp\/v2\/posts\/1441\/revisions"}],"wp:attachment":[{"href":"https:\/\/vivesanobrasil.org\/pb\/wp-json\/wp\/v2\/media?parent=1441"}],"wp:term":[{"taxonomy":"category","embeddable":true,"href":"https:\/\/vivesanobrasil.org\/pb\/wp-json\/wp\/v2\/categories?post=1441"},{"taxonomy":"post_tag","embeddable":true,"href":"https:\/\/vivesanobrasil.org\/pb\/wp-json\/wp\/v2\/tags?post=1441"}],"curies":[{"name":"wp","href":"https:\/\/api.w.org\/{rel}","templated":true}]}}