{"id":15792,"date":"2020-10-15T13:00:11","date_gmt":"2020-10-15T16:00:11","guid":{"rendered":"https:\/\/vivesanobrasil.org\/?p=15792"},"modified":"2020-10-15T09:12:57","modified_gmt":"2020-10-15T12:12:57","slug":"diplomado-en-nutricion-clinica-3ra-cohorte","status":"publish","type":"post","link":"https:\/\/vivesanobrasil.org\/pb\/diplomado-en-nutricion-clinica-3ra-cohorte\/","title":{"rendered":"Diplomado en Nutrici\u00f3n Cl\u00ednica. 3ra Cohorte."},"content":{"rendered":"\t\t<div data-elementor-type=\"wp-post\" data-elementor-id=\"15792\" class=\"elementor elementor-15792\">\n\t\t\t\t\t\t<section class=\"elementor-section elementor-top-section elementor-element elementor-element-08453a5 elementor-section-stretched elementor-section-full_width elementor-section-height-default elementor-section-height-default\" data-id=\"08453a5\" data-element_type=\"section\" data-settings=\"{&quot;stretch_section&quot;:&quot;section-stretched&quot;}\">\n\t\t\t\t\t\t<div class=\"elementor-container elementor-column-gap-default\">\n\t\t\t\t\t<div class=\"elementor-column elementor-col-100 elementor-top-column elementor-element elementor-element-cb9711a\" data-id=\"cb9711a\" data-element_type=\"column\">\n\t\t\t<div class=\"elementor-widget-wrap elementor-element-populated\">\n\t\t\t\t\t\t\t<\/div>\n\t\t<\/div>\n\t\t\t\t\t<\/div>\n\t\t<\/section>\n\t\t\t\t<section class=\"elementor-section elementor-top-section elementor-element elementor-element-b64bbc2 elementor-section-stretched elementor-section-full_width elementor-section-height-default elementor-section-height-default\" data-id=\"b64bbc2\" data-element_type=\"section\" data-settings=\"{&quot;stretch_section&quot;:&quot;section-stretched&quot;}\">\n\t\t\t\t\t\t<div class=\"elementor-container elementor-column-gap-default\">\n\t\t\t\t\t<div class=\"elementor-column elementor-col-66 elementor-top-column elementor-element elementor-element-106e4f2\" data-id=\"106e4f2\" data-element_type=\"column\">\n\t\t\t<div class=\"elementor-widget-wrap elementor-element-populated\">\n\t\t\t\t\t\t<div class=\"elementor-element elementor-element-ffd0ae4 elementor-widget elementor-widget-heading\" data-id=\"ffd0ae4\" data-element_type=\"widget\" data-widget_type=\"heading.default\">\n\t\t\t\t<div class=\"elementor-widget-container\">\n\t\t\t<h1 class=\"elementor-heading-title elementor-size-default\">Diplomado en Nutrici\u00f3n Cl\u00ednica.\n<\/h1>\t\t<\/div>\n\t\t\t\t<\/div>\n\t\t\t\t<div class=\"elementor-element elementor-element-fd619be elementor-widget elementor-widget-text-editor\" data-id=\"fd619be\" data-element_type=\"widget\" data-widget_type=\"text-editor.default\">\n\t\t\t\t<div class=\"elementor-widget-container\">\n\t\t\t\t\t\t\t<div style=\"text-align: center;\"><div><div><div><p dir=\"ltr\">Los estudios han encontrado que la alteraci\u00f3n persistente del metabolismo de los nutrientes y \/ o la homeostasis de la energ\u00eda, causada por deficiencia o exceso de nutrientes, induce estr\u00e9s celular que conduce a la desregulaci\u00f3n metab\u00f3lica y al da\u00f1o tisular, y finalmente al desarrollo de s\u00edndromes metab\u00f3licos adquiridos. El reciente aumento en la prevalencia de enfermedades relacionadas con la nutrici\u00f3n y problemas de salud intensifica la demanda de profesionales de la nutrici\u00f3n cl\u00ednica altamente calificados. Asimismo, en el futuro, se proyecta una gran demanda de especialistas en esta \u00e1rea. La profesi\u00f3n del nutricionista cl\u00ednico desempe\u00f1a un papel activo en la sociedad. Su rol es contribuir de manera efectiva al desarrollo de la atenci\u00f3n oportuna del cliente\/paciente mediante la capacitaci\u00f3n de profesionales de la salud altamente calificados, basados en un programa de bien estructurado. En el proceso, se pretende brindar herramientas para el desarrollo de nuevas habilidades que busquen mejorar y desarrollar sus capacidades. Este programa pretende proporcionar conocimientos basados en casos reales de pacientes, discusiones grupales, evaluaciones cr\u00edticas de la investigaci\u00f3n y un enfoque pr\u00e1ctico para el afianzamiento del aprendizaje.<\/p><h2 dir=\"ltr\">Objetivo General<\/h2><p>Exponer los elementos b\u00e1sicos que deben fijar los criterios de intervenci\u00f3n terap\u00e9utica y los objetivos a alcanzar; conocer las diferentes estrategias terap\u00e9uticas y preventivas de las patolog\u00edas m\u00e1s prevalentes de nuestra sociedad; formar profesional de excelencia, capaz de trabajar en equipos interdisciplinarios, y demostrar conocimientos actualizados de la nutrici\u00f3n humana como competencias avanzadas para el manejo nutricional de las personas que sufren enfermedades que interfieren con una adecuada nutrici\u00f3n o bien cursan enfermedades de origen nutricional, basando sus decisiones y actuar cl\u00ednico en la evidencia cient\u00edfica disponible<\/p><\/div><\/div><\/div><\/div><div><div><h2 style=\"text-align: center;\">COSTO DE INVERSI\u00d3N<\/h2><div>\u00a0<\/div><div style=\"text-align: center;\">\u00a0<\/div><\/div><\/div><table style=\"width: 100%;\"><tbody><tr><td style=\"width: 50%; text-align: center;\"><b>Alumnos nuevos<\/b><\/td><td style=\"width: 50%; text-align: center;\"><b>Alumnos regulares y\/o ex-alumnos<\/b><\/td><\/tr><tr><td style=\"width: 50.0000%;\"><div style=\"text-align: center;\"><div>*Chile: 372.000 Pesos Chilenos\u00a0<\/div><div>*Colombia: 1.450.000 Pesos Colombianos<\/div><div>\u00a0*Argentina: 26.500 Pesos Argentinos<\/div><div>**Resto de pa\u00edses: USD 370 (D\u00f3lares Americanos)<\/div><\/div><\/td><td style=\"width: 50.0000%;\"><div style=\"text-align: center;\"><div><div><div>*Chile: 334.000 Pesos Chilenos<\/div><div>*Colombia: 1.305.000 Pesos Colombianos<\/div><div>\u00a0*Argentina: 23.850 Pesos Argentinos<\/div><div>**Resto de pa\u00edses: USD 333 (D\u00f3lares Americanos)<\/div><\/div><\/div><\/div><\/td><\/tr><\/tbody><\/table><div><div style=\"text-align: center;\">Leer bien las condiciones de pago(montos y valores), ya que no se devuelve el dinero ni se formaliza inscripci\u00f3n con pagos incompletos.\u00a0\u00a0<\/div><div style=\"text-align: center;\"><b><i>\u00a0<\/i><\/b><\/div><div><div style=\"text-align: center;\">\u00a0<\/div><div style=\"text-align: center;\"><b><i>Si perteneces a la Asociaci\u00f3n Colombiana de Dietistas-Nutricionistas (ACODIN), Colegio de nutricionistas de Colombia (COLNUD), Colegio de graduados en nutrici\u00f3n 1era\u00a0o 2da circunscripci\u00f3n (Ciudad del Rosario, Argentina),\u00a0 Asociaci\u00f3n Nacional de Nutricionistas del Ecuador (ANNE),\u00a0o al Colegio de Nutri\u00f3logos de M\u00e9xico,\u00a0<\/i><\/b><b><i>y estas al dia con tus pagos como colegiado,<\/i><\/b><b><i>\u00a0puedes enviarnos tu constancia para que puedas optar por tus beneficios de descuentos especiales. Tambi\u00e9n s<\/i><\/b><b><i>i eres estudiante\/ egresado o docente de la universidad del SEK o de la UNAB (Chile), puedes gozar de un \u00fanico descuento de 20% (no sumable) para tu inscripci\u00f3n. Antes de realizar tu pago debes enviar una constancia o comprobante de ello para que seas autorizado(a).<\/i><\/b><\/div><div style=\"text-align: center;\"><b><i>\u00a0<\/i><\/b><\/div><div style=\"text-align: center;\">\u00a0 *Valor para pagos por transferencia electr\u00f3nica o dep\u00f3sito bancario.\u00a0<b><i><br \/><\/i><\/b><\/div><div style=\"text-align: center;\">**Para pagos por tarjeta de cr\u00e9dito o d\u00e9bito v\u00eda p\u00e1gina web, el valor correspondiente a su moneda local al momento de la conversi\u00f3n depende de la tasa cambiaria de su pa\u00eds, el valor en USD siempre ser\u00e1 fijo.<\/div><div style=\"text-align: center;\">***Una vez realizado el pago no se har\u00e1 la devoluci\u00f3n del dinero.<\/div><\/div><\/div>\t\t\t\t\t\t<\/div>\n\t\t\t\t<\/div>\n\t\t\t\t<div class=\"elementor-element elementor-element-68ab94d elementor-widget elementor-widget-spacer\" data-id=\"68ab94d\" data-element_type=\"widget\" data-widget_type=\"spacer.default\">\n\t\t\t\t<div class=\"elementor-widget-container\">\n\t\t\t\t\t<div class=\"elementor-spacer\">\n\t\t\t<div class=\"elementor-spacer-inner\"><\/div>\n\t\t<\/div>\n\t\t\t\t<\/div>\n\t\t\t\t<\/div>\n\t\t\t\t<section class=\"elementor-section elementor-inner-section elementor-element elementor-element-4263ffa elementor-section-boxed elementor-section-height-default elementor-section-height-default\" data-id=\"4263ffa\" data-element_type=\"section\">\n\t\t\t\t\t\t<div class=\"elementor-container elementor-column-gap-default\">\n\t\t\t\t\t<div class=\"elementor-column elementor-col-33 elementor-inner-column elementor-element elementor-element-7d320cf\" data-id=\"7d320cf\" data-element_type=\"column\">\n\t\t\t<div class=\"elementor-widget-wrap elementor-element-populated\">\n\t\t\t\t\t\t<div class=\"elementor-element elementor-element-6a7d862 elementor-align-center elementor-widget elementor-widget-button\" data-id=\"6a7d862\" data-element_type=\"widget\" data-widget_type=\"button.default\">\n\t\t\t\t<div class=\"elementor-widget-container\">\n\t\t\t\t\t<div class=\"elementor-button-wrapper\">\n\t\t\t<a class=\"elementor-button elementor-button-link elementor-size-sm\" href=\"https:\/\/vivesanobrasil.org\/wp-content\/uploads\/2020\/10\/Cronograma-Clinica-Cohorte-3.pdf\">\n\t\t\t\t\t\t<span class=\"elementor-button-content-wrapper\">\n\t\t\t\t\t\t\t\t\t<span class=\"elementor-button-text\">Cronograma<\/span>\n\t\t\t\t\t<\/span>\n\t\t\t\t\t<\/a>\n\t\t<\/div>\n\t\t\t\t<\/div>\n\t\t\t\t<\/div>\n\t\t\t\t\t<\/div>\n\t\t<\/div>\n\t\t\t\t<div class=\"elementor-column elementor-col-33 elementor-inner-column elementor-element elementor-element-a7114fd\" data-id=\"a7114fd\" data-element_type=\"column\">\n\t\t\t<div class=\"elementor-widget-wrap elementor-element-populated\">\n\t\t\t\t\t\t<div class=\"elementor-element elementor-element-5a94f51 elementor-align-center elementor-widget elementor-widget-button\" data-id=\"5a94f51\" data-element_type=\"widget\" data-widget_type=\"button.default\">\n\t\t\t\t<div class=\"elementor-widget-container\">\n\t\t\t\t\t<div class=\"elementor-button-wrapper\">\n\t\t\t<a class=\"elementor-button elementor-button-link elementor-size-sm\" href=\"https:\/\/vivesanobrasil.org\/wp-content\/uploads\/2020\/10\/Programa-Dip.-Clinica-Cohorte-3.pdf\">\n\t\t\t\t\t\t<span class=\"elementor-button-content-wrapper\">\n\t\t\t\t\t\t\t\t\t<span class=\"elementor-button-text\">Programa y Docentes<\/span>\n\t\t\t\t\t<\/span>\n\t\t\t\t\t<\/a>\n\t\t<\/div>\n\t\t\t\t<\/div>\n\t\t\t\t<\/div>\n\t\t\t\t\t<\/div>\n\t\t<\/div>\n\t\t\t\t<div class=\"elementor-column elementor-col-33 elementor-inner-column elementor-element elementor-element-f5474f9\" data-id=\"f5474f9\" data-element_type=\"column\">\n\t\t\t<div class=\"elementor-widget-wrap elementor-element-populated\">\n\t\t\t\t\t\t<div class=\"elementor-element elementor-element-573b78b elementor-align-center elementor-widget elementor-widget-button\" data-id=\"573b78b\" data-element_type=\"widget\" data-widget_type=\"button.default\">\n\t\t\t\t<div class=\"elementor-widget-container\">\n\t\t\t\t\t<div class=\"elementor-button-wrapper\">\n\t\t\t<a class=\"elementor-button elementor-button-link elementor-size-sm\" href=\"https:\/\/vivesanobrasil.org\/producto\/diplomado-en-nutricion-clinica-3ra\/\">\n\t\t\t\t\t\t<span class=\"elementor-button-content-wrapper\">\n\t\t\t\t\t\t\t\t\t<span class=\"elementor-button-text\">Inscripciones<\/span>\n\t\t\t\t\t<\/span>\n\t\t\t\t\t<\/a>\n\t\t<\/div>\n\t\t\t\t<\/div>\n\t\t\t\t<\/div>\n\t\t\t\t\t<\/div>\n\t\t<\/div>\n\t\t\t\t\t<\/div>\n\t\t<\/section>\n\t\t\t\t<section class=\"elementor-section elementor-inner-section elementor-element elementor-element-bc84626 elementor-section-boxed elementor-section-height-default elementor-section-height-default\" data-id=\"bc84626\" data-element_type=\"section\">\n\t\t\t\t\t\t<div class=\"elementor-container elementor-column-gap-default\">\n\t\t\t\t\t<div class=\"elementor-column elementor-col-100 elementor-inner-column elementor-element elementor-element-dc6a3f8\" data-id=\"dc6a3f8\" data-element_type=\"column\">\n\t\t\t<div class=\"elementor-widget-wrap elementor-element-populated\">\n\t\t\t\t\t\t<div class=\"elementor-element elementor-element-d170062 elementor-widget elementor-widget-spacer\" data-id=\"d170062\" data-element_type=\"widget\" data-widget_type=\"spacer.default\">\n\t\t\t\t<div class=\"elementor-widget-container\">\n\t\t\t\t\t<div class=\"elementor-spacer\">\n\t\t\t<div class=\"elementor-spacer-inner\"><\/div>\n\t\t<\/div>\n\t\t\t\t<\/div>\n\t\t\t\t<\/div>\n\t\t\t\t<div class=\"elementor-element elementor-element-411d153 elementor-widget elementor-widget-image\" data-id=\"411d153\" data-element_type=\"widget\" data-widget_type=\"image.default\">\n\t\t\t\t<div class=\"elementor-widget-container\">\n\t\t\t\t\t\t\t\t\t\t\t\t\t<img data-recalc-dims=\"1\" decoding=\"async\" src=\"https:\/\/i0.wp.com\/vivesanobrasil.org\/wp-content\/uploads\/2020\/07\/Pago-feed-scaled.jpg?ssl=1\" title=\"\" alt=\"\" loading=\"lazy\" \/>\t\t\t\t\t\t\t\t\t\t\t\t\t<\/div>\n\t\t\t\t<\/div>\n\t\t\t\t\t<\/div>\n\t\t<\/div>\n\t\t\t\t\t<\/div>\n\t\t<\/section>\n\t\t\t\t\t<\/div>\n\t\t<\/div>\n\t\t\t\t<div class=\"elementor-column elementor-col-33 elementor-top-column elementor-element elementor-element-36e042e\" data-id=\"36e042e\" data-element_type=\"column\" data-settings=\"{&quot;background_background&quot;:&quot;classic&quot;}\">\n\t\t\t<div class=\"elementor-widget-wrap elementor-element-populated\">\n\t\t\t\t\t\t<div class=\"elementor-element elementor-element-0c968c1 elementor-widget elementor-widget-image\" data-id=\"0c968c1\" data-element_type=\"widget\" data-widget_type=\"image.default\">\n\t\t\t\t<div class=\"elementor-widget-container\">\n\t\t\t\t\t\t\t\t\t\t\t\t\t<img data-recalc-dims=\"1\" decoding=\"async\" src=\"https:\/\/i0.wp.com\/vivesanobrasil.org\/wp-content\/uploads\/2020\/10\/Horas-programaticas-.jpg?ssl=1\" title=\"\" alt=\"\" loading=\"lazy\" \/>\t\t\t\t\t\t\t\t\t\t\t\t\t<\/div>\n\t\t\t\t<\/div>\n\t\t\t\t<div class=\"elementor-element elementor-element-6ec599e elementor-widget elementor-widget-image\" data-id=\"6ec599e\" data-element_type=\"widget\" data-widget_type=\"image.default\">\n\t\t\t\t<div class=\"elementor-widget-container\">\n\t\t\t\t\t\t\t\t\t\t\t\t\t<img data-recalc-dims=\"1\" decoding=\"async\" src=\"https:\/\/i0.wp.com\/vivesanobrasil.org\/wp-content\/uploads\/2020\/10\/Feed-Diplo-Clinica.jpg?ssl=1\" title=\"\" alt=\"\" loading=\"lazy\" \/>\t\t\t\t\t\t\t\t\t\t\t\t\t<\/div>\n\t\t\t\t<\/div>\n\t\t\t\t<div class=\"elementor-element elementor-element-93bd92d elementor-widget elementor-widget-image\" data-id=\"93bd92d\" data-element_type=\"widget\" data-widget_type=\"image.default\">\n\t\t\t\t<div class=\"elementor-widget-container\">\n\t\t\t\t\t\t\t\t\t\t\t\t\t<img data-recalc-dims=\"1\" decoding=\"async\" src=\"https:\/\/i0.wp.com\/vivesanobrasil.org\/wp-content\/uploads\/2020\/10\/Medios-de-pago.jpg?ssl=1\" title=\"\" alt=\"\" loading=\"lazy\" \/>\t\t\t\t\t\t\t\t\t\t\t\t\t<\/div>\n\t\t\t\t<\/div>\n\t\t\t\t<div class=\"elementor-element elementor-element-10c8fbb elementor-shape-circle elementor-grid-0 e-grid-align-center elementor-widget elementor-widget-social-icons\" data-id=\"10c8fbb\" data-element_type=\"widget\" data-widget_type=\"social-icons.default\">\n\t\t\t\t<div class=\"elementor-widget-container\">\n\t\t\t\t\t<div class=\"elementor-social-icons-wrapper elementor-grid\">\n\t\t\t\t\t\t\t<span class=\"elementor-grid-item\">\n\t\t\t\t\t<a class=\"elementor-icon elementor-social-icon elementor-social-icon-facebook elementor-repeater-item-c2cd806\" href=\"https:\/\/www.facebook.com\/Instituto-Universitario-Vive-Sano-2173662842691788\/\" target=\"_blank\">\n\t\t\t\t\t\t<span class=\"elementor-screen-only\">Facebook<\/span>\n\t\t\t\t\t\t<i class=\"fab fa-facebook\"><\/i>\t\t\t\t\t<\/a>\n\t\t\t\t<\/span>\n\t\t\t\t\t\t\t<span class=\"elementor-grid-item\">\n\t\t\t\t\t<a class=\"elementor-icon elementor-social-icon elementor-social-icon-twitter elementor-repeater-item-1152618\" href=\"https:\/\/twitter.com\/Vivesano_ca\" target=\"_blank\">\n\t\t\t\t\t\t<span class=\"elementor-screen-only\">Twitter<\/span>\n\t\t\t\t\t\t<i class=\"fab fa-twitter\"><\/i>\t\t\t\t\t<\/a>\n\t\t\t\t<\/span>\n\t\t\t\t\t\t\t<span class=\"elementor-grid-item\">\n\t\t\t\t\t<a class=\"elementor-icon elementor-social-icon elementor-social-icon-instagram elementor-repeater-item-36f437c\" href=\"https:\/\/www.instagram.com\/vivesanobrasil\" target=\"_blank\">\n\t\t\t\t\t\t<span class=\"elementor-screen-only\">Instagram<\/span>\n\t\t\t\t\t\t<i class=\"fab fa-instagram\"><\/i>\t\t\t\t\t<\/a>\n\t\t\t\t<\/span>\n\t\t\t\t\t<\/div>\n\t\t\t\t<\/div>\n\t\t\t\t<\/div>\n\t\t\t\t\t<\/div>\n\t\t<\/div>\n\t\t\t\t\t<\/div>\n\t\t<\/section>\n\t\t\t\t<\/div>\n\t\t<div class='cb-post-url-qr-code'><br><img src='https:\/\/api.qrserver.com\/v1\/create-qr-code\/?size=185x185&ecc=L&qzone=1&data=https%3A%2F%2Fvivesanobrasil.org%2Fpb%2Fdiplomado-en-nutricion-clinica-3ra-cohorte%2F' alt='Diplomado en Nutrici\u00f3n Cl\u00ednica. 3ra Cohorte.'\/><\/div>","protected":false},"excerpt":{"rendered":"<p>Diplomado en Nutrici\u00f3n Cl\u00ednica. Los estudios han encontrado que la alteraci\u00f3n persistente del metabolismo de los nutrientes y \/ o la homeostasis de la energ\u00eda, causada por deficiencia o exceso de nutrientes, induce estr\u00e9s celular que conduce a la desregulaci\u00f3n metab\u00f3lica y al da\u00f1o tisular, y finalmente al desarrollo de s\u00edndromes metab\u00f3licos adquiridos. El reciente [&hellip;]<\/p>\n","protected":false},"author":135836161,"featured_media":0,"comment_status":"open","ping_status":"open","sticky":false,"template":"elementor_header_footer","format":"standard","meta":{"_acf_changed":false,"_coblocks_attr":"","_coblocks_dimensions":"","_coblocks_responsive_height":"","_coblocks_accordion_ie_support":"","_crdt_document":"","om_disable_all_campaigns":false,"_monsterinsights_skip_tracking":false,"_monsterinsights_sitenote_active":false,"_monsterinsights_sitenote_note":"","_monsterinsights_sitenote_category":0,"_jetpack_newsletter_access":"","_jetpack_dont_email_post_to_subs":false,"_jetpack_newsletter_tier_id":0,"_jetpack_memberships_contains_paywalled_content":false,"_jetpack_memberships_contains_paid_content":false,"footnotes":"","jetpack_publicize_message":"Certificaci\u00f3n en Lactancia Materna y Alimentaci\u00f3n Complementaria. \u201cImportancia de la nutrici\u00f3n en los primeros 1000 d\u00edas de vida\u201d","jetpack_publicize_feature_enabled":true,"jetpack_social_post_already_shared":true,"jetpack_social_options":{"image_generator_settings":{"template":"highway","default_image_id":0,"font":"","enabled":false},"version":2},"_wpas_customize_per_network":false,"jetpack_post_was_ever_published":false},"categories":[675839541,675839538],"tags":[],"class_list":["post-15792","post","type-post","status-publish","format-standard","hentry","category-actividades-educativas","category-diplomado"],"acf":[],"aioseo_notices":[],"jetpack_publicize_connections":[],"jetpack_featured_media_url":"","jetpack_likes_enabled":true,"jetpack_sharing_enabled":true,"jetpack_shortlink":"https:\/\/wp.me\/p9Ia6I-46I","_links":{"self":[{"href":"https:\/\/vivesanobrasil.org\/pb\/wp-json\/wp\/v2\/posts\/15792","targetHints":{"allow":["GET"]}}],"collection":[{"href":"https:\/\/vivesanobrasil.org\/pb\/wp-json\/wp\/v2\/posts"}],"about":[{"href":"https:\/\/vivesanobrasil.org\/pb\/wp-json\/wp\/v2\/types\/post"}],"author":[{"embeddable":true,"href":"https:\/\/vivesanobrasil.org\/pb\/wp-json\/wp\/v2\/users\/135836161"}],"replies":[{"embeddable":true,"href":"https:\/\/vivesanobrasil.org\/pb\/wp-json\/wp\/v2\/comments?post=15792"}],"version-history":[{"count":0,"href":"https:\/\/vivesanobrasil.org\/pb\/wp-json\/wp\/v2\/posts\/15792\/revisions"}],"wp:attachment":[{"href":"https:\/\/vivesanobrasil.org\/pb\/wp-json\/wp\/v2\/media?parent=15792"}],"wp:term":[{"taxonomy":"category","embeddable":true,"href":"https:\/\/vivesanobrasil.org\/pb\/wp-json\/wp\/v2\/categories?post=15792"},{"taxonomy":"post_tag","embeddable":true,"href":"https:\/\/vivesanobrasil.org\/pb\/wp-json\/wp\/v2\/tags?post=15792"}],"curies":[{"name":"wp","href":"https:\/\/api.w.org\/{rel}","templated":true}]}}