{"id":1596,"date":"2019-10-15T12:59:23","date_gmt":"2019-10-15T15:59:23","guid":{"rendered":"https:\/\/vivesanobrasil.org\/?p=1596"},"modified":"2020-01-08T16:56:59","modified_gmt":"2020-01-08T19:56:59","slug":"2da-cohorte-certificacion-internacional-en-nutricion-deportiva","status":"publish","type":"post","link":"https:\/\/vivesanobrasil.org\/pb\/2da-cohorte-certificacion-internacional-en-nutricion-deportiva\/","title":{"rendered":"2da Cohorte, Certificaci\u00f3n Internacional en Nutrici\u00f3n Deportiva."},"content":{"rendered":"<p><img data-recalc-dims=\"1\" fetchpriority=\"high\" decoding=\"async\" class=\"alignnone size-full wp-image-1597\" src=\"https:\/\/i0.wp.com\/vivesanobrasil.org\/wp-content\/uploads\/2019\/10\/Certifiaci%C3%B3n-internacional-en-nutrici%C3%B3n-deportiva-2.png?resize=1080%2C1920&#038;ssl=1\" alt=\"Certifiaci\u00f3n internacional en nutrici\u00f3n deportiva (2)\" width=\"1080\" height=\"1920\" \/><\/p>\n<p>Para ti, que no alcanzaste a inscribirte en la primera cohorte, te ofrecemos otra oportunidad para acceder a esta certificaci\u00f3n, esta segunda cohorte comienza el 07 de noviembre del 2019.<\/p>\n<p>&nbsp;<\/p>\n<p>Cupos limitados, no dejes tu inscripci\u00f3n para \u00faltimo momento.<\/p>\n<div class='cb-post-url-qr-code'><br><img src='https:\/\/api.qrserver.com\/v1\/create-qr-code\/?size=185x185&ecc=L&qzone=1&data=https%3A%2F%2Fvivesanobrasil.org%2Fpb%2F2da-cohorte-certificacion-internacional-en-nutricion-deportiva%2F' alt='2da Cohorte, Certificaci\u00f3n Internacional en Nutrici\u00f3n Deportiva.'\/><\/div>","protected":false},"excerpt":{"rendered":"<p>Para ti, que no alcanzaste a inscribirte en la primera cohorte, te ofrecemos otra oportunidad para acceder a esta certificaci\u00f3n, esta segunda cohorte comienza el 07 de noviembre del 2019. &nbsp; Cupos limitados, no dejes tu inscripci\u00f3n para \u00faltimo momento.<\/p>\n","protected":false},"author":135836161,"featured_media":0,"comment_status":"open","ping_status":"open","sticky":false,"template":"","format":"standard","meta":{"_acf_changed":false,"_coblocks_attr":"","_coblocks_dimensions":"","_coblocks_responsive_height":"","_coblocks_accordion_ie_support":"","_crdt_document":"","om_disable_all_campaigns":false,"_monsterinsights_skip_tracking":false,"_monsterinsights_sitenote_active":false,"_monsterinsights_sitenote_note":"","_monsterinsights_sitenote_category":0,"_jetpack_newsletter_access":"","_jetpack_dont_email_post_to_subs":false,"_jetpack_newsletter_tier_id":0,"_jetpack_memberships_contains_paywalled_content":false,"_jetpack_memberships_contains_paid_content":false,"footnotes":"","jetpack_publicize_message":"","jetpack_publicize_feature_enabled":true,"jetpack_social_post_already_shared":true,"jetpack_social_options":{"image_generator_settings":{"template":"highway","default_image_id":0,"font":"","enabled":false},"version":2},"_wpas_customize_per_network":false,"jetpack_post_was_ever_published":false},"categories":[1],"tags":[],"class_list":["post-1596","post","type-post","status-publish","format-standard","hentry","category-uncategorized"],"acf":[],"aioseo_notices":[],"jetpack_publicize_connections":[],"jetpack_featured_media_url":"","jetpack_likes_enabled":true,"jetpack_sharing_enabled":true,"jetpack_shortlink":"https:\/\/wp.me\/p9Ia6I-pK","_links":{"self":[{"href":"https:\/\/vivesanobrasil.org\/pb\/wp-json\/wp\/v2\/posts\/1596","targetHints":{"allow":["GET"]}}],"collection":[{"href":"https:\/\/vivesanobrasil.org\/pb\/wp-json\/wp\/v2\/posts"}],"about":[{"href":"https:\/\/vivesanobrasil.org\/pb\/wp-json\/wp\/v2\/types\/post"}],"author":[{"embeddable":true,"href":"https:\/\/vivesanobrasil.org\/pb\/wp-json\/wp\/v2\/users\/135836161"}],"replies":[{"embeddable":true,"href":"https:\/\/vivesanobrasil.org\/pb\/wp-json\/wp\/v2\/comments?post=1596"}],"version-history":[{"count":0,"href":"https:\/\/vivesanobrasil.org\/pb\/wp-json\/wp\/v2\/posts\/1596\/revisions"}],"wp:attachment":[{"href":"https:\/\/vivesanobrasil.org\/pb\/wp-json\/wp\/v2\/media?parent=1596"}],"wp:term":[{"taxonomy":"category","embeddable":true,"href":"https:\/\/vivesanobrasil.org\/pb\/wp-json\/wp\/v2\/categories?post=1596"},{"taxonomy":"post_tag","embeddable":true,"href":"https:\/\/vivesanobrasil.org\/pb\/wp-json\/wp\/v2\/tags?post=1596"}],"curies":[{"name":"wp","href":"https:\/\/api.w.org\/{rel}","templated":true}]}}