{"id":16542,"date":"2020-11-06T20:22:50","date_gmt":"2020-11-06T23:22:50","guid":{"rendered":"https:\/\/vivesanobrasil.org\/?p=16542"},"modified":"2020-11-06T20:24:40","modified_gmt":"2020-11-06T23:24:40","slug":"rol-de-la-emocion-en-la-conducta-alimentaria","status":"publish","type":"post","link":"https:\/\/vivesanobrasil.org\/pb\/rol-de-la-emocion-en-la-conducta-alimentaria\/","title":{"rendered":"Rol de la emoci\u00f3n en la conducta alimentaria"},"content":{"rendered":"\t\t<div data-elementor-type=\"wp-post\" data-elementor-id=\"16542\" class=\"elementor elementor-16542\">\n\t\t\t\t\t\t<section class=\"elementor-section elementor-top-section elementor-element elementor-element-a0df313 elementor-section-boxed elementor-section-height-default elementor-section-height-default\" data-id=\"a0df313\" data-element_type=\"section\">\n\t\t\t\t\t\t<div class=\"elementor-container elementor-column-gap-default\">\n\t\t\t\t\t<div class=\"elementor-column elementor-col-100 elementor-top-column elementor-element elementor-element-be55116\" data-id=\"be55116\" data-element_type=\"column\">\n\t\t\t<div class=\"elementor-widget-wrap elementor-element-populated\">\n\t\t\t\t\t\t<div class=\"elementor-element elementor-element-e660b9f elementor-widget elementor-widget-image\" data-id=\"e660b9f\" data-element_type=\"widget\" data-widget_type=\"image.default\">\n\t\t\t\t<div class=\"elementor-widget-container\">\n\t\t\t\t\t\t\t\t\t\t\t\t\t<img data-recalc-dims=\"1\" decoding=\"async\" src=\"https:\/\/i0.wp.com\/vivesanobrasil.org\/wp-content\/uploads\/2020\/11\/Revision-psiconutricion-1-_-B.jpg?ssl=1\" title=\"\" alt=\"\" loading=\"lazy\" \/>\t\t\t\t\t\t\t\t\t\t\t\t\t<\/div>\n\t\t\t\t<\/div>\n\t\t\t\t<div class=\"elementor-element elementor-element-9a333ab elementor-widget elementor-widget-text-editor\" data-id=\"9a333ab\" data-element_type=\"widget\" data-widget_type=\"text-editor.default\">\n\t\t\t\t<div class=\"elementor-widget-container\">\n\t\t\t\t\t\t\t<p class=\"MsoNormal\" align=\"center\" style=\"text-align:center\"><span lang=\"ES-CL\" style=\"font-family:&quot;Arial&quot;,sans-serif;mso-fareast-font-family:Arial\">Rol de la\nemoci\u00f3n en la conducta alimentaria<o:p><\/o:p><\/span><\/p><p class=\"MsoNormal\" style=\"text-align:justify\"><span lang=\"ES-CL\" style=\"font-family: Arial, sans-serif; color: black; background-image: initial; background-position: initial; background-size: initial; background-repeat: initial; background-attachment: initial; background-origin: initial; background-clip: initial;\">Las emociones en los \u00faltimos a\u00f1os\npresentan mayores estudios relacionados al comportamiento de los patrones de\nconducta alimentaria que pueden verse gatillados por diferentes manifestaciones\npsicoemocionales en las personas, provocando complicaciones como <\/span><span lang=\"ES-CL\" style=\"font-family: Arial, sans-serif; background-image: initial; background-position: initial; background-size: initial; background-repeat: initial; background-attachment: initial; background-origin: initial; background-clip: initial;\">malnutrici\u00f3n<span style=\"color:black\">\npor d\u00e9ficit o malnutrici\u00f3n por exceso, <\/span>l<span style=\"color:black\">a\nrelaci\u00f3n entre las emociones y la conducta alimentaria es bidireccional y es\ndependiente del contexto, de la variabilidad de la emoci\u00f3n en cuanto a su\nvalencia, excitaci\u00f3n e intensidad, as\u00ed como de la variabilidad fisiol\u00f3gica del\nsujeto.<o:p><\/o:p><\/span><\/span><\/p><p class=\"MsoNormal\" style=\"text-align:justify\"><span lang=\"ES-CL\" style=\"font-family: Arial, sans-serif; color: black; background-image: initial; background-position: initial; background-size: initial; background-repeat: initial; background-attachment: initial; background-origin: initial; background-clip: initial;\">Seg\u00fan la literatura, las emociones\npresentan un rol importante en la elecci\u00f3n, calidad y cantidad de la ingesta de\nalimentos, lo que en ocasiones <\/span><span lang=\"ES-CL\" style=\"font-family: Arial, sans-serif; background-image: initial; background-position: initial; background-size: initial; background-repeat: initial; background-attachment: initial; background-origin: initial; background-clip: initial;\">conlleva<span style=\"color:black\"> a un aumento del peso corporal. Las emociones tendr\u00edan una\nrelaci\u00f3n bidireccional con la conducta alimentaria, ya que existir\u00edan emociones\nque instan al consumo de ciertos alimentos y su contexto que generan ciertas\nemociones; dado lo cual la investigaci\u00f3n en torno a la emoci\u00f3n y la conducta\nalimentaria no est\u00e1 exenta de complejidades.<\/span><\/span><span lang=\"ES-CL\" style=\"font-family:&quot;Arial&quot;,sans-serif;mso-fareast-font-family:Arial\"> <o:p><\/o:p><\/span><\/p><p class=\"MsoNormal\" style=\"text-align:justify\"><span lang=\"ES-CL\" style=\"font-family: Arial, sans-serif; color: black; background-image: initial; background-position: initial; background-size: initial; background-repeat: initial; background-attachment: initial; background-origin: initial; background-clip: initial;\">La emoci\u00f3n es definida como un fen\u00f3meno\nconductual complejo que involucra varios niveles de integraci\u00f3n neuronal y<\/span><span lang=\"ES-CL\" style=\"font-family: Arial, sans-serif; background-image: initial; background-position: initial; background-size: initial; background-repeat: initial; background-attachment: initial; background-origin: initial; background-clip: initial;\"> <span style=\"color:black\">qu\u00edmica&nbsp;que<\/span>\n<span style=\"color:black\">afecta la respuesta alimentaria a lo largo de todo el\nproceso de ingesti\u00f3n: la motivaci\u00f3n del comer, las respuestas afectivas a los\nalimentos, la elecci\u00f3n, la masticaci\u00f3n o velocidad con que se ingieren.<o:p><\/o:p><\/span><\/span><\/p><p class=\"MsoNormal\" style=\"text-align:justify\"><span lang=\"ES-CL\" style=\"font-family: Arial, sans-serif; color: black; background-image: initial; background-position: initial; background-size: initial; background-repeat: initial; background-attachment: initial; background-origin: initial; background-clip: initial;\">La variabilidad que las emociones<\/span><span lang=\"ES-CL\" style=\"font-family: Arial, sans-serif; background-image: initial; background-position: initial; background-size: initial; background-repeat: initial; background-attachment: initial; background-origin: initial; background-clip: initial;\"> <span style=\"color:black\">presentan\ntiene relaci\u00f3n con: su valencia, es decir emociones de caracter\u00edsticas m\u00e1s\nplacenteras versus otras asociadas al displacer; su excitaci\u00f3n, alta o baja y,\ncon su intensidad, es decir de larga o corta duraci\u00f3n; as\u00ed como por la\nvariabilidad individual, que tiene relaci\u00f3n con el estado fisiol\u00f3gico del\nsujeto, sano o enfermo, entre otros y de la capacidad que presente de regular\nla emoci\u00f3n en su relaci\u00f3n con la conducta alimentaria.<o:p><\/o:p><\/span><\/span><\/p><p class=\"MsoNormal\" style=\"text-align:justify\"><span lang=\"ES-CL\" style=\"font-family: Arial, sans-serif; color: black; background-image: initial; background-position: initial; background-size: initial; background-repeat: initial; background-attachment: initial; background-origin: initial; background-clip: initial;\">En relaci\u00f3n con la valencia de las\nemociones, la literatura se\u00f1ala que las emociones negativas que <\/span><span lang=\"ES-CL\" style=\"font-family: Arial, sans-serif; background-image: initial; background-position: initial; background-size: initial; background-repeat: initial; background-attachment: initial; background-origin: initial; background-clip: initial;\">aumentan<span style=\"color:black\"> la\ningesta de alimentos ser\u00edan la: ira, apat\u00eda, frustraci\u00f3n, estr\u00e9s, miedo, pena,\nansiedad, inquietud, la soledad y el aburrimiento, afectando las respuestas\nalimentarias&nbsp;y se\u00f1alando, adem\u00e1s, que la ira es una emoci\u00f3n que influye de\nmanera importante en el comer por atracones.<o:p><\/o:p><\/span><\/span><\/p><p class=\"MsoNormal\" style=\"text-align:justify\"><span lang=\"ES-CL\" style=\"font-family: Arial, sans-serif; color: black; background-image: initial; background-position: initial; background-size: initial; background-repeat: initial; background-attachment: initial; background-origin: initial; background-clip: initial;\">Tambi\u00e9n hay diferencias en la ingesta de\nalimentos, relacionado con la intensidad de la emoci\u00f3n, ya que los individuos\ningieren m\u00e1s alimentos en presencia de emociones positivas o negativas que\nfrente a emociones neutras, esto estar\u00eda explicado porque a mayor intensidad de\nla emoci\u00f3n experimentada mayor inhibici\u00f3n del control alimentario, lo que\nadem\u00e1s ocurre de forma frecuente en personas que est\u00e1n en periodos de\nrestricci\u00f3n alimentaria (o d\u00e9ficit cal\u00f3rico).<o:p><\/o:p><\/span><\/p><p class=\"MsoNormal\" style=\"text-align:justify\"><span lang=\"ES-CL\" style=\"font-family: Arial, sans-serif; color: black; background-image: initial; background-position: initial; background-size: initial; background-repeat: initial; background-attachment: initial; background-origin: initial; background-clip: initial;\">Los efectos de las emociones se pueden\nclasificar en:<o:p><\/o:p><\/span><\/p><p class=\"MsoNormal\" style=\"text-align:justify\"><span lang=\"ES-CL\" style=\"font-family: Arial, sans-serif; color: black; background-image: initial; background-position: initial; background-size: initial; background-repeat: initial; background-attachment: initial; background-origin: initial; background-clip: initial;\">(1) Las emociones que despiertan las\ncaracter\u00edsticas organol\u00e9pticas de los alimentos y que afectan su elecci\u00f3n.<\/span><span lang=\"ES-CL\" style=\"font-family:&quot;Arial&quot;,sans-serif;mso-fareast-font-family:Arial\"><o:p><\/o:p><\/span><\/p><p class=\"MsoNormal\" style=\"text-align:justify\"><span lang=\"ES-CL\" style=\"font-family: Arial, sans-serif; color: black; background-image: initial; background-position: initial; background-size: initial; background-repeat: initial; background-attachment: initial; background-origin: initial; background-clip: initial;\">(2) Las emociones de muy alta intensidad\n(estr\u00e9s muy intenso y dr\u00e1stico) suprimen el comer debido a respuestas\nfisiol\u00f3gicas que interfieren con la ingesti\u00f3n de alimentos<\/span><span lang=\"ES-CL\" style=\"font-family:&quot;Arial&quot;,sans-serif;mso-fareast-font-family:Arial\">.<o:p><\/o:p><\/span><\/p><p class=\"MsoNormal\" style=\"text-align:justify\"><span lang=\"ES-CL\" style=\"font-family: Arial, sans-serif; color: black; background-image: initial; background-position: initial; background-size: initial; background-repeat: initial; background-attachment: initial; background-origin: initial; background-clip: initial;\">(3) Las emociones de excitaci\u00f3n e intensidad\nmoderada afectan la alimentaci\u00f3n dependiendo de cu\u00e1les son las motivaciones al\nmomento de comer. <o:p><\/o:p><\/span><\/p><p class=\"MsoNormal\" style=\"text-align:justify\"><span lang=\"ES-CL\" style=\"font-family: Arial, sans-serif; color: black; background-image: initial; background-position: initial; background-size: initial; background-repeat: initial; background-attachment: initial; background-origin: initial; background-clip: initial;\">3a) Frente a una restricci\u00f3n alimentaria\n(como una dieta hipocal\u00f3rica) las emociones negativas o positivas aumentan la\ningesta de alimentos debido a un deterioro del control cognitivo; es decir las\nemociones negativas colocan como prioridad la necesidad de regular la emoci\u00f3n\ndesagradable, vi\u00e9ndose afectada la capacidad cognitiva de mantener la ingesta\nrestringida<\/span><span lang=\"ES-CL\" style=\"font-family:&quot;Arial&quot;,sans-serif;\nmso-fareast-font-family:Arial\">.<span style=\"color: black; background-image: initial; background-position: initial; background-size: initial; background-repeat: initial; background-attachment: initial; background-origin: initial; background-clip: initial;\"> <o:p><\/o:p><\/span><\/span><\/p><p class=\"MsoNormal\" style=\"text-align:justify\"><span lang=\"ES-CL\" style=\"font-family: Arial, sans-serif; color: black; background-image: initial; background-position: initial; background-size: initial; background-repeat: initial; background-attachment: initial; background-origin: initial; background-clip: initial;\">3b) Frente a la necesidad de controlar\nuna emoci\u00f3n negativa, es decir, \u201ccomer emocional\u201d, se promueve la ingesta, <\/span><span lang=\"ES-CL\" style=\"font-family: Arial, sans-serif; background-image: initial; background-position: initial; background-size: initial; background-repeat: initial; background-attachment: initial; background-origin: initial; background-clip: initial;\">particularmente<span style=\"color:black\">,\nde alimentos dulces y con alto contenido de grasa.<o:p><\/o:p><\/span><\/span><\/p><p class=\"MsoNormal\" style=\"text-align:justify\"><span lang=\"ES-CL\" style=\"font-family: Arial, sans-serif; color: black; background-image: initial; background-position: initial; background-size: initial; background-repeat: initial; background-attachment: initial; background-origin: initial; background-clip: initial;\">3c) Frente a una alimentaci\u00f3n normal; no\nse espera que las emociones de baja excitaci\u00f3n o intensidad afecten la\nalimentaci\u00f3n<\/span><sup><span lang=\"ES-CL\" style=\"font-family: Arial, sans-serif; background-image: initial; background-position: initial; background-size: initial; background-repeat: initial; background-attachment: initial; background-origin: initial; background-clip: initial;\">.<\/span><\/sup><span lang=\"ES-CL\" style=\"font-family:&quot;Arial&quot;,sans-serif;mso-fareast-font-family:Arial\"><o:p><\/o:p><\/span><\/p><p class=\"MsoNormal\" style=\"text-align:justify\"><span lang=\"ES-CL\" style=\"font-family: Arial, sans-serif; color: black; background-image: initial; background-position: initial; background-size: initial; background-repeat: initial; background-attachment: initial; background-origin: initial; background-clip: initial;\">El comer emocional es un concepto que\nderiva de la teor\u00eda psicosom\u00e1tica proveniente del psicoan\u00e1lisis y define a\naquella persona que presenta como mecanismo disfuncional, el regular sus\nemociones negativas, a partir de la ingesta de alimentos; por tanto, es el\nt\u00e9rmino que m\u00e1s se ha estudiado en el contexto del exceso de peso. Estas\nemociones negativas son m\u00e1s salientes en periodos de estr\u00e9s percibido (la\npersona \u201cse siente\u201d estresada) y en periodos de estr\u00e9s cr\u00f3nico (condiciones\nlaborales, econ\u00f3micas, familiares de caracter\u00edsticas desfavorables, entre\notras); raz\u00f3n por la cual se vuelve relevante la comprensi\u00f3n y aplicaci\u00f3n del\nmodelo de determinantes sociales de la salud como la soluci\u00f3n efectiva frente a\nla obesidad.<o:p><\/o:p><\/span><\/p><table class=\"MsoNormalTable\" border=\"1\" cellspacing=\"0\" cellpadding=\"0\" width=\"0\" style=\"border-width: initial; border-style: none;\">\n <tbody><tr>\n  <td width=\"113\" valign=\"top\" style=\"width: 84.8pt; border-width: 1pt; border-color: black; padding: 0cm 5.4pt;\">\n  <p class=\"MsoNormal\" style=\"text-align:justify\"><span lang=\"ES-CL\" style=\"font-family:&quot;Arial&quot;,sans-serif;mso-fareast-font-family:Arial\">Bibliograf\u00eda\n  <o:p><\/o:p><\/span><\/p>\n  <\/td>\n  <td width=\"606\" valign=\"top\" style=\"width: 454.7pt; border-top-width: 1pt; border-right-width: 1pt; border-bottom-width: 1pt; border-top-color: black; border-right-color: black; border-bottom-color: black; border-left: none; padding: 0cm 5.4pt;\">\n  <p class=\"MsoNormal\" style=\"text-align:justify\"><span lang=\"ES-CL\" style=\"font-size:9.0pt;line-height:107%;font-family:&quot;Arial&quot;,sans-serif;\n  mso-fareast-font-family:Arial;color:black\">Palomino-P\u00e9rez Ana Mar\u00eda. Rol de\n  la emoci\u00f3n en la conducta alimentaria. Rev. chil. nutr.&nbsp; [Internet].\n  2020&nbsp; Abr [citado&nbsp; 2020&nbsp; Nov&nbsp; 05] ;&nbsp; 47( 2 ):\n  286-291. Disponible en:\n  <a href=\"https:\/\/scielo.conicyt.cl\/scielo.php?script=sci_arttext&#038;pid=S0717-75182020000200286&#038;lng=es.&#038;nbsp\" rel=\"nofollow\">https:\/\/scielo.conicyt.cl\/scielo.php?script=sci_arttext&#038;pid=S0717-75182020000200286&#038;lng=es.&#038;nbsp<\/a>;\n  <a href=\"http:\/\/dx.doi.org\/10.4067\/S0717-75182020000200286\" rel=\"nofollow\">http:\/\/dx.doi.org\/10.4067\/S0717-75182020000200286<\/a>.<\/span><span lang=\"ES-CL\" style=\"font-family:&quot;Arial&quot;,sans-serif;mso-fareast-font-family:Arial\"><o:p><\/o:p><\/span><\/p>\n  <\/td>\n <\/tr>\n <tr>\n  <td width=\"113\" valign=\"top\" style=\"width: 84.8pt; border-right-width: 1pt; border-bottom-width: 1pt; border-left-width: 1pt; border-right-color: black; border-bottom-color: black; border-left-color: black; border-top: none; padding: 0cm 5.4pt;\">\n  <p class=\"MsoNormal\" style=\"text-align:justify\"><span lang=\"ES-CL\" style=\"font-family:&quot;Arial&quot;,sans-serif;mso-fareast-font-family:Arial\">Revisi\u00f3n\n  <o:p><\/o:p><\/span><\/p>\n  <\/td>\n  <td width=\"606\" valign=\"top\" style=\"width: 454.7pt; border-top: none; border-left: none; border-bottom-width: 1pt; border-bottom-color: black; border-right-width: 1pt; border-right-color: black; padding: 0cm 5.4pt;\">\n  <p class=\"MsoNormal\" style=\"text-align:justify\"><span lang=\"ES-CL\" style=\"font-family:&quot;Arial&quot;,sans-serif;mso-fareast-font-family:Arial\">Nta\n  Javier Arriagada G <o:p><\/o:p><\/span><\/p>\n  <\/td>\n <\/tr>\n<\/tbody><\/table><p>\n\n\n\n\n\n\n\n\n\n\n\n\n\n\n\n\n\n\n\n\n\n\n\n\n\n\n\n\n\n\n\n<\/p><p class=\"MsoNormal\" style=\"text-align:justify\"><span lang=\"ES-CL\" style=\"font-family:&quot;Arial&quot;,sans-serif;mso-fareast-font-family:Arial\">&nbsp;<\/span><\/p>\t\t\t\t\t\t<\/div>\n\t\t\t\t<\/div>\n\t\t\t\t\t<\/div>\n\t\t<\/div>\n\t\t\t\t\t<\/div>\n\t\t<\/section>\n\t\t\t\t<\/div>\n\t\t<div class='cb-post-url-qr-code'><br><img src='https:\/\/api.qrserver.com\/v1\/create-qr-code\/?size=185x185&ecc=L&qzone=1&data=https%3A%2F%2Fvivesanobrasil.org%2Fpb%2Frol-de-la-emocion-en-la-conducta-alimentaria%2F' alt='Rol de la emoci\u00f3n en la conducta alimentaria'\/><\/div>","protected":false},"excerpt":{"rendered":"<p>Rol de la emoci\u00f3n en la conducta alimentaria Las emociones en los \u00faltimos a\u00f1os presentan mayores estudios relacionados al comportamiento de los patrones de conducta alimentaria que pueden verse gatillados por diferentes manifestaciones psicoemocionales en las personas, provocando complicaciones como malnutrici\u00f3n por d\u00e9ficit o malnutrici\u00f3n por exceso, la relaci\u00f3n entre las emociones y la conducta [&hellip;]<\/p>\n","protected":false},"author":135836161,"featured_media":0,"comment_status":"open","ping_status":"open","sticky":false,"template":"","format":"standard","meta":{"_acf_changed":false,"_coblocks_attr":"","_coblocks_dimensions":"","_coblocks_responsive_height":"","_coblocks_accordion_ie_support":"","_crdt_document":"","om_disable_all_campaigns":false,"_monsterinsights_skip_tracking":false,"_monsterinsights_sitenote_active":false,"_monsterinsights_sitenote_note":"","_monsterinsights_sitenote_category":0,"_jetpack_newsletter_access":"","_jetpack_dont_email_post_to_subs":false,"_jetpack_newsletter_tier_id":0,"_jetpack_memberships_contains_paywalled_content":false,"_jetpack_memberships_contains_paid_content":false,"footnotes":"","jetpack_publicize_message":"","jetpack_publicize_feature_enabled":true,"jetpack_social_post_already_shared":false,"jetpack_social_options":{"image_generator_settings":{"template":"highway","default_image_id":0,"font":"","enabled":false},"version":2},"_wpas_customize_per_network":false,"jetpack_post_was_ever_published":false},"categories":[675839549,675839547],"tags":[],"class_list":["post-16542","post","type-post","status-publish","format-standard","hentry","category-javier-arriagada-gacitua","category-publicaciones"],"acf":[],"aioseo_notices":[],"jetpack_publicize_connections":[],"jetpack_featured_media_url":"","jetpack_likes_enabled":true,"jetpack_sharing_enabled":true,"jetpack_shortlink":"https:\/\/wp.me\/p9Ia6I-4iO","_links":{"self":[{"href":"https:\/\/vivesanobrasil.org\/pb\/wp-json\/wp\/v2\/posts\/16542","targetHints":{"allow":["GET"]}}],"collection":[{"href":"https:\/\/vivesanobrasil.org\/pb\/wp-json\/wp\/v2\/posts"}],"about":[{"href":"https:\/\/vivesanobrasil.org\/pb\/wp-json\/wp\/v2\/types\/post"}],"author":[{"embeddable":true,"href":"https:\/\/vivesanobrasil.org\/pb\/wp-json\/wp\/v2\/users\/135836161"}],"replies":[{"embeddable":true,"href":"https:\/\/vivesanobrasil.org\/pb\/wp-json\/wp\/v2\/comments?post=16542"}],"version-history":[{"count":0,"href":"https:\/\/vivesanobrasil.org\/pb\/wp-json\/wp\/v2\/posts\/16542\/revisions"}],"wp:attachment":[{"href":"https:\/\/vivesanobrasil.org\/pb\/wp-json\/wp\/v2\/media?parent=16542"}],"wp:term":[{"taxonomy":"category","embeddable":true,"href":"https:\/\/vivesanobrasil.org\/pb\/wp-json\/wp\/v2\/categories?post=16542"},{"taxonomy":"post_tag","embeddable":true,"href":"https:\/\/vivesanobrasil.org\/pb\/wp-json\/wp\/v2\/tags?post=16542"}],"curies":[{"name":"wp","href":"https:\/\/api.w.org\/{rel}","templated":true}]}}