{"id":183,"date":"2018-05-04T15:50:54","date_gmt":"2018-05-04T15:50:54","guid":{"rendered":"https:\/\/vivesanobrasil.org\/2018\/05\/04\/cuidado-integral-en-el-embarazo-un-enfoque-clinicoterapeutico-y-deportivo\/"},"modified":"2018-05-05T21:10:35","modified_gmt":"2018-05-05T21:10:35","slug":"cuidado-integral-en-el-embarazo-un-enfoque-clinicoterapeutico-y-deportivo","status":"publish","type":"post","link":"https:\/\/vivesanobrasil.org\/pb\/cuidado-integral-en-el-embarazo-un-enfoque-clinicoterapeutico-y-deportivo\/","title":{"rendered":"\u00a1Cuidado integral en el embarazo, un enfoque cl\u00ednico,terap\u00e9utico y deportivo!"},"content":{"rendered":"<p><img data-recalc-dims=\"1\" fetchpriority=\"high\" decoding=\"async\" class=\"size-full wp-image-181\" src=\"https:\/\/i0.wp.com\/vivesanobrasil.org\/wp-content\/uploads\/2018\/05\/img_3615.jpg?resize=852%2C1136&#038;ssl=1\" width=\"852\" height=\"1136\" \/><img data-recalc-dims=\"1\" decoding=\"async\" class=\"wp-image-182 size-full\" src=\"https:\/\/i0.wp.com\/vivesanobrasil.org\/wp-content\/uploads\/2018\/05\/img_3616.jpg?resize=945%2C756&#038;ssl=1\" width=\"945\" height=\"756\" \/><\/p>\n<p>Para celebrar el mes de las madres, nuestra sesi\u00f3n educativa estar\u00e1 dedicada a ellas. Desde el punto de vista Cl\u00ednico, Terap\u00e9utico y Deportivo. Etiqueta a tu amiga que esta embarazada o planea hacerlo.<\/p>\n<p>.<\/p>\n<p>.Vive Sano C.A. te invita a participar en este curso llamado CUIDADO INTEGRAL EN EL EMBARAZO \u201cun enfoque cl\u00ednico, terap\u00e9utico y deportivo\u201d. En esta oportunidad contamos con la presencia de Gineco obstetra, nutricionista y entrenador f\u00edsico. Te daremos todos los t\u00edps de vanguardia para que tengas las herramientas adecuadas Para la prevenci\u00f3n,diagn\u00f3stico,control,y terapia en este grupo poblacional .<\/p>\n<p>.Modalidad: A distancia.<\/p>\n<p>M\u00f3dulo 1 obstetricia y ginecolog\u00eda :<\/p>\n<p>Temas :<\/p>\n<p>.- Control prenatal exitoso.<\/p>\n<p>.- Vitaminas y embarazo.<\/p>\n<p>.- Patolog\u00edas mas frecuentes durante el embarazo.<\/p>\n<p>.<\/p>\n<p>M\u00f3dulo 2 Entrenador deportivo:<\/p>\n<p>Temas:<\/p>\n<p>.- Actividad deportiva en la planificaci\u00f3n del embarazo.<\/p>\n<p>.-Ejercicio fisico en las diferentes etapas del embarazo.<\/p>\n<p>.-Actividad fisica en el post parto.<\/p>\n<p>.<\/p>\n<p>M\u00f3dulo 3 Nutricionista Cl\u00ednico:<\/p>\n<p>Temas:<\/p>\n<p>.-Atenci\u00f3n psicosocial de la mujer embarazada\/Evaluaci\u00f3n nutricional en el embarazo.<\/p>\n<p>.-Manejo nutricional en la mujer embarazada.<\/p>\n<p>.-Lactancia materna.<\/p>\n<p>.<\/p>\n<p>Recuerda que te puedes inscribir desde el pa\u00eds en el que est\u00e9s \ud83c\udde7\ud83c\uddf7\ud83c\udde8\ud83c\uddf1\ud83c\uddfb\ud83c\uddea\ud83c\udde6\ud83c\uddf7\ud83c\udde8\ud83c\uddf4\ud83c\uddec\ud83c\uddf7\ud83c\uddfa\ud83c\uddf8. Somos internacionales \ud83d\ude43<\/p>\n<p>Mayor informaci\u00f3n:<\/p>\n<p>Email :Vivesanoca@gmail.com<\/p>\n<p>WhatsApp: +573154537014<\/p>\n<blockquote class=\"wp-embedded-content\" data-secret=\"Gx3CSXf6qV\"><p><a href=\"https:\/\/vivesanobrasil.org\/\">Espa\u00f1ol<\/a><\/p><\/blockquote>\n<p><iframe class=\"wp-embedded-content\" sandbox=\"allow-scripts\" security=\"restricted\" style=\"position: absolute; visibility: hidden;\" title=\"\u00abEspa\u00f1ol\u00bb \u2014 Instituto Universitario Vive Sano\" src=\"https:\/\/vivesanobrasil.org\/embed\/#?secret=byhAcnh27K#?secret=Gx3CSXf6qV\" data-secret=\"Gx3CSXf6qV\" width=\"500\" height=\"282\" frameborder=\"0\" marginwidth=\"0\" marginheight=\"0\" scrolling=\"no\"><\/iframe><\/p>\n<p>#educate #maternidad #lactancia<\/p>\n<p>#embarazo #mujer #vivesan0launiversidadonline<\/p>\n<div class='cb-post-url-qr-code'><br><img src='https:\/\/api.qrserver.com\/v1\/create-qr-code\/?size=185x185&ecc=L&qzone=1&data=https%3A%2F%2Fvivesanobrasil.org%2Fpb%2Fcuidado-integral-en-el-embarazo-un-enfoque-clinicoterapeutico-y-deportivo%2F' alt='\u00a1Cuidado integral en el embarazo, un enfoque cl\u00ednico,terap\u00e9utico y deportivo!'\/><\/div>","protected":false},"excerpt":{"rendered":"<p>Para celebrar el mes de las madres, nuestra sesi\u00f3n educativa estar\u00e1 dedicada a ellas. Desde el punto de vista Cl\u00ednico, Terap\u00e9utico y Deportivo. Etiqueta a tu amiga que esta embarazada o planea hacerlo. . .Vive Sano C.A. te invita a participar en este curso llamado CUIDADO INTEGRAL EN EL EMBARAZO \u201cun enfoque cl\u00ednico, terap\u00e9utico y [&hellip;]<\/p>\n","protected":false},"author":135836161,"featured_media":0,"comment_status":"open","ping_status":"open","sticky":false,"template":"","format":"standard","meta":{"_acf_changed":false,"_coblocks_attr":"","_coblocks_dimensions":"","_coblocks_responsive_height":"","_coblocks_accordion_ie_support":"","_crdt_document":"","om_disable_all_campaigns":false,"_monsterinsights_skip_tracking":false,"_monsterinsights_sitenote_active":false,"_monsterinsights_sitenote_note":"","_monsterinsights_sitenote_category":0,"_jetpack_newsletter_access":"","_jetpack_dont_email_post_to_subs":false,"_jetpack_newsletter_tier_id":0,"_jetpack_memberships_contains_paywalled_content":false,"_jetpack_memberships_contains_paid_content":false,"footnotes":"","jetpack_publicize_message":"","jetpack_publicize_feature_enabled":true,"jetpack_social_post_already_shared":false,"jetpack_social_options":{"image_generator_settings":{"template":"highway","default_image_id":0,"font":"","enabled":false},"version":2},"_wpas_customize_per_network":false,"jetpack_post_was_ever_published":false},"categories":[1],"tags":[],"class_list":["post-183","post","type-post","status-publish","format-standard","hentry","category-uncategorized"],"acf":[],"aioseo_notices":[],"jetpack_publicize_connections":[],"jetpack_featured_media_url":"","jetpack_likes_enabled":true,"jetpack_sharing_enabled":true,"jetpack_shortlink":"https:\/\/wp.me\/p9Ia6I-2X","_links":{"self":[{"href":"https:\/\/vivesanobrasil.org\/pb\/wp-json\/wp\/v2\/posts\/183","targetHints":{"allow":["GET"]}}],"collection":[{"href":"https:\/\/vivesanobrasil.org\/pb\/wp-json\/wp\/v2\/posts"}],"about":[{"href":"https:\/\/vivesanobrasil.org\/pb\/wp-json\/wp\/v2\/types\/post"}],"author":[{"embeddable":true,"href":"https:\/\/vivesanobrasil.org\/pb\/wp-json\/wp\/v2\/users\/135836161"}],"replies":[{"embeddable":true,"href":"https:\/\/vivesanobrasil.org\/pb\/wp-json\/wp\/v2\/comments?post=183"}],"version-history":[{"count":0,"href":"https:\/\/vivesanobrasil.org\/pb\/wp-json\/wp\/v2\/posts\/183\/revisions"}],"wp:attachment":[{"href":"https:\/\/vivesanobrasil.org\/pb\/wp-json\/wp\/v2\/media?parent=183"}],"wp:term":[{"taxonomy":"category","embeddable":true,"href":"https:\/\/vivesanobrasil.org\/pb\/wp-json\/wp\/v2\/categories?post=183"},{"taxonomy":"post_tag","embeddable":true,"href":"https:\/\/vivesanobrasil.org\/pb\/wp-json\/wp\/v2\/tags?post=183"}],"curies":[{"name":"wp","href":"https:\/\/api.w.org\/{rel}","templated":true}]}}