{"id":18805,"date":"2021-02-04T08:00:55","date_gmt":"2021-02-04T11:00:55","guid":{"rendered":"https:\/\/vivesanobrasil.org\/?p=18805"},"modified":"2021-04-27T18:52:31","modified_gmt":"2021-04-27T21:52:31","slug":"certificacion-internacional-en-alimentacion-y-nutricion-vegetariana-aplicada-en-el-ciclo-vital-iii-edicion","status":"publish","type":"post","link":"https:\/\/vivesanobrasil.org\/pb\/certificacion-internacional-en-alimentacion-y-nutricion-vegetariana-aplicada-en-el-ciclo-vital-iii-edicion\/","title":{"rendered":"Certificaci\u00f3n Internacional en Alimentaci\u00f3n y Nutrici\u00f3n Vegetariana aplicada en el Ciclo Vital. III Edici\u00f3n."},"content":{"rendered":"\t\t<div data-elementor-type=\"wp-post\" data-elementor-id=\"18805\" class=\"elementor elementor-18805\">\n\t\t\t\t\t\t<section class=\"elementor-section elementor-top-section elementor-element elementor-element-08453a5 elementor-section-stretched elementor-section-full_width elementor-section-height-default elementor-section-height-default elementor-invisible\" data-id=\"08453a5\" data-element_type=\"section\" data-settings=\"{&quot;stretch_section&quot;:&quot;section-stretched&quot;,&quot;animation&quot;:&quot;fadeInDown&quot;}\">\n\t\t\t\t\t\t<div class=\"elementor-container elementor-column-gap-default\">\n\t\t\t\t\t<div class=\"elementor-column elementor-col-100 elementor-top-column elementor-element elementor-element-cb9711a\" data-id=\"cb9711a\" data-element_type=\"column\">\n\t\t\t<div class=\"elementor-widget-wrap elementor-element-populated\">\n\t\t\t\t\t\t\t<\/div>\n\t\t<\/div>\n\t\t\t\t\t<\/div>\n\t\t<\/section>\n\t\t\t\t<section class=\"elementor-section elementor-top-section elementor-element elementor-element-44ac4d3 elementor-section-stretched elementor-section-full_width elementor-section-height-default elementor-section-height-default\" data-id=\"44ac4d3\" data-element_type=\"section\" data-settings=\"{&quot;stretch_section&quot;:&quot;section-stretched&quot;,&quot;background_background&quot;:&quot;classic&quot;}\">\n\t\t\t\t\t\t\t<div class=\"elementor-background-overlay\"><\/div>\n\t\t\t\t\t\t\t<div class=\"elementor-container elementor-column-gap-default\">\n\t\t\t\t\t<div class=\"elementor-column elementor-col-50 elementor-top-column elementor-element elementor-element-01d7f08 elementor-invisible\" data-id=\"01d7f08\" data-element_type=\"column\" data-settings=\"{&quot;animation&quot;:&quot;fadeInLeft&quot;}\">\n\t\t\t<div class=\"elementor-widget-wrap elementor-element-populated\">\n\t\t\t\t\t\t<div class=\"elementor-element elementor-element-945b0bf elementor-widget elementor-widget-text-editor\" data-id=\"945b0bf\" data-element_type=\"widget\" data-widget_type=\"text-editor.default\">\n\t\t\t\t<div class=\"elementor-widget-container\">\n\t\t\t\t\t\t\t<p style=\"text-align: center;\"><span style=\"color: #ffffff;\">Durante los \u00faltimos a\u00f1os, a nivel mundial ha aumentado considerablemente el n\u00famero de individuos que deciden adoptar un estilo de vida vegetariano, ya sea por motivos de salud, medioambientales o a causas animalistas. Aunque existen multitud de variantes de estas dietas, la ovolactovegetariana y la vegetariana estricta o vegana suelen ser las m\u00e1s comunes.<\/span><\/p>\t\t\t\t\t\t<\/div>\n\t\t\t\t<\/div>\n\t\t\t\t\t<\/div>\n\t\t<\/div>\n\t\t\t\t<div class=\"elementor-column elementor-col-50 elementor-top-column elementor-element elementor-element-cc18ecc elementor-invisible\" data-id=\"cc18ecc\" data-element_type=\"column\" data-settings=\"{&quot;animation&quot;:&quot;fadeInRight&quot;}\">\n\t\t\t<div class=\"elementor-widget-wrap elementor-element-populated\">\n\t\t\t\t\t\t<div class=\"elementor-element elementor-element-18625e8 elementor-widget elementor-widget-text-editor\" data-id=\"18625e8\" data-element_type=\"widget\" data-widget_type=\"text-editor.default\">\n\t\t\t\t<div class=\"elementor-widget-container\">\n\t\t\t\t\t\t\t<p style=\"text-align: center;\"><span style=\"color: #ffffff;\">Esta creciente demanda de informaci\u00f3n y orientaci\u00f3n ha determinado que diferentes sociedades cient\u00edficas expresen su postura al respecto en recientes publicaciones. La Academia de Nutrici\u00f3n y Diet\u00e9tica de Estados Unidos manifest\u00f3 hace unos a\u00f1os, que las dietas vegetarianas adecuadamente planificados son saludables y apropiadas para todas las etapas del ciclo vital (embarazo, lactancia, ni\u00f1ez, adolescencia, adultez), eran m\u00e1s sustentables y se asocian con beneficios en la prevenci\u00f3n de enfermedades cr\u00f3nicas.<\/span><\/p>\t\t\t\t\t\t<\/div>\n\t\t\t\t<\/div>\n\t\t\t\t\t<\/div>\n\t\t<\/div>\n\t\t\t\t\t<\/div>\n\t\t<\/section>\n\t\t\t\t<section class=\"elementor-section elementor-top-section elementor-element elementor-element-a8d4e3e elementor-section-stretched elementor-section-full_width elementor-section-height-default elementor-section-height-default\" data-id=\"a8d4e3e\" data-element_type=\"section\" data-settings=\"{&quot;stretch_section&quot;:&quot;section-stretched&quot;,&quot;background_background&quot;:&quot;classic&quot;}\">\n\t\t\t\t\t\t<div class=\"elementor-container elementor-column-gap-no\">\n\t\t\t\t\t<div class=\"elementor-column elementor-col-50 elementor-top-column elementor-element elementor-element-a677c15 elementor-invisible\" data-id=\"a677c15\" data-element_type=\"column\" data-settings=\"{&quot;animation&quot;:&quot;fadeInLeft&quot;}\">\n\t\t\t<div class=\"elementor-widget-wrap elementor-element-populated\">\n\t\t\t\t\t\t<div class=\"elementor-element elementor-element-780259b elementor-widget elementor-widget-image\" data-id=\"780259b\" data-element_type=\"widget\" data-widget_type=\"image.default\">\n\t\t\t\t<div class=\"elementor-widget-container\">\n\t\t\t\t\t\t\t\t\t\t\t\t\t<img fetchpriority=\"high\" decoding=\"async\" data-attachment-id=\"20126\" data-permalink=\"https:\/\/vivesanobrasil.org\/pb\/horas-programaticas-10\/\" data-orig-file=\"https:\/\/i0.wp.com\/vivesanobrasil.org\/wp-content\/uploads\/2021\/03\/Horas-programaticas-.png?fit=1080%2C1080&amp;ssl=1\" data-orig-size=\"1080,1080\" data-comments-opened=\"1\" data-image-meta=\"{&quot;aperture&quot;:&quot;0&quot;,&quot;credit&quot;:&quot;&quot;,&quot;camera&quot;:&quot;&quot;,&quot;caption&quot;:&quot;&quot;,&quot;created_timestamp&quot;:&quot;0&quot;,&quot;copyright&quot;:&quot;&quot;,&quot;focal_length&quot;:&quot;0&quot;,&quot;iso&quot;:&quot;0&quot;,&quot;shutter_speed&quot;:&quot;0&quot;,&quot;title&quot;:&quot;&quot;,&quot;orientation&quot;:&quot;0&quot;}\" data-image-title=\"Horas program\u00e1ticas\" data-image-description=\"\" data-image-caption=\"\" data-large-file=\"https:\/\/i0.wp.com\/vivesanobrasil.org\/wp-content\/uploads\/2021\/03\/Horas-programaticas-.png?fit=1024%2C1024&amp;ssl=1\" width=\"1024\" height=\"1024\" src=\"https:\/\/i0.wp.com\/vivesanobrasil.org\/wp-content\/uploads\/2021\/03\/Horas-programaticas-.png?fit=1024%2C1024&amp;ssl=1\" class=\"attachment-large size-large wp-image-20126\" alt=\"\" srcset=\"https:\/\/i0.wp.com\/vivesanobrasil.org\/wp-content\/uploads\/2021\/03\/Horas-programaticas-.png?w=1080&amp;ssl=1 1080w, https:\/\/i0.wp.com\/vivesanobrasil.org\/wp-content\/uploads\/2021\/03\/Horas-programaticas-.png?resize=300%2C300&amp;ssl=1 300w, https:\/\/i0.wp.com\/vivesanobrasil.org\/wp-content\/uploads\/2021\/03\/Horas-programaticas-.png?resize=1024%2C1024&amp;ssl=1 1024w, https:\/\/i0.wp.com\/vivesanobrasil.org\/wp-content\/uploads\/2021\/03\/Horas-programaticas-.png?resize=150%2C150&amp;ssl=1 150w, https:\/\/i0.wp.com\/vivesanobrasil.org\/wp-content\/uploads\/2021\/03\/Horas-programaticas-.png?resize=768%2C768&amp;ssl=1 768w, https:\/\/i0.wp.com\/vivesanobrasil.org\/wp-content\/uploads\/2021\/03\/Horas-programaticas-.png?resize=144%2C144&amp;ssl=1 144w, https:\/\/i0.wp.com\/vivesanobrasil.org\/wp-content\/uploads\/2021\/03\/Horas-programaticas-.png?resize=60%2C60&amp;ssl=1 60w, https:\/\/i0.wp.com\/vivesanobrasil.org\/wp-content\/uploads\/2021\/03\/Horas-programaticas-.png?resize=350%2C350&amp;ssl=1 350w, https:\/\/i0.wp.com\/vivesanobrasil.org\/wp-content\/uploads\/2021\/03\/Horas-programaticas-.png?resize=500%2C500&amp;ssl=1 500w, https:\/\/i0.wp.com\/vivesanobrasil.org\/wp-content\/uploads\/2021\/03\/Horas-programaticas-.png?resize=700%2C700&amp;ssl=1 700w, https:\/\/i0.wp.com\/vivesanobrasil.org\/wp-content\/uploads\/2021\/03\/Horas-programaticas-.png?resize=100%2C100&amp;ssl=1 100w\" sizes=\"(max-width: 1000px) 100vw, 1000px\" data-attachment-id=\"20126\" data-permalink=\"https:\/\/vivesanobrasil.org\/pb\/horas-programaticas-10\/\" data-orig-file=\"https:\/\/i0.wp.com\/vivesanobrasil.org\/wp-content\/uploads\/2021\/03\/Horas-programaticas-.png?fit=1080%2C1080&amp;ssl=1\" data-orig-size=\"1080,1080\" data-comments-opened=\"1\" data-image-meta=\"{&quot;aperture&quot;:&quot;0&quot;,&quot;credit&quot;:&quot;&quot;,&quot;camera&quot;:&quot;&quot;,&quot;caption&quot;:&quot;&quot;,&quot;created_timestamp&quot;:&quot;0&quot;,&quot;copyright&quot;:&quot;&quot;,&quot;focal_length&quot;:&quot;0&quot;,&quot;iso&quot;:&quot;0&quot;,&quot;shutter_speed&quot;:&quot;0&quot;,&quot;title&quot;:&quot;&quot;,&quot;orientation&quot;:&quot;0&quot;}\" data-image-title=\"Horas program\u00e1ticas\" data-image-description=\"\" data-image-caption=\"\" data-large-file=\"https:\/\/i0.wp.com\/vivesanobrasil.org\/wp-content\/uploads\/2021\/03\/Horas-programaticas-.png?fit=1024%2C1024&amp;ssl=1\" \/>\t\t\t\t\t\t\t\t\t\t\t\t\t<\/div>\n\t\t\t\t<\/div>\n\t\t\t\t\t<\/div>\n\t\t<\/div>\n\t\t\t\t<div class=\"elementor-column elementor-col-50 elementor-top-column elementor-element elementor-element-8ce1ccc elementor-invisible\" data-id=\"8ce1ccc\" data-element_type=\"column\" data-settings=\"{&quot;animation&quot;:&quot;fadeInRight&quot;,&quot;background_background&quot;:&quot;classic&quot;}\">\n\t\t\t<div class=\"elementor-widget-wrap elementor-element-populated\">\n\t\t\t\t\t\t<section class=\"elementor-section elementor-inner-section elementor-element elementor-element-6033dae elementor-section-boxed elementor-section-height-default elementor-section-height-default\" data-id=\"6033dae\" data-element_type=\"section\">\n\t\t\t\t\t\t<div class=\"elementor-container elementor-column-gap-default\">\n\t\t\t\t\t<div class=\"elementor-column elementor-col-50 elementor-inner-column elementor-element elementor-element-566f302\" data-id=\"566f302\" data-element_type=\"column\">\n\t\t\t<div class=\"elementor-widget-wrap elementor-element-populated\">\n\t\t\t\t\t\t<div class=\"elementor-element elementor-element-3a8a14d elementor-align-center elementor-widget elementor-widget-button\" data-id=\"3a8a14d\" data-element_type=\"widget\" data-widget_type=\"button.default\">\n\t\t\t\t<div class=\"elementor-widget-container\">\n\t\t\t\t\t<div class=\"elementor-button-wrapper\">\n\t\t\t<a class=\"elementor-button elementor-button-link elementor-size-lg\" href=\"https:\/\/vivesanobrasil.org\/wp-content\/uploads\/2021\/03\/Cronograma-VEG.pdf\">\n\t\t\t\t\t\t<span class=\"elementor-button-content-wrapper\">\n\t\t\t\t\t\t\t\t\t<span class=\"elementor-button-text\">Cronograma<\/span>\n\t\t\t\t\t<\/span>\n\t\t\t\t\t<\/a>\n\t\t<\/div>\n\t\t\t\t<\/div>\n\t\t\t\t<\/div>\n\t\t\t\t\t<\/div>\n\t\t<\/div>\n\t\t\t\t<div class=\"elementor-column elementor-col-50 elementor-inner-column elementor-element elementor-element-2a228a3\" data-id=\"2a228a3\" data-element_type=\"column\">\n\t\t\t<div class=\"elementor-widget-wrap elementor-element-populated\">\n\t\t\t\t\t\t<div class=\"elementor-element elementor-element-0e73b57 elementor-align-center elementor-widget elementor-widget-button\" data-id=\"0e73b57\" data-element_type=\"widget\" data-widget_type=\"button.default\">\n\t\t\t\t<div class=\"elementor-widget-container\">\n\t\t\t\t\t<div class=\"elementor-button-wrapper\">\n\t\t\t<a class=\"elementor-button elementor-button-link elementor-size-lg\" href=\"https:\/\/vivesanobrasil.org\/wp-content\/uploads\/2021\/03\/asi.pdf\">\n\t\t\t\t\t\t<span class=\"elementor-button-content-wrapper\">\n\t\t\t\t\t\t\t\t\t<span class=\"elementor-button-text\">Programa<\/span>\n\t\t\t\t\t<\/span>\n\t\t\t\t\t<\/a>\n\t\t<\/div>\n\t\t\t\t<\/div>\n\t\t\t\t<\/div>\n\t\t\t\t\t<\/div>\n\t\t<\/div>\n\t\t\t\t\t<\/div>\n\t\t<\/section>\n\t\t\t\t\t<\/div>\n\t\t<\/div>\n\t\t\t\t\t<\/div>\n\t\t<\/section>\n\t\t\t\t<section class=\"elementor-section elementor-top-section elementor-element elementor-element-041e2fe elementor-section-stretched elementor-section-full_width elementor-section-height-default elementor-section-height-default\" data-id=\"041e2fe\" data-element_type=\"section\" data-settings=\"{&quot;stretch_section&quot;:&quot;section-stretched&quot;,&quot;background_background&quot;:&quot;classic&quot;}\">\n\t\t\t\t\t\t<div class=\"elementor-container elementor-column-gap-no\">\n\t\t\t\t\t<div class=\"elementor-column elementor-col-50 elementor-top-column elementor-element elementor-element-991925c elementor-invisible\" data-id=\"991925c\" data-element_type=\"column\" data-settings=\"{&quot;animation&quot;:&quot;fadeInLeft&quot;}\">\n\t\t\t<div class=\"elementor-widget-wrap elementor-element-populated\">\n\t\t\t\t\t\t<div class=\"elementor-element elementor-element-0c4e1f2 elementor-widget elementor-widget-image\" data-id=\"0c4e1f2\" data-element_type=\"widget\" data-widget_type=\"image.default\">\n\t\t\t\t<div class=\"elementor-widget-container\">\n\t\t\t\t\t\t\t\t\t\t\t\t\t<img decoding=\"async\" data-attachment-id=\"18817\" data-permalink=\"https:\/\/vivesanobrasil.org\/pb\/certificacion-internacional-en-alimentacion-y-nutricion-vegetariana-aplicada-en-el-ciclo-vital-iii-edicion\/1-17\/\" data-orig-file=\"https:\/\/i0.wp.com\/vivesanobrasil.org\/wp-content\/uploads\/2021\/02\/1.png?fit=1067%2C1080&amp;ssl=1\" data-orig-size=\"1067,1080\" data-comments-opened=\"1\" data-image-meta=\"{&quot;aperture&quot;:&quot;0&quot;,&quot;credit&quot;:&quot;&quot;,&quot;camera&quot;:&quot;&quot;,&quot;caption&quot;:&quot;&quot;,&quot;created_timestamp&quot;:&quot;0&quot;,&quot;copyright&quot;:&quot;&quot;,&quot;focal_length&quot;:&quot;0&quot;,&quot;iso&quot;:&quot;0&quot;,&quot;shutter_speed&quot;:&quot;0&quot;,&quot;title&quot;:&quot;&quot;,&quot;orientation&quot;:&quot;0&quot;}\" data-image-title=\"1\" data-image-description=\"\" data-image-caption=\"\" data-large-file=\"https:\/\/i0.wp.com\/vivesanobrasil.org\/wp-content\/uploads\/2021\/02\/1.png?fit=1012%2C1024&amp;ssl=1\" width=\"1012\" height=\"1024\" src=\"https:\/\/i0.wp.com\/vivesanobrasil.org\/wp-content\/uploads\/2021\/02\/1.png?fit=1012%2C1024&amp;ssl=1\" class=\"attachment-large size-large wp-image-18817\" alt=\"\" srcset=\"https:\/\/i0.wp.com\/vivesanobrasil.org\/wp-content\/uploads\/2021\/02\/1.png?w=1067&amp;ssl=1 1067w, https:\/\/i0.wp.com\/vivesanobrasil.org\/wp-content\/uploads\/2021\/02\/1.png?resize=296%2C300&amp;ssl=1 296w, https:\/\/i0.wp.com\/vivesanobrasil.org\/wp-content\/uploads\/2021\/02\/1.png?resize=1012%2C1024&amp;ssl=1 1012w, https:\/\/i0.wp.com\/vivesanobrasil.org\/wp-content\/uploads\/2021\/02\/1.png?resize=768%2C777&amp;ssl=1 768w, https:\/\/i0.wp.com\/vivesanobrasil.org\/wp-content\/uploads\/2021\/02\/1.png?resize=59%2C60&amp;ssl=1 59w, https:\/\/i0.wp.com\/vivesanobrasil.org\/wp-content\/uploads\/2021\/02\/1.png?resize=350%2C354&amp;ssl=1 350w, https:\/\/i0.wp.com\/vivesanobrasil.org\/wp-content\/uploads\/2021\/02\/1.png?resize=500%2C506&amp;ssl=1 500w, https:\/\/i0.wp.com\/vivesanobrasil.org\/wp-content\/uploads\/2021\/02\/1.png?resize=700%2C709&amp;ssl=1 700w, https:\/\/i0.wp.com\/vivesanobrasil.org\/wp-content\/uploads\/2021\/02\/1.png?resize=100%2C100&amp;ssl=1 100w\" sizes=\"(max-width: 1000px) 100vw, 1000px\" data-attachment-id=\"18817\" data-permalink=\"https:\/\/vivesanobrasil.org\/pb\/certificacion-internacional-en-alimentacion-y-nutricion-vegetariana-aplicada-en-el-ciclo-vital-iii-edicion\/1-17\/\" data-orig-file=\"https:\/\/i0.wp.com\/vivesanobrasil.org\/wp-content\/uploads\/2021\/02\/1.png?fit=1067%2C1080&amp;ssl=1\" data-orig-size=\"1067,1080\" data-comments-opened=\"1\" data-image-meta=\"{&quot;aperture&quot;:&quot;0&quot;,&quot;credit&quot;:&quot;&quot;,&quot;camera&quot;:&quot;&quot;,&quot;caption&quot;:&quot;&quot;,&quot;created_timestamp&quot;:&quot;0&quot;,&quot;copyright&quot;:&quot;&quot;,&quot;focal_length&quot;:&quot;0&quot;,&quot;iso&quot;:&quot;0&quot;,&quot;shutter_speed&quot;:&quot;0&quot;,&quot;title&quot;:&quot;&quot;,&quot;orientation&quot;:&quot;0&quot;}\" data-image-title=\"1\" data-image-description=\"\" data-image-caption=\"\" data-large-file=\"https:\/\/i0.wp.com\/vivesanobrasil.org\/wp-content\/uploads\/2021\/02\/1.png?fit=1012%2C1024&amp;ssl=1\" \/>\t\t\t\t\t\t\t\t\t\t\t\t\t<\/div>\n\t\t\t\t<\/div>\n\t\t\t\t\t<\/div>\n\t\t<\/div>\n\t\t\t\t<div class=\"elementor-column elementor-col-50 elementor-top-column elementor-element elementor-element-7adea4d elementor-invisible\" data-id=\"7adea4d\" data-element_type=\"column\" data-settings=\"{&quot;animation&quot;:&quot;fadeInRight&quot;,&quot;background_background&quot;:&quot;classic&quot;}\">\n\t\t\t<div class=\"elementor-widget-wrap elementor-element-populated\">\n\t\t\t\t\t\t<div class=\"elementor-element elementor-element-2a882ca elementor-align-center elementor-widget elementor-widget-button\" data-id=\"2a882ca\" data-element_type=\"widget\" data-widget_type=\"button.default\">\n\t\t\t\t<div class=\"elementor-widget-container\">\n\t\t\t\t\t<div class=\"elementor-button-wrapper\">\n\t\t\t<a class=\"elementor-button elementor-button-link elementor-size-lg\" href=\"https:\/\/vivesanobrasil.org\/producto\/certificacion-internacional-en-alimentacion-y-nutricion-vegetariana-aplicada-en-el-ciclo-vital-iii-edicion\/\">\n\t\t\t\t\t\t<span class=\"elementor-button-content-wrapper\">\n\t\t\t\t\t\t\t\t\t<span class=\"elementor-button-text\">Inscripciones<\/span>\n\t\t\t\t\t<\/span>\n\t\t\t\t\t<\/a>\n\t\t<\/div>\n\t\t\t\t<\/div>\n\t\t\t\t<\/div>\n\t\t\t\t<div class=\"elementor-element elementor-element-259869b elementor-align-center elementor-widget elementor-widget-button\" data-id=\"259869b\" data-element_type=\"widget\" data-widget_type=\"button.default\">\n\t\t\t\t<div class=\"elementor-widget-container\">\n\t\t\t\t\t<div class=\"elementor-button-wrapper\">\n\t\t\t<a class=\"elementor-button elementor-button-link elementor-size-lg\" href=\"https:\/\/docs.google.com\/forms\/d\/e\/1FAIpQLSeAlj1GBUsjL5iNW7Ea_UOLwEL38j6dO5eGFqOGNEuvN70duQ\/viewform\">\n\t\t\t\t\t\t<span class=\"elementor-button-content-wrapper\">\n\t\t\t\t\t\t\t\t\t<span class=\"elementor-button-text\">Formulario de Inscripci\u00f3n<\/span>\n\t\t\t\t\t<\/span>\n\t\t\t\t\t<\/a>\n\t\t<\/div>\n\t\t\t\t<\/div>\n\t\t\t\t<\/div>\n\t\t\t\t\t<\/div>\n\t\t<\/div>\n\t\t\t\t\t<\/div>\n\t\t<\/section>\n\t\t\t\t<section class=\"elementor-section elementor-top-section elementor-element elementor-element-1c086dc elementor-section-full_width elementor-section-height-default elementor-section-height-default elementor-invisible\" data-id=\"1c086dc\" data-element_type=\"section\" data-settings=\"{&quot;animation&quot;:&quot;fadeInLeft&quot;}\">\n\t\t\t\t\t\t<div class=\"elementor-container elementor-column-gap-no\">\n\t\t\t\t\t<div class=\"elementor-column elementor-col-100 elementor-top-column elementor-element elementor-element-ffeee85\" data-id=\"ffeee85\" data-element_type=\"column\">\n\t\t\t<div class=\"elementor-widget-wrap elementor-element-populated\">\n\t\t\t\t\t\t<div class=\"elementor-element elementor-element-98bb3fa elementor-widget elementor-widget-heading\" data-id=\"98bb3fa\" data-element_type=\"widget\" data-widget_type=\"heading.default\">\n\t\t\t\t<div class=\"elementor-widget-container\">\n\t\t\t<h1 class=\"elementor-heading-title elementor-size-default\">Modulos<\/h1>\t\t<\/div>\n\t\t\t\t<\/div>\n\t\t\t\t<section class=\"elementor-section elementor-inner-section elementor-element elementor-element-d5a319f elementor-section-full_width elementor-section-height-default elementor-section-height-default\" data-id=\"d5a319f\" data-element_type=\"section\">\n\t\t\t\t\t\t<div class=\"elementor-container elementor-column-gap-default\">\n\t\t\t\t\t<div class=\"elementor-column elementor-col-33 elementor-inner-column elementor-element elementor-element-1cd7daa\" data-id=\"1cd7daa\" data-element_type=\"column\">\n\t\t\t<div class=\"elementor-widget-wrap elementor-element-populated\">\n\t\t\t\t\t\t<div class=\"elementor-element elementor-element-baaddb0 elementor-widget elementor-widget-image\" data-id=\"baaddb0\" data-element_type=\"widget\" data-widget_type=\"image.default\">\n\t\t\t\t<div class=\"elementor-widget-container\">\n\t\t\t\t\t\t\t\t\t\t\t\t\t<img decoding=\"async\" data-attachment-id=\"18825\" data-permalink=\"https:\/\/vivesanobrasil.org\/pb\/certificacion-internacional-en-alimentacion-y-nutricion-vegetariana-aplicada-en-el-ciclo-vital-iii-edicion\/modulo1\/\" data-orig-file=\"https:\/\/i0.wp.com\/vivesanobrasil.org\/wp-content\/uploads\/2021\/02\/modulo1.jpg?fit=1414%2C2000&amp;ssl=1\" data-orig-size=\"1414,2000\" data-comments-opened=\"1\" data-image-meta=\"{&quot;aperture&quot;:&quot;0&quot;,&quot;credit&quot;:&quot;&quot;,&quot;camera&quot;:&quot;&quot;,&quot;caption&quot;:&quot;&quot;,&quot;created_timestamp&quot;:&quot;0&quot;,&quot;copyright&quot;:&quot;&quot;,&quot;focal_length&quot;:&quot;0&quot;,&quot;iso&quot;:&quot;0&quot;,&quot;shutter_speed&quot;:&quot;0&quot;,&quot;title&quot;:&quot;&quot;,&quot;orientation&quot;:&quot;0&quot;}\" data-image-title=\"modulo1\" data-image-description=\"\" data-image-caption=\"\" data-large-file=\"https:\/\/i0.wp.com\/vivesanobrasil.org\/wp-content\/uploads\/2021\/02\/modulo1.jpg?fit=724%2C1024&amp;ssl=1\" width=\"724\" height=\"1024\" src=\"https:\/\/i0.wp.com\/vivesanobrasil.org\/wp-content\/uploads\/2021\/02\/modulo1.jpg?fit=724%2C1024&amp;ssl=1\" class=\"attachment-large size-large wp-image-18825\" alt=\"\" srcset=\"https:\/\/i0.wp.com\/vivesanobrasil.org\/wp-content\/uploads\/2021\/02\/modulo1.jpg?w=1414&amp;ssl=1 1414w, https:\/\/i0.wp.com\/vivesanobrasil.org\/wp-content\/uploads\/2021\/02\/modulo1.jpg?resize=212%2C300&amp;ssl=1 212w, https:\/\/i0.wp.com\/vivesanobrasil.org\/wp-content\/uploads\/2021\/02\/modulo1.jpg?resize=724%2C1024&amp;ssl=1 724w, https:\/\/i0.wp.com\/vivesanobrasil.org\/wp-content\/uploads\/2021\/02\/modulo1.jpg?resize=768%2C1086&amp;ssl=1 768w, https:\/\/i0.wp.com\/vivesanobrasil.org\/wp-content\/uploads\/2021\/02\/modulo1.jpg?resize=1086%2C1536&amp;ssl=1 1086w, https:\/\/i0.wp.com\/vivesanobrasil.org\/wp-content\/uploads\/2021\/02\/modulo1.jpg?resize=42%2C60&amp;ssl=1 42w, https:\/\/i0.wp.com\/vivesanobrasil.org\/wp-content\/uploads\/2021\/02\/modulo1.jpg?resize=350%2C495&amp;ssl=1 350w, https:\/\/i0.wp.com\/vivesanobrasil.org\/wp-content\/uploads\/2021\/02\/modulo1.jpg?resize=500%2C707&amp;ssl=1 500w, https:\/\/i0.wp.com\/vivesanobrasil.org\/wp-content\/uploads\/2021\/02\/modulo1.jpg?resize=700%2C990&amp;ssl=1 700w\" sizes=\"(max-width: 724px) 100vw, 724px\" data-attachment-id=\"18825\" data-permalink=\"https:\/\/vivesanobrasil.org\/pb\/certificacion-internacional-en-alimentacion-y-nutricion-vegetariana-aplicada-en-el-ciclo-vital-iii-edicion\/modulo1\/\" data-orig-file=\"https:\/\/i0.wp.com\/vivesanobrasil.org\/wp-content\/uploads\/2021\/02\/modulo1.jpg?fit=1414%2C2000&amp;ssl=1\" data-orig-size=\"1414,2000\" data-comments-opened=\"1\" data-image-meta=\"{&quot;aperture&quot;:&quot;0&quot;,&quot;credit&quot;:&quot;&quot;,&quot;camera&quot;:&quot;&quot;,&quot;caption&quot;:&quot;&quot;,&quot;created_timestamp&quot;:&quot;0&quot;,&quot;copyright&quot;:&quot;&quot;,&quot;focal_length&quot;:&quot;0&quot;,&quot;iso&quot;:&quot;0&quot;,&quot;shutter_speed&quot;:&quot;0&quot;,&quot;title&quot;:&quot;&quot;,&quot;orientation&quot;:&quot;0&quot;}\" data-image-title=\"modulo1\" data-image-description=\"\" data-image-caption=\"\" data-large-file=\"https:\/\/i0.wp.com\/vivesanobrasil.org\/wp-content\/uploads\/2021\/02\/modulo1.jpg?fit=724%2C1024&amp;ssl=1\" \/>\t\t\t\t\t\t\t\t\t\t\t\t\t<\/div>\n\t\t\t\t<\/div>\n\t\t\t\t\t<\/div>\n\t\t<\/div>\n\t\t\t\t<div class=\"elementor-column elementor-col-33 elementor-inner-column elementor-element elementor-element-dfa2880\" data-id=\"dfa2880\" data-element_type=\"column\">\n\t\t\t<div class=\"elementor-widget-wrap elementor-element-populated\">\n\t\t\t\t\t\t<div class=\"elementor-element elementor-element-3425cf3 elementor-widget elementor-widget-image\" data-id=\"3425cf3\" data-element_type=\"widget\" data-widget_type=\"image.default\">\n\t\t\t\t<div class=\"elementor-widget-container\">\n\t\t\t\t\t\t\t\t\t\t\t\t\t<img loading=\"lazy\" decoding=\"async\" data-attachment-id=\"18826\" data-permalink=\"https:\/\/vivesanobrasil.org\/pb\/certificacion-internacional-en-alimentacion-y-nutricion-vegetariana-aplicada-en-el-ciclo-vital-iii-edicion\/modulo2\/\" data-orig-file=\"https:\/\/i0.wp.com\/vivesanobrasil.org\/wp-content\/uploads\/2021\/02\/modulo2.jpg?fit=1414%2C2000&amp;ssl=1\" data-orig-size=\"1414,2000\" data-comments-opened=\"1\" data-image-meta=\"{&quot;aperture&quot;:&quot;0&quot;,&quot;credit&quot;:&quot;&quot;,&quot;camera&quot;:&quot;&quot;,&quot;caption&quot;:&quot;&quot;,&quot;created_timestamp&quot;:&quot;0&quot;,&quot;copyright&quot;:&quot;&quot;,&quot;focal_length&quot;:&quot;0&quot;,&quot;iso&quot;:&quot;0&quot;,&quot;shutter_speed&quot;:&quot;0&quot;,&quot;title&quot;:&quot;&quot;,&quot;orientation&quot;:&quot;0&quot;}\" data-image-title=\"modulo2\" data-image-description=\"\" data-image-caption=\"\" data-large-file=\"https:\/\/i0.wp.com\/vivesanobrasil.org\/wp-content\/uploads\/2021\/02\/modulo2.jpg?fit=724%2C1024&amp;ssl=1\" width=\"724\" height=\"1024\" src=\"https:\/\/i0.wp.com\/vivesanobrasil.org\/wp-content\/uploads\/2021\/02\/modulo2.jpg?fit=724%2C1024&amp;ssl=1\" class=\"attachment-large size-large wp-image-18826\" alt=\"\" srcset=\"https:\/\/i0.wp.com\/vivesanobrasil.org\/wp-content\/uploads\/2021\/02\/modulo2.jpg?w=1414&amp;ssl=1 1414w, https:\/\/i0.wp.com\/vivesanobrasil.org\/wp-content\/uploads\/2021\/02\/modulo2.jpg?resize=212%2C300&amp;ssl=1 212w, https:\/\/i0.wp.com\/vivesanobrasil.org\/wp-content\/uploads\/2021\/02\/modulo2.jpg?resize=724%2C1024&amp;ssl=1 724w, https:\/\/i0.wp.com\/vivesanobrasil.org\/wp-content\/uploads\/2021\/02\/modulo2.jpg?resize=768%2C1086&amp;ssl=1 768w, https:\/\/i0.wp.com\/vivesanobrasil.org\/wp-content\/uploads\/2021\/02\/modulo2.jpg?resize=1086%2C1536&amp;ssl=1 1086w, https:\/\/i0.wp.com\/vivesanobrasil.org\/wp-content\/uploads\/2021\/02\/modulo2.jpg?resize=42%2C60&amp;ssl=1 42w, https:\/\/i0.wp.com\/vivesanobrasil.org\/wp-content\/uploads\/2021\/02\/modulo2.jpg?resize=350%2C495&amp;ssl=1 350w, https:\/\/i0.wp.com\/vivesanobrasil.org\/wp-content\/uploads\/2021\/02\/modulo2.jpg?resize=500%2C707&amp;ssl=1 500w, https:\/\/i0.wp.com\/vivesanobrasil.org\/wp-content\/uploads\/2021\/02\/modulo2.jpg?resize=700%2C990&amp;ssl=1 700w\" sizes=\"(max-width: 724px) 100vw, 724px\" data-attachment-id=\"18826\" data-permalink=\"https:\/\/vivesanobrasil.org\/pb\/certificacion-internacional-en-alimentacion-y-nutricion-vegetariana-aplicada-en-el-ciclo-vital-iii-edicion\/modulo2\/\" data-orig-file=\"https:\/\/i0.wp.com\/vivesanobrasil.org\/wp-content\/uploads\/2021\/02\/modulo2.jpg?fit=1414%2C2000&amp;ssl=1\" data-orig-size=\"1414,2000\" data-comments-opened=\"1\" data-image-meta=\"{&quot;aperture&quot;:&quot;0&quot;,&quot;credit&quot;:&quot;&quot;,&quot;camera&quot;:&quot;&quot;,&quot;caption&quot;:&quot;&quot;,&quot;created_timestamp&quot;:&quot;0&quot;,&quot;copyright&quot;:&quot;&quot;,&quot;focal_length&quot;:&quot;0&quot;,&quot;iso&quot;:&quot;0&quot;,&quot;shutter_speed&quot;:&quot;0&quot;,&quot;title&quot;:&quot;&quot;,&quot;orientation&quot;:&quot;0&quot;}\" data-image-title=\"modulo2\" data-image-description=\"\" data-image-caption=\"\" data-large-file=\"https:\/\/i0.wp.com\/vivesanobrasil.org\/wp-content\/uploads\/2021\/02\/modulo2.jpg?fit=724%2C1024&amp;ssl=1\" \/>\t\t\t\t\t\t\t\t\t\t\t\t\t<\/div>\n\t\t\t\t<\/div>\n\t\t\t\t\t<\/div>\n\t\t<\/div>\n\t\t\t\t<div class=\"elementor-column elementor-col-33 elementor-inner-column elementor-element elementor-element-ba9dccf\" data-id=\"ba9dccf\" data-element_type=\"column\">\n\t\t\t<div class=\"elementor-widget-wrap elementor-element-populated\">\n\t\t\t\t\t\t<div class=\"elementor-element elementor-element-3614094 elementor-widget elementor-widget-image\" data-id=\"3614094\" data-element_type=\"widget\" data-widget_type=\"image.default\">\n\t\t\t\t<div class=\"elementor-widget-container\">\n\t\t\t\t\t\t\t\t\t\t\t\t\t<img loading=\"lazy\" decoding=\"async\" data-attachment-id=\"18827\" data-permalink=\"https:\/\/vivesanobrasil.org\/pb\/certificacion-internacional-en-alimentacion-y-nutricion-vegetariana-aplicada-en-el-ciclo-vital-iii-edicion\/modulo3\/\" data-orig-file=\"https:\/\/i0.wp.com\/vivesanobrasil.org\/wp-content\/uploads\/2021\/02\/modulo3.jpg?fit=1414%2C2000&amp;ssl=1\" data-orig-size=\"1414,2000\" data-comments-opened=\"1\" data-image-meta=\"{&quot;aperture&quot;:&quot;0&quot;,&quot;credit&quot;:&quot;&quot;,&quot;camera&quot;:&quot;&quot;,&quot;caption&quot;:&quot;&quot;,&quot;created_timestamp&quot;:&quot;0&quot;,&quot;copyright&quot;:&quot;&quot;,&quot;focal_length&quot;:&quot;0&quot;,&quot;iso&quot;:&quot;0&quot;,&quot;shutter_speed&quot;:&quot;0&quot;,&quot;title&quot;:&quot;&quot;,&quot;orientation&quot;:&quot;0&quot;}\" data-image-title=\"modulo3\" data-image-description=\"\" data-image-caption=\"\" data-large-file=\"https:\/\/i0.wp.com\/vivesanobrasil.org\/wp-content\/uploads\/2021\/02\/modulo3.jpg?fit=724%2C1024&amp;ssl=1\" width=\"724\" height=\"1024\" src=\"https:\/\/i0.wp.com\/vivesanobrasil.org\/wp-content\/uploads\/2021\/02\/modulo3.jpg?fit=724%2C1024&amp;ssl=1\" class=\"attachment-large size-large wp-image-18827\" alt=\"\" srcset=\"https:\/\/i0.wp.com\/vivesanobrasil.org\/wp-content\/uploads\/2021\/02\/modulo3.jpg?w=1414&amp;ssl=1 1414w, https:\/\/i0.wp.com\/vivesanobrasil.org\/wp-content\/uploads\/2021\/02\/modulo3.jpg?resize=212%2C300&amp;ssl=1 212w, https:\/\/i0.wp.com\/vivesanobrasil.org\/wp-content\/uploads\/2021\/02\/modulo3.jpg?resize=724%2C1024&amp;ssl=1 724w, https:\/\/i0.wp.com\/vivesanobrasil.org\/wp-content\/uploads\/2021\/02\/modulo3.jpg?resize=768%2C1086&amp;ssl=1 768w, https:\/\/i0.wp.com\/vivesanobrasil.org\/wp-content\/uploads\/2021\/02\/modulo3.jpg?resize=1086%2C1536&amp;ssl=1 1086w, https:\/\/i0.wp.com\/vivesanobrasil.org\/wp-content\/uploads\/2021\/02\/modulo3.jpg?resize=42%2C60&amp;ssl=1 42w, https:\/\/i0.wp.com\/vivesanobrasil.org\/wp-content\/uploads\/2021\/02\/modulo3.jpg?resize=350%2C495&amp;ssl=1 350w, https:\/\/i0.wp.com\/vivesanobrasil.org\/wp-content\/uploads\/2021\/02\/modulo3.jpg?resize=500%2C707&amp;ssl=1 500w, https:\/\/i0.wp.com\/vivesanobrasil.org\/wp-content\/uploads\/2021\/02\/modulo3.jpg?resize=700%2C990&amp;ssl=1 700w\" sizes=\"(max-width: 724px) 100vw, 724px\" data-attachment-id=\"18827\" data-permalink=\"https:\/\/vivesanobrasil.org\/pb\/certificacion-internacional-en-alimentacion-y-nutricion-vegetariana-aplicada-en-el-ciclo-vital-iii-edicion\/modulo3\/\" data-orig-file=\"https:\/\/i0.wp.com\/vivesanobrasil.org\/wp-content\/uploads\/2021\/02\/modulo3.jpg?fit=1414%2C2000&amp;ssl=1\" data-orig-size=\"1414,2000\" data-comments-opened=\"1\" data-image-meta=\"{&quot;aperture&quot;:&quot;0&quot;,&quot;credit&quot;:&quot;&quot;,&quot;camera&quot;:&quot;&quot;,&quot;caption&quot;:&quot;&quot;,&quot;created_timestamp&quot;:&quot;0&quot;,&quot;copyright&quot;:&quot;&quot;,&quot;focal_length&quot;:&quot;0&quot;,&quot;iso&quot;:&quot;0&quot;,&quot;shutter_speed&quot;:&quot;0&quot;,&quot;title&quot;:&quot;&quot;,&quot;orientation&quot;:&quot;0&quot;}\" data-image-title=\"modulo3\" data-image-description=\"\" data-image-caption=\"\" data-large-file=\"https:\/\/i0.wp.com\/vivesanobrasil.org\/wp-content\/uploads\/2021\/02\/modulo3.jpg?fit=724%2C1024&amp;ssl=1\" \/>\t\t\t\t\t\t\t\t\t\t\t\t\t<\/div>\n\t\t\t\t<\/div>\n\t\t\t\t\t<\/div>\n\t\t<\/div>\n\t\t\t\t\t<\/div>\n\t\t<\/section>\n\t\t\t\t\t<\/div>\n\t\t<\/div>\n\t\t\t\t\t<\/div>\n\t\t<\/section>\n\t\t\t\t<section class=\"elementor-section elementor-top-section elementor-element elementor-element-dbfa7f7 elementor-section-boxed elementor-section-height-default elementor-section-height-default\" data-id=\"dbfa7f7\" data-element_type=\"section\">\n\t\t\t\t\t\t<div class=\"elementor-container elementor-column-gap-default\">\n\t\t\t\t\t<div class=\"elementor-column elementor-col-100 elementor-top-column elementor-element elementor-element-3a985a1\" data-id=\"3a985a1\" data-element_type=\"column\">\n\t\t\t<div class=\"elementor-widget-wrap elementor-element-populated\">\n\t\t\t\t\t\t<div class=\"elementor-element elementor-element-acea7e9 elementor-widget elementor-widget-video\" data-id=\"acea7e9\" data-element_type=\"widget\" data-settings=\"{&quot;youtube_url&quot;:&quot;https:\\\/\\\/www.youtube.com\\\/watch?v=2Ajc95t2uTo&quot;,&quot;video_type&quot;:&quot;youtube&quot;,&quot;controls&quot;:&quot;yes&quot;}\" data-widget_type=\"video.default\">\n\t\t\t\t<div class=\"elementor-widget-container\">\n\t\t\t\t\t<div class=\"elementor-wrapper elementor-open-inline\">\n\t\t\t<div class=\"elementor-video\"><\/div>\t\t<\/div>\n\t\t\t\t<\/div>\n\t\t\t\t<\/div>\n\t\t\t\t\t<\/div>\n\t\t<\/div>\n\t\t\t\t\t<\/div>\n\t\t<\/section>\n\t\t\t\t<\/div>\n\t\t<div class='cb-post-url-qr-code'><br><img src='https:\/\/api.qrserver.com\/v1\/create-qr-code\/?size=185x185&ecc=L&qzone=1&data=https%3A%2F%2Fvivesanobrasil.org%2Fpb%2Fcertificacion-internacional-en-alimentacion-y-nutricion-vegetariana-aplicada-en-el-ciclo-vital-iii-edicion%2F' alt='Certificaci\u00f3n Internacional en Alimentaci\u00f3n y Nutrici\u00f3n Vegetariana aplicada en el Ciclo Vital. III Edici\u00f3n.'\/><\/div>","protected":false},"excerpt":{"rendered":"<p>Durante los \u00faltimos a\u00f1os, a nivel mundial ha aumentado considerablemente el n\u00famero de individuos que deciden adoptar un estilo de vida vegetariano, ya sea por motivos de salud, medioambientales o a causas animalistas. Aunque existen multitud de variantes de estas dietas, la ovolactovegetariana y la vegetariana estricta o vegana suelen ser las m\u00e1s comunes. Esta [&hellip;]<\/p>\n","protected":false},"author":135836161,"featured_media":18783,"comment_status":"open","ping_status":"open","sticky":false,"template":"elementor_header_footer","format":"standard","meta":{"_acf_changed":false,"_coblocks_attr":"","_coblocks_dimensions":"","_coblocks_responsive_height":"","_coblocks_accordion_ie_support":"","_crdt_document":"","om_disable_all_campaigns":false,"_monsterinsights_skip_tracking":false,"_monsterinsights_sitenote_active":false,"_monsterinsights_sitenote_note":"","_monsterinsights_sitenote_category":0,"_jetpack_newsletter_access":"","_jetpack_dont_email_post_to_subs":false,"_jetpack_newsletter_tier_id":0,"_jetpack_memberships_contains_paywalled_content":false,"_jetpack_memberships_contains_paid_content":false,"footnotes":"","jetpack_publicize_message":"Certificaci\u00f3n en Lactancia Materna y Alimentaci\u00f3n Complementaria. \u201cImportancia de la nutrici\u00f3n en los primeros 1000 d\u00edas de vida\u201d","jetpack_publicize_feature_enabled":true,"jetpack_social_post_already_shared":true,"jetpack_social_options":{"image_generator_settings":{"template":"highway","default_image_id":0,"font":"","enabled":false},"version":2},"_wpas_customize_per_network":false,"jetpack_post_was_ever_published":false},"categories":[675839541,675839553,675839550],"tags":[],"class_list":["post-18805","post","type-post","status-publish","format-standard","has-post-thumbnail","hentry","category-actividades-educativas","category-cursos","category-oferta-academica"],"acf":[],"aioseo_notices":[],"jetpack_publicize_connections":[],"jetpack_featured_media_url":"https:\/\/i0.wp.com\/vivesanobrasil.org\/wp-content\/uploads\/2021\/02\/Feed-Vegetarianismo-3ra.jpg?fit=2048%2C2048&ssl=1","jetpack_likes_enabled":true,"jetpack_sharing_enabled":true,"jetpack_shortlink":"https:\/\/wp.me\/p9Ia6I-4Tj","_links":{"self":[{"href":"https:\/\/vivesanobrasil.org\/pb\/wp-json\/wp\/v2\/posts\/18805","targetHints":{"allow":["GET"]}}],"collection":[{"href":"https:\/\/vivesanobrasil.org\/pb\/wp-json\/wp\/v2\/posts"}],"about":[{"href":"https:\/\/vivesanobrasil.org\/pb\/wp-json\/wp\/v2\/types\/post"}],"author":[{"embeddable":true,"href":"https:\/\/vivesanobrasil.org\/pb\/wp-json\/wp\/v2\/users\/135836161"}],"replies":[{"embeddable":true,"href":"https:\/\/vivesanobrasil.org\/pb\/wp-json\/wp\/v2\/comments?post=18805"}],"version-history":[{"count":0,"href":"https:\/\/vivesanobrasil.org\/pb\/wp-json\/wp\/v2\/posts\/18805\/revisions"}],"wp:featuredmedia":[{"embeddable":true,"href":"https:\/\/vivesanobrasil.org\/pb\/wp-json\/wp\/v2\/media\/18783"}],"wp:attachment":[{"href":"https:\/\/vivesanobrasil.org\/pb\/wp-json\/wp\/v2\/media?parent=18805"}],"wp:term":[{"taxonomy":"category","embeddable":true,"href":"https:\/\/vivesanobrasil.org\/pb\/wp-json\/wp\/v2\/categories?post=18805"},{"taxonomy":"post_tag","embeddable":true,"href":"https:\/\/vivesanobrasil.org\/pb\/wp-json\/wp\/v2\/tags?post=18805"}],"curies":[{"name":"wp","href":"https:\/\/api.w.org\/{rel}","templated":true}]}}