{"id":22501,"date":"2021-05-27T10:37:51","date_gmt":"2021-05-27T13:37:51","guid":{"rendered":"https:\/\/vivesanobrasil.org\/?p=22501"},"modified":"2021-06-16T13:46:35","modified_gmt":"2021-06-16T16:46:35","slug":"certificacion-internacional-en-nutricion-y-geriatria-desafios-en-el-manejo-interdisciplinario","status":"publish","type":"post","link":"https:\/\/vivesanobrasil.org\/pb\/certificacion-internacional-en-nutricion-y-geriatria-desafios-en-el-manejo-interdisciplinario\/","title":{"rendered":"Certificaci\u00f3n Internacional en Nutrici\u00f3n y Geriatr\u00eda, Desaf\u00edos en el Manejo Interdisciplinario"},"content":{"rendered":"\t\t<div data-elementor-type=\"wp-post\" data-elementor-id=\"22501\" class=\"elementor elementor-22501\">\n\t\t\t\t\t\t<section class=\"elementor-section elementor-top-section elementor-element elementor-element-08453a5 elementor-section-stretched elementor-section-full_width elementor-section-height-default elementor-section-height-default elementor-invisible\" data-id=\"08453a5\" data-element_type=\"section\" data-settings=\"{&quot;stretch_section&quot;:&quot;section-stretched&quot;,&quot;animation&quot;:&quot;fadeInDown&quot;}\">\n\t\t\t\t\t\t<div class=\"elementor-container elementor-column-gap-default\">\n\t\t\t\t\t<div class=\"elementor-column elementor-col-100 elementor-top-column elementor-element elementor-element-cb9711a\" data-id=\"cb9711a\" data-element_type=\"column\">\n\t\t\t<div class=\"elementor-widget-wrap elementor-element-populated\">\n\t\t\t\t\t\t<div class=\"elementor-element elementor-element-b7da011 elementor-widget elementor-widget-shortcode\" data-id=\"b7da011\" data-element_type=\"widget\" data-widget_type=\"shortcode.default\">\n\t\t\t\t<div class=\"elementor-widget-container\">\n\t\t\t\t\t<div class=\"elementor-shortcode\">[Button id=\"10\"]<\/div>\n\t\t\t\t<\/div>\n\t\t\t\t<\/div>\n\t\t\t\t\t<\/div>\n\t\t<\/div>\n\t\t\t\t\t<\/div>\n\t\t<\/section>\n\t\t\t\t<section class=\"elementor-section elementor-top-section elementor-element elementor-element-44ac4d3 elementor-section-stretched elementor-section-full_width elementor-section-height-default elementor-section-height-default\" data-id=\"44ac4d3\" data-element_type=\"section\" data-settings=\"{&quot;stretch_section&quot;:&quot;section-stretched&quot;,&quot;background_background&quot;:&quot;classic&quot;}\">\n\t\t\t\t\t\t\t<div class=\"elementor-background-overlay\"><\/div>\n\t\t\t\t\t\t\t<div class=\"elementor-container elementor-column-gap-default\">\n\t\t\t\t\t<div class=\"elementor-column elementor-col-50 elementor-top-column elementor-element elementor-element-01d7f08 elementor-invisible\" data-id=\"01d7f08\" data-element_type=\"column\" data-settings=\"{&quot;animation&quot;:&quot;fadeInLeft&quot;}\">\n\t\t\t<div class=\"elementor-widget-wrap elementor-element-populated\">\n\t\t\t\t\t\t<div class=\"elementor-element elementor-element-945b0bf elementor-widget elementor-widget-text-editor\" data-id=\"945b0bf\" data-element_type=\"widget\" data-widget_type=\"text-editor.default\">\n\t\t\t\t<div class=\"elementor-widget-container\">\n\t\t\t\t\t\t\t<h3 dir=\"ltr\" style=\"text-align: center;\"><span style=\"font-family: arial, sans-serif; color: #ffffff;\">Descripci\u00f3n<br \/><\/span><\/h3><p dir=\"ltr\" style=\"text-align: center;\"><span style=\"color: #ffffff; font-family: arial, sans-serif;\">Esta nueva propuesta acad\u00e9mica puesta en marcha por el Instituto Universitario Vive Sano, busca actualizar a los profesionales nutricionistas en los conceptos fundamentales relacionados con la nutrici\u00f3n y geriatr\u00eda.<\/span><\/p><p dir=\"ltr\" style=\"text-align: center;\"><span style=\"color: #ffffff; font-family: arial, sans-serif;\">El progresivo envejecimiento de la poblaci\u00f3n es uno de los factores que influyen en el aumento de la prevalencia de enfermedades cr\u00f3nicas no transmisibles y s\u00edndromes geri\u00e1tricos y por ende una disminuci\u00f3n en la calidad de vida. Entre el 2000 y el 2050, la proporci\u00f3n de la poblaci\u00f3n mundial que tiene 60 a\u00f1os de edad o m\u00e1s se duplicar\u00e1, y pasar\u00e1 de 11 % a 22 %.<\/span><\/p><p dir=\"ltr\" style=\"text-align: center;\"><span style=\"color: #ffffff; font-family: arial, sans-serif;\">En el pr\u00f3ximo decenio, tanto el envejecimiento poblacional como el envejecimiento individual ser\u00e1n factores importantes que modulan las necesidades de salud, seguridad social y protecci\u00f3n social, as\u00ed como la manera en la cual se satisfar\u00e1n estas necesidades. En este contexto, la mayor\u00eda de los expertos coinciden en que es necesario fomentar intervenciones integradas de salud y elaborar estrategias que permitan a los sistemas de salud adaptarse a las nuevas realidades demogr\u00e1ficas y epidemiol\u00f3gicas.<\/span><\/p>\t\t\t\t\t\t<\/div>\n\t\t\t\t<\/div>\n\t\t\t\t\t<\/div>\n\t\t<\/div>\n\t\t\t\t<div class=\"elementor-column elementor-col-50 elementor-top-column elementor-element elementor-element-cc18ecc elementor-invisible\" data-id=\"cc18ecc\" data-element_type=\"column\" data-settings=\"{&quot;animation&quot;:&quot;fadeInRight&quot;}\">\n\t\t\t<div class=\"elementor-widget-wrap elementor-element-populated\">\n\t\t\t\t\t\t<div class=\"elementor-element elementor-element-18625e8 elementor-widget elementor-widget-text-editor\" data-id=\"18625e8\" data-element_type=\"widget\" data-widget_type=\"text-editor.default\">\n\t\t\t\t<div class=\"elementor-widget-container\">\n\t\t\t\t\t\t\t<h3 dir=\"ltr\" style=\"text-align: center;\"><span style=\"font-family: arial, sans-serif; color: #ffffff;\">Objetivo General\u00a0<br \/><\/span><\/h3><p dir=\"ltr\" style=\"text-align: center;\"><span style=\"color: #ffffff; font-family: arial, sans-serif;\">Integrar herramientas para realizar una valoraci\u00f3n geri\u00e1trica integral adecuada, en los diferentes \u00e1mbitos de acci\u00f3n: domicilio, instituciones geri\u00e1tricas, hospitales, entre otros, como herramienta de diagn\u00f3stico, intervenci\u00f3n y seguimiento para esta poblaci\u00f3n, considerando elementos biopsicosociales para su abordaje exitoso.\u00a0<\/span><\/p><p dir=\"ltr\" style=\"text-align: center;\"><span style=\"color: #ffffff;\">El rol fundamental del Nutricionista es realizar una\u00a0 correcta valoraci\u00f3n del estado de nutrici\u00f3n en las personas mayores que permita mejorar y\/o mantener un \u00f3ptimo estado de salud, sin olvidar que el acto alimentario debe darse en un marco de respeto y adecuaci\u00f3n al contexto social, econ\u00f3mico y cultural del individuo y\/o\u00a0 poblaci\u00f3n.<\/span><\/p>\t\t\t\t\t\t<\/div>\n\t\t\t\t<\/div>\n\t\t\t\t\t<\/div>\n\t\t<\/div>\n\t\t\t\t\t<\/div>\n\t\t<\/section>\n\t\t\t\t<section class=\"elementor-section elementor-top-section elementor-element elementor-element-a8d4e3e elementor-section-stretched elementor-section-full_width elementor-section-height-default elementor-section-height-default\" data-id=\"a8d4e3e\" data-element_type=\"section\" data-settings=\"{&quot;stretch_section&quot;:&quot;section-stretched&quot;,&quot;background_background&quot;:&quot;classic&quot;}\">\n\t\t\t\t\t\t<div class=\"elementor-container elementor-column-gap-no\">\n\t\t\t\t\t<div class=\"elementor-column elementor-col-50 elementor-top-column elementor-element elementor-element-a677c15 elementor-invisible\" data-id=\"a677c15\" data-element_type=\"column\" data-settings=\"{&quot;animation&quot;:&quot;fadeInLeft&quot;}\">\n\t\t\t<div class=\"elementor-widget-wrap elementor-element-populated\">\n\t\t\t\t\t\t<div class=\"elementor-element elementor-element-10cf0b9 elementor-widget elementor-widget-image\" data-id=\"10cf0b9\" data-element_type=\"widget\" data-widget_type=\"image.default\">\n\t\t\t\t<div class=\"elementor-widget-container\">\n\t\t\t\t\t\t\t\t\t\t\t\t\t<img fetchpriority=\"high\" decoding=\"async\" data-attachment-id=\"22555\" data-permalink=\"https:\/\/vivesanobrasil.org\/pb\/geriatria\/\" data-orig-file=\"https:\/\/i0.wp.com\/vivesanobrasil.org\/wp-content\/uploads\/2021\/05\/GERIATRIA.jpg?fit=1080%2C1080&amp;ssl=1\" data-orig-size=\"1080,1080\" data-comments-opened=\"1\" data-image-meta=\"{&quot;aperture&quot;:&quot;0&quot;,&quot;credit&quot;:&quot;&quot;,&quot;camera&quot;:&quot;&quot;,&quot;caption&quot;:&quot;&quot;,&quot;created_timestamp&quot;:&quot;0&quot;,&quot;copyright&quot;:&quot;&quot;,&quot;focal_length&quot;:&quot;0&quot;,&quot;iso&quot;:&quot;0&quot;,&quot;shutter_speed&quot;:&quot;0&quot;,&quot;title&quot;:&quot;&quot;,&quot;orientation&quot;:&quot;1&quot;}\" data-image-title=\"GERIATR\u00cdA\" data-image-description=\"\" data-image-caption=\"\" data-large-file=\"https:\/\/i0.wp.com\/vivesanobrasil.org\/wp-content\/uploads\/2021\/05\/GERIATRIA.jpg?fit=1024%2C1024&amp;ssl=1\" width=\"1080\" height=\"1080\" src=\"https:\/\/i0.wp.com\/vivesanobrasil.org\/wp-content\/uploads\/2021\/05\/GERIATRIA.jpg?fit=1080%2C1080&amp;ssl=1\" class=\"attachment-full size-full wp-image-22555\" alt=\"\" srcset=\"https:\/\/i0.wp.com\/vivesanobrasil.org\/wp-content\/uploads\/2021\/05\/GERIATRIA.jpg?w=1080&amp;ssl=1 1080w, https:\/\/i0.wp.com\/vivesanobrasil.org\/wp-content\/uploads\/2021\/05\/GERIATRIA.jpg?resize=300%2C300&amp;ssl=1 300w, https:\/\/i0.wp.com\/vivesanobrasil.org\/wp-content\/uploads\/2021\/05\/GERIATRIA.jpg?resize=1024%2C1024&amp;ssl=1 1024w, https:\/\/i0.wp.com\/vivesanobrasil.org\/wp-content\/uploads\/2021\/05\/GERIATRIA.jpg?resize=150%2C150&amp;ssl=1 150w, https:\/\/i0.wp.com\/vivesanobrasil.org\/wp-content\/uploads\/2021\/05\/GERIATRIA.jpg?resize=768%2C768&amp;ssl=1 768w, https:\/\/i0.wp.com\/vivesanobrasil.org\/wp-content\/uploads\/2021\/05\/GERIATRIA.jpg?resize=144%2C144&amp;ssl=1 144w, https:\/\/i0.wp.com\/vivesanobrasil.org\/wp-content\/uploads\/2021\/05\/GERIATRIA.jpg?resize=60%2C60&amp;ssl=1 60w, https:\/\/i0.wp.com\/vivesanobrasil.org\/wp-content\/uploads\/2021\/05\/GERIATRIA.jpg?resize=350%2C350&amp;ssl=1 350w, https:\/\/i0.wp.com\/vivesanobrasil.org\/wp-content\/uploads\/2021\/05\/GERIATRIA.jpg?resize=500%2C500&amp;ssl=1 500w, https:\/\/i0.wp.com\/vivesanobrasil.org\/wp-content\/uploads\/2021\/05\/GERIATRIA.jpg?resize=700%2C700&amp;ssl=1 700w, https:\/\/i0.wp.com\/vivesanobrasil.org\/wp-content\/uploads\/2021\/05\/GERIATRIA.jpg?resize=100%2C100&amp;ssl=1 100w\" sizes=\"(max-width: 1000px) 100vw, 1000px\" data-attachment-id=\"22555\" data-permalink=\"https:\/\/vivesanobrasil.org\/pb\/geriatria\/\" data-orig-file=\"https:\/\/i0.wp.com\/vivesanobrasil.org\/wp-content\/uploads\/2021\/05\/GERIATRIA.jpg?fit=1080%2C1080&amp;ssl=1\" data-orig-size=\"1080,1080\" data-comments-opened=\"1\" data-image-meta=\"{&quot;aperture&quot;:&quot;0&quot;,&quot;credit&quot;:&quot;&quot;,&quot;camera&quot;:&quot;&quot;,&quot;caption&quot;:&quot;&quot;,&quot;created_timestamp&quot;:&quot;0&quot;,&quot;copyright&quot;:&quot;&quot;,&quot;focal_length&quot;:&quot;0&quot;,&quot;iso&quot;:&quot;0&quot;,&quot;shutter_speed&quot;:&quot;0&quot;,&quot;title&quot;:&quot;&quot;,&quot;orientation&quot;:&quot;1&quot;}\" data-image-title=\"GERIATR\u00cdA\" data-image-description=\"\" data-image-caption=\"\" data-large-file=\"https:\/\/i0.wp.com\/vivesanobrasil.org\/wp-content\/uploads\/2021\/05\/GERIATRIA.jpg?fit=1024%2C1024&amp;ssl=1\" \/>\t\t\t\t\t\t\t\t\t\t\t\t\t<\/div>\n\t\t\t\t<\/div>\n\t\t\t\t\t<\/div>\n\t\t<\/div>\n\t\t\t\t<div class=\"elementor-column elementor-col-50 elementor-top-column elementor-element elementor-element-8ce1ccc elementor-invisible\" data-id=\"8ce1ccc\" data-element_type=\"column\" data-settings=\"{&quot;animation&quot;:&quot;fadeInRight&quot;,&quot;background_background&quot;:&quot;classic&quot;}\">\n\t\t\t<div class=\"elementor-widget-wrap elementor-element-populated\">\n\t\t\t\t\t\t<section class=\"elementor-section elementor-inner-section elementor-element elementor-element-6033dae elementor-section-boxed elementor-section-height-default elementor-section-height-default\" data-id=\"6033dae\" data-element_type=\"section\">\n\t\t\t\t\t\t<div class=\"elementor-container elementor-column-gap-default\">\n\t\t\t\t\t<div class=\"elementor-column elementor-col-100 elementor-inner-column elementor-element elementor-element-566f302\" data-id=\"566f302\" data-element_type=\"column\">\n\t\t\t<div class=\"elementor-widget-wrap elementor-element-populated\">\n\t\t\t\t\t\t<div class=\"elementor-element elementor-element-3a8a14d elementor-align-center elementor-widget elementor-widget-button\" data-id=\"3a8a14d\" data-element_type=\"widget\" data-widget_type=\"button.default\">\n\t\t\t\t<div class=\"elementor-widget-container\">\n\t\t\t\t\t<div class=\"elementor-button-wrapper\">\n\t\t\t<a class=\"elementor-button elementor-button-link elementor-size-lg\" href=\"https:\/\/vivesanobrasil.org\/wp-content\/uploads\/2021\/05\/Cronograma-Geriatria-1.pdf\">\n\t\t\t\t\t\t<span class=\"elementor-button-content-wrapper\">\n\t\t\t\t\t\t\t\t\t<span class=\"elementor-button-text\">Cronograma<\/span>\n\t\t\t\t\t<\/span>\n\t\t\t\t\t<\/a>\n\t\t<\/div>\n\t\t\t\t<\/div>\n\t\t\t\t<\/div>\n\t\t\t\t<div class=\"elementor-element elementor-element-0e73b57 elementor-align-center elementor-widget elementor-widget-button\" data-id=\"0e73b57\" data-element_type=\"widget\" data-widget_type=\"button.default\">\n\t\t\t\t<div class=\"elementor-widget-container\">\n\t\t\t\t\t<div class=\"elementor-button-wrapper\">\n\t\t\t<a class=\"elementor-button elementor-button-link elementor-size-lg\" href=\"https:\/\/vivesanobrasil.org\/wp-content\/uploads\/2021\/05\/Programa-Geriatria-1-comprimido.pdf\">\n\t\t\t\t\t\t<span class=\"elementor-button-content-wrapper\">\n\t\t\t\t\t\t\t\t\t<span class=\"elementor-button-text\">Programa<\/span>\n\t\t\t\t\t<\/span>\n\t\t\t\t\t<\/a>\n\t\t<\/div>\n\t\t\t\t<\/div>\n\t\t\t\t<\/div>\n\t\t\t\t<div class=\"elementor-element elementor-element-2a882ca elementor-align-center elementor-widget elementor-widget-button\" data-id=\"2a882ca\" data-element_type=\"widget\" data-widget_type=\"button.default\">\n\t\t\t\t<div class=\"elementor-widget-container\">\n\t\t\t\t\t<div class=\"elementor-button-wrapper\">\n\t\t\t<a class=\"elementor-button elementor-button-link elementor-size-lg\" href=\"https:\/\/vivesanobrasil.org\/producto\/certificacion-internacional-en-nutricion-y-geriatria-desafios-en-el-manejo-interdisciplinario\/\">\n\t\t\t\t\t\t<span class=\"elementor-button-content-wrapper\">\n\t\t\t\t\t\t\t\t\t<span class=\"elementor-button-text\">Inscripciones<\/span>\n\t\t\t\t\t<\/span>\n\t\t\t\t\t<\/a>\n\t\t<\/div>\n\t\t\t\t<\/div>\n\t\t\t\t<\/div>\n\t\t\t\t<div class=\"elementor-element elementor-element-259869b elementor-align-center elementor-widget elementor-widget-button\" data-id=\"259869b\" data-element_type=\"widget\" data-widget_type=\"button.default\">\n\t\t\t\t<div class=\"elementor-widget-container\">\n\t\t\t\t\t<div class=\"elementor-button-wrapper\">\n\t\t\t<a class=\"elementor-button elementor-button-link elementor-size-lg\" href=\"https:\/\/docs.google.com\/forms\/d\/e\/1FAIpQLSc8kwMn7I-ep5hVsLwhVf_MTpOw2ii0IZ2lYA6UA1-1mjOyug\/viewform\">\n\t\t\t\t\t\t<span class=\"elementor-button-content-wrapper\">\n\t\t\t\t\t\t\t\t\t<span class=\"elementor-button-text\">Formulario de Inscripci\u00f3n<\/span>\n\t\t\t\t\t<\/span>\n\t\t\t\t\t<\/a>\n\t\t<\/div>\n\t\t\t\t<\/div>\n\t\t\t\t<\/div>\n\t\t\t\t\t<\/div>\n\t\t<\/div>\n\t\t\t\t\t<\/div>\n\t\t<\/section>\n\t\t\t\t\t<\/div>\n\t\t<\/div>\n\t\t\t\t\t<\/div>\n\t\t<\/section>\n\t\t\t\t<section class=\"elementor-section elementor-top-section elementor-element elementor-element-1c086dc elementor-section-full_width elementor-hidden-desktop elementor-hidden-tablet elementor-hidden-phone elementor-section-height-default elementor-section-height-default elementor-invisible\" data-id=\"1c086dc\" data-element_type=\"section\" data-settings=\"{&quot;animation&quot;:&quot;fadeInLeft&quot;}\">\n\t\t\t\t\t\t<div class=\"elementor-container elementor-column-gap-no\">\n\t\t\t\t\t<div class=\"elementor-column elementor-col-100 elementor-top-column elementor-element elementor-element-ffeee85\" data-id=\"ffeee85\" data-element_type=\"column\">\n\t\t\t<div class=\"elementor-widget-wrap elementor-element-populated\">\n\t\t\t\t\t\t<div class=\"elementor-element elementor-element-98bb3fa elementor-widget elementor-widget-heading\" data-id=\"98bb3fa\" data-element_type=\"widget\" data-widget_type=\"heading.default\">\n\t\t\t\t<div class=\"elementor-widget-container\">\n\t\t\t<h1 class=\"elementor-heading-title elementor-size-default\">Modulos<\/h1>\t\t<\/div>\n\t\t\t\t<\/div>\n\t\t\t\t<section class=\"elementor-section elementor-inner-section elementor-element elementor-element-d5a319f elementor-section-full_width elementor-section-height-default elementor-section-height-default\" data-id=\"d5a319f\" data-element_type=\"section\">\n\t\t\t\t\t\t<div class=\"elementor-container elementor-column-gap-default\">\n\t\t\t\t\t<div class=\"elementor-column elementor-col-33 elementor-inner-column elementor-element elementor-element-3503bae\" data-id=\"3503bae\" data-element_type=\"column\">\n\t\t\t<div class=\"elementor-widget-wrap elementor-element-populated\">\n\t\t\t\t\t\t<div class=\"elementor-element elementor-element-1d65245 elementor-widget elementor-widget-image\" data-id=\"1d65245\" data-element_type=\"widget\" data-widget_type=\"image.default\">\n\t\t\t\t<div class=\"elementor-widget-container\">\n\t\t\t\t\t\t\t\t\t\t\t\t\t<img decoding=\"async\" data-attachment-id=\"21479\" data-permalink=\"https:\/\/vivesanobrasil.org\/pb\/certificacion-internacional-en-soporte-nutricional-especializado-2\/1-1-4\/\" data-orig-file=\"https:\/\/i0.wp.com\/vivesanobrasil.org\/wp-content\/uploads\/2021\/04\/1-1-1.png?fit=784%2C1080&amp;ssl=1\" data-orig-size=\"784,1080\" data-comments-opened=\"1\" data-image-meta=\"{&quot;aperture&quot;:&quot;0&quot;,&quot;credit&quot;:&quot;&quot;,&quot;camera&quot;:&quot;&quot;,&quot;caption&quot;:&quot;&quot;,&quot;created_timestamp&quot;:&quot;0&quot;,&quot;copyright&quot;:&quot;&quot;,&quot;focal_length&quot;:&quot;0&quot;,&quot;iso&quot;:&quot;0&quot;,&quot;shutter_speed&quot;:&quot;0&quot;,&quot;title&quot;:&quot;&quot;,&quot;orientation&quot;:&quot;0&quot;}\" data-image-title=\"1 (1)\" data-image-description=\"\" data-image-caption=\"\" data-large-file=\"https:\/\/i0.wp.com\/vivesanobrasil.org\/wp-content\/uploads\/2021\/04\/1-1-1.png?fit=743%2C1024&amp;ssl=1\" width=\"743\" height=\"1024\" src=\"https:\/\/i0.wp.com\/vivesanobrasil.org\/wp-content\/uploads\/2021\/04\/1-1-1.png?fit=743%2C1024&amp;ssl=1\" class=\"attachment-large size-large wp-image-21479\" alt=\"\" srcset=\"https:\/\/i0.wp.com\/vivesanobrasil.org\/wp-content\/uploads\/2021\/04\/1-1-1.png?w=784&amp;ssl=1 784w, https:\/\/i0.wp.com\/vivesanobrasil.org\/wp-content\/uploads\/2021\/04\/1-1-1.png?resize=218%2C300&amp;ssl=1 218w, https:\/\/i0.wp.com\/vivesanobrasil.org\/wp-content\/uploads\/2021\/04\/1-1-1.png?resize=743%2C1024&amp;ssl=1 743w, https:\/\/i0.wp.com\/vivesanobrasil.org\/wp-content\/uploads\/2021\/04\/1-1-1.png?resize=768%2C1058&amp;ssl=1 768w, https:\/\/i0.wp.com\/vivesanobrasil.org\/wp-content\/uploads\/2021\/04\/1-1-1.png?resize=44%2C60&amp;ssl=1 44w, https:\/\/i0.wp.com\/vivesanobrasil.org\/wp-content\/uploads\/2021\/04\/1-1-1.png?resize=350%2C482&amp;ssl=1 350w, https:\/\/i0.wp.com\/vivesanobrasil.org\/wp-content\/uploads\/2021\/04\/1-1-1.png?resize=500%2C689&amp;ssl=1 500w, https:\/\/i0.wp.com\/vivesanobrasil.org\/wp-content\/uploads\/2021\/04\/1-1-1.png?resize=700%2C964&amp;ssl=1 700w\" sizes=\"(max-width: 743px) 100vw, 743px\" data-attachment-id=\"21479\" data-permalink=\"https:\/\/vivesanobrasil.org\/pb\/certificacion-internacional-en-soporte-nutricional-especializado-2\/1-1-4\/\" data-orig-file=\"https:\/\/i0.wp.com\/vivesanobrasil.org\/wp-content\/uploads\/2021\/04\/1-1-1.png?fit=784%2C1080&amp;ssl=1\" data-orig-size=\"784,1080\" data-comments-opened=\"1\" data-image-meta=\"{&quot;aperture&quot;:&quot;0&quot;,&quot;credit&quot;:&quot;&quot;,&quot;camera&quot;:&quot;&quot;,&quot;caption&quot;:&quot;&quot;,&quot;created_timestamp&quot;:&quot;0&quot;,&quot;copyright&quot;:&quot;&quot;,&quot;focal_length&quot;:&quot;0&quot;,&quot;iso&quot;:&quot;0&quot;,&quot;shutter_speed&quot;:&quot;0&quot;,&quot;title&quot;:&quot;&quot;,&quot;orientation&quot;:&quot;0&quot;}\" data-image-title=\"1 (1)\" data-image-description=\"\" data-image-caption=\"\" data-large-file=\"https:\/\/i0.wp.com\/vivesanobrasil.org\/wp-content\/uploads\/2021\/04\/1-1-1.png?fit=743%2C1024&amp;ssl=1\" \/>\t\t\t\t\t\t\t\t\t\t\t\t\t<\/div>\n\t\t\t\t<\/div>\n\t\t\t\t\t<\/div>\n\t\t<\/div>\n\t\t\t\t<div class=\"elementor-column elementor-col-33 elementor-inner-column elementor-element elementor-element-dfa2880\" data-id=\"dfa2880\" data-element_type=\"column\">\n\t\t\t<div class=\"elementor-widget-wrap elementor-element-populated\">\n\t\t\t\t\t\t<div class=\"elementor-element elementor-element-3425cf3 elementor-widget elementor-widget-image\" data-id=\"3425cf3\" data-element_type=\"widget\" data-widget_type=\"image.default\">\n\t\t\t\t<div class=\"elementor-widget-container\">\n\t\t\t\t\t\t\t\t\t\t\t\t\t<img decoding=\"async\" data-attachment-id=\"21480\" data-permalink=\"https:\/\/vivesanobrasil.org\/pb\/certificacion-internacional-en-soporte-nutricional-especializado-2\/2-1-7\/\" data-orig-file=\"https:\/\/i0.wp.com\/vivesanobrasil.org\/wp-content\/uploads\/2021\/04\/2-1-1.png?fit=784%2C1080&amp;ssl=1\" data-orig-size=\"784,1080\" data-comments-opened=\"1\" data-image-meta=\"{&quot;aperture&quot;:&quot;0&quot;,&quot;credit&quot;:&quot;&quot;,&quot;camera&quot;:&quot;&quot;,&quot;caption&quot;:&quot;&quot;,&quot;created_timestamp&quot;:&quot;0&quot;,&quot;copyright&quot;:&quot;&quot;,&quot;focal_length&quot;:&quot;0&quot;,&quot;iso&quot;:&quot;0&quot;,&quot;shutter_speed&quot;:&quot;0&quot;,&quot;title&quot;:&quot;&quot;,&quot;orientation&quot;:&quot;0&quot;}\" data-image-title=\"2 (1)\" data-image-description=\"\" data-image-caption=\"\" data-large-file=\"https:\/\/i0.wp.com\/vivesanobrasil.org\/wp-content\/uploads\/2021\/04\/2-1-1.png?fit=743%2C1024&amp;ssl=1\" width=\"743\" height=\"1024\" src=\"https:\/\/i0.wp.com\/vivesanobrasil.org\/wp-content\/uploads\/2021\/04\/2-1-1.png?fit=743%2C1024&amp;ssl=1\" class=\"attachment-large size-large wp-image-21480\" alt=\"\" srcset=\"https:\/\/i0.wp.com\/vivesanobrasil.org\/wp-content\/uploads\/2021\/04\/2-1-1.png?w=784&amp;ssl=1 784w, https:\/\/i0.wp.com\/vivesanobrasil.org\/wp-content\/uploads\/2021\/04\/2-1-1.png?resize=218%2C300&amp;ssl=1 218w, https:\/\/i0.wp.com\/vivesanobrasil.org\/wp-content\/uploads\/2021\/04\/2-1-1.png?resize=743%2C1024&amp;ssl=1 743w, https:\/\/i0.wp.com\/vivesanobrasil.org\/wp-content\/uploads\/2021\/04\/2-1-1.png?resize=768%2C1058&amp;ssl=1 768w, https:\/\/i0.wp.com\/vivesanobrasil.org\/wp-content\/uploads\/2021\/04\/2-1-1.png?resize=44%2C60&amp;ssl=1 44w, https:\/\/i0.wp.com\/vivesanobrasil.org\/wp-content\/uploads\/2021\/04\/2-1-1.png?resize=350%2C482&amp;ssl=1 350w, https:\/\/i0.wp.com\/vivesanobrasil.org\/wp-content\/uploads\/2021\/04\/2-1-1.png?resize=500%2C689&amp;ssl=1 500w, https:\/\/i0.wp.com\/vivesanobrasil.org\/wp-content\/uploads\/2021\/04\/2-1-1.png?resize=700%2C964&amp;ssl=1 700w\" sizes=\"(max-width: 743px) 100vw, 743px\" data-attachment-id=\"21480\" data-permalink=\"https:\/\/vivesanobrasil.org\/pb\/certificacion-internacional-en-soporte-nutricional-especializado-2\/2-1-7\/\" data-orig-file=\"https:\/\/i0.wp.com\/vivesanobrasil.org\/wp-content\/uploads\/2021\/04\/2-1-1.png?fit=784%2C1080&amp;ssl=1\" data-orig-size=\"784,1080\" data-comments-opened=\"1\" data-image-meta=\"{&quot;aperture&quot;:&quot;0&quot;,&quot;credit&quot;:&quot;&quot;,&quot;camera&quot;:&quot;&quot;,&quot;caption&quot;:&quot;&quot;,&quot;created_timestamp&quot;:&quot;0&quot;,&quot;copyright&quot;:&quot;&quot;,&quot;focal_length&quot;:&quot;0&quot;,&quot;iso&quot;:&quot;0&quot;,&quot;shutter_speed&quot;:&quot;0&quot;,&quot;title&quot;:&quot;&quot;,&quot;orientation&quot;:&quot;0&quot;}\" data-image-title=\"2 (1)\" data-image-description=\"\" data-image-caption=\"\" data-large-file=\"https:\/\/i0.wp.com\/vivesanobrasil.org\/wp-content\/uploads\/2021\/04\/2-1-1.png?fit=743%2C1024&amp;ssl=1\" \/>\t\t\t\t\t\t\t\t\t\t\t\t\t<\/div>\n\t\t\t\t<\/div>\n\t\t\t\t\t<\/div>\n\t\t<\/div>\n\t\t\t\t<div class=\"elementor-column elementor-col-33 elementor-inner-column elementor-element elementor-element-ba9dccf\" data-id=\"ba9dccf\" data-element_type=\"column\">\n\t\t\t<div class=\"elementor-widget-wrap elementor-element-populated\">\n\t\t\t\t\t\t<div class=\"elementor-element elementor-element-3614094 elementor-widget elementor-widget-image\" data-id=\"3614094\" data-element_type=\"widget\" data-widget_type=\"image.default\">\n\t\t\t\t<div class=\"elementor-widget-container\">\n\t\t\t\t\t\t\t\t\t\t\t\t\t<img loading=\"lazy\" decoding=\"async\" data-attachment-id=\"21481\" data-permalink=\"https:\/\/vivesanobrasil.org\/pb\/certificacion-internacional-en-soporte-nutricional-especializado-2\/3-1-5\/\" data-orig-file=\"https:\/\/i0.wp.com\/vivesanobrasil.org\/wp-content\/uploads\/2021\/04\/3-1-1.png?fit=784%2C1080&amp;ssl=1\" data-orig-size=\"784,1080\" data-comments-opened=\"1\" data-image-meta=\"{&quot;aperture&quot;:&quot;0&quot;,&quot;credit&quot;:&quot;&quot;,&quot;camera&quot;:&quot;&quot;,&quot;caption&quot;:&quot;&quot;,&quot;created_timestamp&quot;:&quot;0&quot;,&quot;copyright&quot;:&quot;&quot;,&quot;focal_length&quot;:&quot;0&quot;,&quot;iso&quot;:&quot;0&quot;,&quot;shutter_speed&quot;:&quot;0&quot;,&quot;title&quot;:&quot;&quot;,&quot;orientation&quot;:&quot;0&quot;}\" data-image-title=\"3 (1)\" data-image-description=\"\" data-image-caption=\"\" data-large-file=\"https:\/\/i0.wp.com\/vivesanobrasil.org\/wp-content\/uploads\/2021\/04\/3-1-1.png?fit=743%2C1024&amp;ssl=1\" width=\"743\" height=\"1024\" src=\"https:\/\/i0.wp.com\/vivesanobrasil.org\/wp-content\/uploads\/2021\/04\/3-1-1.png?fit=743%2C1024&amp;ssl=1\" class=\"attachment-large size-large wp-image-21481\" alt=\"\" srcset=\"https:\/\/i0.wp.com\/vivesanobrasil.org\/wp-content\/uploads\/2021\/04\/3-1-1.png?w=784&amp;ssl=1 784w, https:\/\/i0.wp.com\/vivesanobrasil.org\/wp-content\/uploads\/2021\/04\/3-1-1.png?resize=218%2C300&amp;ssl=1 218w, https:\/\/i0.wp.com\/vivesanobrasil.org\/wp-content\/uploads\/2021\/04\/3-1-1.png?resize=743%2C1024&amp;ssl=1 743w, https:\/\/i0.wp.com\/vivesanobrasil.org\/wp-content\/uploads\/2021\/04\/3-1-1.png?resize=768%2C1058&amp;ssl=1 768w, https:\/\/i0.wp.com\/vivesanobrasil.org\/wp-content\/uploads\/2021\/04\/3-1-1.png?resize=44%2C60&amp;ssl=1 44w, https:\/\/i0.wp.com\/vivesanobrasil.org\/wp-content\/uploads\/2021\/04\/3-1-1.png?resize=350%2C482&amp;ssl=1 350w, https:\/\/i0.wp.com\/vivesanobrasil.org\/wp-content\/uploads\/2021\/04\/3-1-1.png?resize=500%2C689&amp;ssl=1 500w, https:\/\/i0.wp.com\/vivesanobrasil.org\/wp-content\/uploads\/2021\/04\/3-1-1.png?resize=700%2C964&amp;ssl=1 700w\" sizes=\"(max-width: 743px) 100vw, 743px\" data-attachment-id=\"21481\" data-permalink=\"https:\/\/vivesanobrasil.org\/pb\/certificacion-internacional-en-soporte-nutricional-especializado-2\/3-1-5\/\" data-orig-file=\"https:\/\/i0.wp.com\/vivesanobrasil.org\/wp-content\/uploads\/2021\/04\/3-1-1.png?fit=784%2C1080&amp;ssl=1\" data-orig-size=\"784,1080\" data-comments-opened=\"1\" data-image-meta=\"{&quot;aperture&quot;:&quot;0&quot;,&quot;credit&quot;:&quot;&quot;,&quot;camera&quot;:&quot;&quot;,&quot;caption&quot;:&quot;&quot;,&quot;created_timestamp&quot;:&quot;0&quot;,&quot;copyright&quot;:&quot;&quot;,&quot;focal_length&quot;:&quot;0&quot;,&quot;iso&quot;:&quot;0&quot;,&quot;shutter_speed&quot;:&quot;0&quot;,&quot;title&quot;:&quot;&quot;,&quot;orientation&quot;:&quot;0&quot;}\" data-image-title=\"3 (1)\" data-image-description=\"\" data-image-caption=\"\" data-large-file=\"https:\/\/i0.wp.com\/vivesanobrasil.org\/wp-content\/uploads\/2021\/04\/3-1-1.png?fit=743%2C1024&amp;ssl=1\" \/>\t\t\t\t\t\t\t\t\t\t\t\t\t<\/div>\n\t\t\t\t<\/div>\n\t\t\t\t\t<\/div>\n\t\t<\/div>\n\t\t\t\t\t<\/div>\n\t\t<\/section>\n\t\t\t\t\t<\/div>\n\t\t<\/div>\n\t\t\t\t\t<\/div>\n\t\t<\/section>\n\t\t\t\t<\/div>\n\t\t<div class='cb-post-url-qr-code'><br><img src='https:\/\/api.qrserver.com\/v1\/create-qr-code\/?size=185x185&ecc=L&qzone=1&data=https%3A%2F%2Fvivesanobrasil.org%2Fpb%2Fcertificacion-internacional-en-nutricion-y-geriatria-desafios-en-el-manejo-interdisciplinario%2F' alt='Certificaci\u00f3n Internacional en Nutrici\u00f3n y Geriatr\u00eda, Desaf\u00edos en el Manejo Interdisciplinario'\/><\/div>","protected":false},"excerpt":{"rendered":"<p>[Button id=&#8221;10&#8243;] Descripci\u00f3n Esta nueva propuesta acad\u00e9mica puesta en marcha por el Instituto Universitario Vive Sano, busca actualizar a los profesionales nutricionistas en los conceptos fundamentales relacionados con la nutrici\u00f3n y geriatr\u00eda. El progresivo envejecimiento de la poblaci\u00f3n es uno de los factores que influyen en el aumento de la prevalencia de enfermedades cr\u00f3nicas no [&hellip;]<\/p>\n","protected":false},"author":135836161,"featured_media":22472,"comment_status":"open","ping_status":"open","sticky":false,"template":"","format":"standard","meta":{"_acf_changed":false,"_coblocks_attr":"","_coblocks_dimensions":"","_coblocks_responsive_height":"","_coblocks_accordion_ie_support":"","_crdt_document":"","om_disable_all_campaigns":false,"_monsterinsights_skip_tracking":false,"_monsterinsights_sitenote_active":false,"_monsterinsights_sitenote_note":"","_monsterinsights_sitenote_category":0,"_jetpack_newsletter_access":"","_jetpack_dont_email_post_to_subs":false,"_jetpack_newsletter_tier_id":0,"_jetpack_memberships_contains_paywalled_content":false,"_jetpack_memberships_contains_paid_content":false,"footnotes":"","jetpack_publicize_message":"Certificaci\u00f3n en Lactancia Materna y Alimentaci\u00f3n Complementaria. \u201cImportancia de la nutrici\u00f3n en los primeros 1000 d\u00edas de vida\u201d","jetpack_publicize_feature_enabled":true,"jetpack_social_post_already_shared":true,"jetpack_social_options":{"image_generator_settings":{"template":"highway","default_image_id":0,"font":"","enabled":false},"version":2},"_wpas_customize_per_network":false,"jetpack_post_was_ever_published":false},"categories":[675839541,675839553,675839550],"tags":[],"class_list":["post-22501","post","type-post","status-publish","format-standard","has-post-thumbnail","hentry","category-actividades-educativas","category-cursos","category-oferta-academica"],"acf":[],"aioseo_notices":[],"jetpack_publicize_connections":[],"jetpack_featured_media_url":"https:\/\/i0.wp.com\/vivesanobrasil.org\/wp-content\/uploads\/2021\/05\/Afiche-Geriatria-Cohorte-1.png?fit=1080%2C1350&ssl=1","jetpack_likes_enabled":true,"jetpack_sharing_enabled":true,"jetpack_shortlink":"https:\/\/wp.me\/p9Ia6I-5QV","_links":{"self":[{"href":"https:\/\/vivesanobrasil.org\/pb\/wp-json\/wp\/v2\/posts\/22501","targetHints":{"allow":["GET"]}}],"collection":[{"href":"https:\/\/vivesanobrasil.org\/pb\/wp-json\/wp\/v2\/posts"}],"about":[{"href":"https:\/\/vivesanobrasil.org\/pb\/wp-json\/wp\/v2\/types\/post"}],"author":[{"embeddable":true,"href":"https:\/\/vivesanobrasil.org\/pb\/wp-json\/wp\/v2\/users\/135836161"}],"replies":[{"embeddable":true,"href":"https:\/\/vivesanobrasil.org\/pb\/wp-json\/wp\/v2\/comments?post=22501"}],"version-history":[{"count":0,"href":"https:\/\/vivesanobrasil.org\/pb\/wp-json\/wp\/v2\/posts\/22501\/revisions"}],"wp:featuredmedia":[{"embeddable":true,"href":"https:\/\/vivesanobrasil.org\/pb\/wp-json\/wp\/v2\/media\/22472"}],"wp:attachment":[{"href":"https:\/\/vivesanobrasil.org\/pb\/wp-json\/wp\/v2\/media?parent=22501"}],"wp:term":[{"taxonomy":"category","embeddable":true,"href":"https:\/\/vivesanobrasil.org\/pb\/wp-json\/wp\/v2\/categories?post=22501"},{"taxonomy":"post_tag","embeddable":true,"href":"https:\/\/vivesanobrasil.org\/pb\/wp-json\/wp\/v2\/tags?post=22501"}],"curies":[{"name":"wp","href":"https:\/\/api.w.org\/{rel}","templated":true}]}}