{"id":22931,"date":"2021-06-01T09:00:43","date_gmt":"2021-06-01T12:00:43","guid":{"rendered":"https:\/\/vivesanobrasil.org\/?p=22931"},"modified":"2021-06-16T13:12:56","modified_gmt":"2021-06-16T16:12:56","slug":"certificacion-internacional-en-psicologia-de-la-alimentacion-2","status":"publish","type":"post","link":"https:\/\/vivesanobrasil.org\/pb\/certificacion-internacional-en-psicologia-de-la-alimentacion-2\/","title":{"rendered":"Certificaci\u00f3n Internacional en Psicolog\u00eda de la Alimentaci\u00f3n"},"content":{"rendered":"\t\t<div data-elementor-type=\"wp-post\" data-elementor-id=\"22931\" class=\"elementor elementor-22931\">\n\t\t\t\t\t\t<section class=\"elementor-section elementor-top-section elementor-element elementor-element-08453a5 elementor-section-stretched elementor-section-full_width elementor-section-height-default elementor-section-height-default elementor-invisible\" data-id=\"08453a5\" data-element_type=\"section\" data-settings=\"{&quot;stretch_section&quot;:&quot;section-stretched&quot;,&quot;animation&quot;:&quot;fadeInDown&quot;}\">\n\t\t\t\t\t\t<div class=\"elementor-container elementor-column-gap-no\">\n\t\t\t\t\t<div class=\"elementor-column elementor-col-100 elementor-top-column elementor-element elementor-element-cb9711a\" data-id=\"cb9711a\" data-element_type=\"column\">\n\t\t\t<div class=\"elementor-widget-wrap elementor-element-populated\">\n\t\t\t\t\t\t<div class=\"elementor-element elementor-element-ea0ccd1 elementor-widget elementor-widget-shortcode\" data-id=\"ea0ccd1\" data-element_type=\"widget\" data-widget_type=\"shortcode.default\">\n\t\t\t\t<div class=\"elementor-widget-container\">\n\t\t\t\t\t<div class=\"elementor-shortcode\">[Button id=\"11\"]\n\n\n<\/div>\n\t\t\t\t<\/div>\n\t\t\t\t<\/div>\n\t\t\t\t<div class=\"elementor-element elementor-element-6305646 elementor-hidden-desktop elementor-hidden-tablet elementor-widget elementor-widget-image\" data-id=\"6305646\" data-element_type=\"widget\" data-widget_type=\"image.default\">\n\t\t\t\t<div class=\"elementor-widget-container\">\n\t\t\t\t\t\t\t\t\t\t\t\t\t<img fetchpriority=\"high\" decoding=\"async\" data-attachment-id=\"22919\" data-permalink=\"https:\/\/vivesanobrasil.org\/pb\/feed-psicologia-de-la-alimentacion-2\/\" data-orig-file=\"https:\/\/i0.wp.com\/vivesanobrasil.org\/wp-content\/uploads\/2021\/06\/Feed-Psicologia-de-la-alimentacion-.png?fit=1080%2C1350&amp;ssl=1\" data-orig-size=\"1080,1350\" data-comments-opened=\"1\" data-image-meta=\"{&quot;aperture&quot;:&quot;0&quot;,&quot;credit&quot;:&quot;&quot;,&quot;camera&quot;:&quot;&quot;,&quot;caption&quot;:&quot;&quot;,&quot;created_timestamp&quot;:&quot;0&quot;,&quot;copyright&quot;:&quot;&quot;,&quot;focal_length&quot;:&quot;0&quot;,&quot;iso&quot;:&quot;0&quot;,&quot;shutter_speed&quot;:&quot;0&quot;,&quot;title&quot;:&quot;&quot;,&quot;orientation&quot;:&quot;0&quot;}\" data-image-title=\"Feed &amp;#8211; Psicolog\u00eda de la alimentaci\u00f3n\" data-image-description=\"\" data-image-caption=\"\" data-large-file=\"https:\/\/i0.wp.com\/vivesanobrasil.org\/wp-content\/uploads\/2021\/06\/Feed-Psicologia-de-la-alimentacion-.png?fit=819%2C1024&amp;ssl=1\" width=\"1080\" height=\"1350\" src=\"https:\/\/i0.wp.com\/vivesanobrasil.org\/wp-content\/uploads\/2021\/06\/Feed-Psicologia-de-la-alimentacion-.png?fit=1080%2C1350&amp;ssl=1\" class=\"attachment-full size-full wp-image-22919\" alt=\"\" srcset=\"https:\/\/i0.wp.com\/vivesanobrasil.org\/wp-content\/uploads\/2021\/06\/Feed-Psicologia-de-la-alimentacion-.png?w=1080&amp;ssl=1 1080w, https:\/\/i0.wp.com\/vivesanobrasil.org\/wp-content\/uploads\/2021\/06\/Feed-Psicologia-de-la-alimentacion-.png?resize=240%2C300&amp;ssl=1 240w, https:\/\/i0.wp.com\/vivesanobrasil.org\/wp-content\/uploads\/2021\/06\/Feed-Psicologia-de-la-alimentacion-.png?resize=819%2C1024&amp;ssl=1 819w, https:\/\/i0.wp.com\/vivesanobrasil.org\/wp-content\/uploads\/2021\/06\/Feed-Psicologia-de-la-alimentacion-.png?resize=768%2C960&amp;ssl=1 768w, https:\/\/i0.wp.com\/vivesanobrasil.org\/wp-content\/uploads\/2021\/06\/Feed-Psicologia-de-la-alimentacion-.png?resize=48%2C60&amp;ssl=1 48w, https:\/\/i0.wp.com\/vivesanobrasil.org\/wp-content\/uploads\/2021\/06\/Feed-Psicologia-de-la-alimentacion-.png?resize=350%2C438&amp;ssl=1 350w, https:\/\/i0.wp.com\/vivesanobrasil.org\/wp-content\/uploads\/2021\/06\/Feed-Psicologia-de-la-alimentacion-.png?resize=500%2C625&amp;ssl=1 500w, https:\/\/i0.wp.com\/vivesanobrasil.org\/wp-content\/uploads\/2021\/06\/Feed-Psicologia-de-la-alimentacion-.png?resize=700%2C875&amp;ssl=1 700w\" sizes=\"(max-width: 1000px) 100vw, 1000px\" data-attachment-id=\"22919\" data-permalink=\"https:\/\/vivesanobrasil.org\/pb\/feed-psicologia-de-la-alimentacion-2\/\" data-orig-file=\"https:\/\/i0.wp.com\/vivesanobrasil.org\/wp-content\/uploads\/2021\/06\/Feed-Psicologia-de-la-alimentacion-.png?fit=1080%2C1350&amp;ssl=1\" data-orig-size=\"1080,1350\" data-comments-opened=\"1\" data-image-meta=\"{&quot;aperture&quot;:&quot;0&quot;,&quot;credit&quot;:&quot;&quot;,&quot;camera&quot;:&quot;&quot;,&quot;caption&quot;:&quot;&quot;,&quot;created_timestamp&quot;:&quot;0&quot;,&quot;copyright&quot;:&quot;&quot;,&quot;focal_length&quot;:&quot;0&quot;,&quot;iso&quot;:&quot;0&quot;,&quot;shutter_speed&quot;:&quot;0&quot;,&quot;title&quot;:&quot;&quot;,&quot;orientation&quot;:&quot;0&quot;}\" data-image-title=\"Feed &amp;#8211; Psicolog\u00eda de la alimentaci\u00f3n\" data-image-description=\"\" data-image-caption=\"\" data-large-file=\"https:\/\/i0.wp.com\/vivesanobrasil.org\/wp-content\/uploads\/2021\/06\/Feed-Psicologia-de-la-alimentacion-.png?fit=819%2C1024&amp;ssl=1\" \/>\t\t\t\t\t\t\t\t\t\t\t\t\t<\/div>\n\t\t\t\t<\/div>\n\t\t\t\t\t<\/div>\n\t\t<\/div>\n\t\t\t\t\t<\/div>\n\t\t<\/section>\n\t\t\t\t<section class=\"elementor-section elementor-top-section elementor-element elementor-element-44ac4d3 elementor-section-stretched elementor-section-full_width elementor-section-height-default elementor-section-height-default\" data-id=\"44ac4d3\" data-element_type=\"section\" data-settings=\"{&quot;stretch_section&quot;:&quot;section-stretched&quot;,&quot;background_background&quot;:&quot;classic&quot;}\">\n\t\t\t\t\t\t\t<div class=\"elementor-background-overlay\"><\/div>\n\t\t\t\t\t\t\t<div class=\"elementor-container elementor-column-gap-default\">\n\t\t\t\t\t<div class=\"elementor-column elementor-col-50 elementor-top-column elementor-element elementor-element-01d7f08 elementor-invisible\" data-id=\"01d7f08\" data-element_type=\"column\" data-settings=\"{&quot;animation&quot;:&quot;fadeInLeft&quot;}\">\n\t\t\t<div class=\"elementor-widget-wrap elementor-element-populated\">\n\t\t\t\t\t\t<div class=\"elementor-element elementor-element-945b0bf elementor-widget elementor-widget-text-editor\" data-id=\"945b0bf\" data-element_type=\"widget\" data-widget_type=\"text-editor.default\">\n\t\t\t\t<div class=\"elementor-widget-container\">\n\t\t\t\t\t\t\t<h1 dir=\"ltr\" style=\"text-align: center;\"><span style=\"font-family: arial, sans-serif; color: #ffffff;\"><b>Descripci\u00f3n\u00a0<\/b><\/span><\/h1><p dir=\"ltr\" style=\"text-align: center;\"><span style=\"font-family: arial, sans-serif;\">La alimentaci\u00f3n y la nutrici\u00f3n, entre otros factores, son determinantes en el desarrollo biol\u00f3gico de los humanos; a trav\u00e9s del tiempo, se ha demostrado que tambi\u00e9n son determinantes en el desarrollo ps\u00edquico y social de estos. Desde la propia formaci\u00f3n del feto, en los primeros tiempos de la vida, a trav\u00e9s de la pr\u00e1ctica de la lactancia materna, en la edad preescolar y en el momento de su ingreso a la educaci\u00f3n, as\u00ed como en la controvertida adolescencia, la nutrici\u00f3n y la alimentaci\u00f3n, estar\u00e1n determinando en ese proceso de conformaci\u00f3n de la personalidad y del comportamiento.\u00a0<\/span><\/p>\t\t\t\t\t\t<\/div>\n\t\t\t\t<\/div>\n\t\t\t\t\t<\/div>\n\t\t<\/div>\n\t\t\t\t<div class=\"elementor-column elementor-col-50 elementor-top-column elementor-element elementor-element-cc18ecc elementor-invisible\" data-id=\"cc18ecc\" data-element_type=\"column\" data-settings=\"{&quot;animation&quot;:&quot;fadeInRight&quot;}\">\n\t\t\t<div class=\"elementor-widget-wrap elementor-element-populated\">\n\t\t\t\t\t\t<div class=\"elementor-element elementor-element-18625e8 elementor-widget elementor-widget-text-editor\" data-id=\"18625e8\" data-element_type=\"widget\" data-widget_type=\"text-editor.default\">\n\t\t\t\t<div class=\"elementor-widget-container\">\n\t\t\t\t\t\t\t<div><div><h1 id=\"m_-5657406688768146739m_-8373486361129941939m_258382968405234883gmail-m_-8491807534126166662gmail-m_-953413033528741879gmail-m_-2285050631950537562gmail-m_978377272586824215gmail-m_3798760296521660303gmail-m_-6822943100077346783gmail-m_-4097233418392279346gmail-m_-5869706355022866403gmail-m_7040608380806576592gmail-m_4322415967791204888gmail-docs-internal-guid-c51f5eed-7fff-1403-c0a5-06b3194eb686\" dir=\"ltr\" style=\"text-align: center;\"><span style=\"font-family: arial, sans-serif;\"><span style=\"color: #ffffff;\"><b>Objetivo General\u00a0<\/b><\/span><br \/><\/span><\/h1><p dir=\"ltr\" style=\"text-align: center;\"><span style=\"font-family: arial, sans-serif;\">En esta certificaci\u00f3n lograr\u00e1s aplicar los fundamentos de la psicolog\u00eda, la alimentaci\u00f3n y mindfulness desde la neurociencia. Analizando diferentes herramientas, con el objetivo de acompa\u00f1ar de manera exitosa a nuestro usuario<\/span><\/p><\/div><\/div>\t\t\t\t\t\t<\/div>\n\t\t\t\t<\/div>\n\t\t\t\t\t<\/div>\n\t\t<\/div>\n\t\t\t\t\t<\/div>\n\t\t<\/section>\n\t\t\t\t<section class=\"elementor-section elementor-top-section elementor-element elementor-element-a8d4e3e elementor-section-stretched elementor-section-full_width elementor-section-height-default elementor-section-height-default\" data-id=\"a8d4e3e\" data-element_type=\"section\" data-settings=\"{&quot;stretch_section&quot;:&quot;section-stretched&quot;,&quot;background_background&quot;:&quot;classic&quot;}\">\n\t\t\t\t\t\t<div class=\"elementor-container elementor-column-gap-no\">\n\t\t\t\t\t<div class=\"elementor-column elementor-col-50 elementor-top-column elementor-element elementor-element-a677c15 elementor-invisible\" data-id=\"a677c15\" data-element_type=\"column\" data-settings=\"{&quot;animation&quot;:&quot;fadeInLeft&quot;}\">\n\t\t\t<div class=\"elementor-widget-wrap elementor-element-populated\">\n\t\t\t\t\t\t<div class=\"elementor-element elementor-element-10cf0b9 elementor-widget elementor-widget-image\" data-id=\"10cf0b9\" data-element_type=\"widget\" data-widget_type=\"image.default\">\n\t\t\t\t<div class=\"elementor-widget-container\">\n\t\t\t\t\t\t\t\t\t\t\t\t\t<img decoding=\"async\" data-attachment-id=\"22925\" data-permalink=\"https:\/\/vivesanobrasil.org\/pb\/horas-programaticas-16\/\" data-orig-file=\"https:\/\/i0.wp.com\/vivesanobrasil.org\/wp-content\/uploads\/2021\/06\/Horas-programaticas.png?fit=1080%2C1080&amp;ssl=1\" data-orig-size=\"1080,1080\" data-comments-opened=\"1\" data-image-meta=\"{&quot;aperture&quot;:&quot;0&quot;,&quot;credit&quot;:&quot;&quot;,&quot;camera&quot;:&quot;&quot;,&quot;caption&quot;:&quot;&quot;,&quot;created_timestamp&quot;:&quot;0&quot;,&quot;copyright&quot;:&quot;&quot;,&quot;focal_length&quot;:&quot;0&quot;,&quot;iso&quot;:&quot;0&quot;,&quot;shutter_speed&quot;:&quot;0&quot;,&quot;title&quot;:&quot;&quot;,&quot;orientation&quot;:&quot;0&quot;}\" data-image-title=\"Horas program\u00e1ticas\" data-image-description=\"\" data-image-caption=\"\" data-large-file=\"https:\/\/i0.wp.com\/vivesanobrasil.org\/wp-content\/uploads\/2021\/06\/Horas-programaticas.png?fit=1024%2C1024&amp;ssl=1\" width=\"1024\" height=\"1024\" src=\"https:\/\/i0.wp.com\/vivesanobrasil.org\/wp-content\/uploads\/2021\/06\/Horas-programaticas.png?fit=1024%2C1024&amp;ssl=1\" class=\"attachment-large size-large wp-image-22925\" alt=\"\" srcset=\"https:\/\/i0.wp.com\/vivesanobrasil.org\/wp-content\/uploads\/2021\/06\/Horas-programaticas.png?w=1080&amp;ssl=1 1080w, https:\/\/i0.wp.com\/vivesanobrasil.org\/wp-content\/uploads\/2021\/06\/Horas-programaticas.png?resize=300%2C300&amp;ssl=1 300w, https:\/\/i0.wp.com\/vivesanobrasil.org\/wp-content\/uploads\/2021\/06\/Horas-programaticas.png?resize=1024%2C1024&amp;ssl=1 1024w, https:\/\/i0.wp.com\/vivesanobrasil.org\/wp-content\/uploads\/2021\/06\/Horas-programaticas.png?resize=150%2C150&amp;ssl=1 150w, https:\/\/i0.wp.com\/vivesanobrasil.org\/wp-content\/uploads\/2021\/06\/Horas-programaticas.png?resize=768%2C768&amp;ssl=1 768w, https:\/\/i0.wp.com\/vivesanobrasil.org\/wp-content\/uploads\/2021\/06\/Horas-programaticas.png?resize=144%2C144&amp;ssl=1 144w, https:\/\/i0.wp.com\/vivesanobrasil.org\/wp-content\/uploads\/2021\/06\/Horas-programaticas.png?resize=60%2C60&amp;ssl=1 60w, https:\/\/i0.wp.com\/vivesanobrasil.org\/wp-content\/uploads\/2021\/06\/Horas-programaticas.png?resize=350%2C350&amp;ssl=1 350w, https:\/\/i0.wp.com\/vivesanobrasil.org\/wp-content\/uploads\/2021\/06\/Horas-programaticas.png?resize=500%2C500&amp;ssl=1 500w, https:\/\/i0.wp.com\/vivesanobrasil.org\/wp-content\/uploads\/2021\/06\/Horas-programaticas.png?resize=700%2C700&amp;ssl=1 700w, https:\/\/i0.wp.com\/vivesanobrasil.org\/wp-content\/uploads\/2021\/06\/Horas-programaticas.png?resize=100%2C100&amp;ssl=1 100w\" sizes=\"(max-width: 1000px) 100vw, 1000px\" data-attachment-id=\"22925\" data-permalink=\"https:\/\/vivesanobrasil.org\/pb\/horas-programaticas-16\/\" data-orig-file=\"https:\/\/i0.wp.com\/vivesanobrasil.org\/wp-content\/uploads\/2021\/06\/Horas-programaticas.png?fit=1080%2C1080&amp;ssl=1\" data-orig-size=\"1080,1080\" data-comments-opened=\"1\" data-image-meta=\"{&quot;aperture&quot;:&quot;0&quot;,&quot;credit&quot;:&quot;&quot;,&quot;camera&quot;:&quot;&quot;,&quot;caption&quot;:&quot;&quot;,&quot;created_timestamp&quot;:&quot;0&quot;,&quot;copyright&quot;:&quot;&quot;,&quot;focal_length&quot;:&quot;0&quot;,&quot;iso&quot;:&quot;0&quot;,&quot;shutter_speed&quot;:&quot;0&quot;,&quot;title&quot;:&quot;&quot;,&quot;orientation&quot;:&quot;0&quot;}\" data-image-title=\"Horas program\u00e1ticas\" data-image-description=\"\" data-image-caption=\"\" data-large-file=\"https:\/\/i0.wp.com\/vivesanobrasil.org\/wp-content\/uploads\/2021\/06\/Horas-programaticas.png?fit=1024%2C1024&amp;ssl=1\" \/>\t\t\t\t\t\t\t\t\t\t\t\t\t<\/div>\n\t\t\t\t<\/div>\n\t\t\t\t\t<\/div>\n\t\t<\/div>\n\t\t\t\t<div class=\"elementor-column elementor-col-50 elementor-top-column elementor-element elementor-element-8ce1ccc elementor-invisible\" data-id=\"8ce1ccc\" data-element_type=\"column\" data-settings=\"{&quot;animation&quot;:&quot;fadeInRight&quot;,&quot;background_background&quot;:&quot;classic&quot;}\">\n\t\t\t<div class=\"elementor-widget-wrap elementor-element-populated\">\n\t\t\t\t\t\t<section class=\"elementor-section elementor-inner-section elementor-element elementor-element-6033dae elementor-section-boxed elementor-section-height-default elementor-section-height-default\" data-id=\"6033dae\" data-element_type=\"section\">\n\t\t\t\t\t\t<div class=\"elementor-container elementor-column-gap-default\">\n\t\t\t\t\t<div class=\"elementor-column elementor-col-100 elementor-inner-column elementor-element elementor-element-566f302\" data-id=\"566f302\" data-element_type=\"column\">\n\t\t\t<div class=\"elementor-widget-wrap elementor-element-populated\">\n\t\t\t\t\t\t<div class=\"elementor-element elementor-element-3a8a14d elementor-align-center elementor-widget elementor-widget-button\" data-id=\"3a8a14d\" data-element_type=\"widget\" data-widget_type=\"button.default\">\n\t\t\t\t<div class=\"elementor-widget-container\">\n\t\t\t\t\t<div class=\"elementor-button-wrapper\">\n\t\t\t<a class=\"elementor-button elementor-button-link elementor-size-lg\" href=\"https:\/\/vivesanobrasil.org\/wp-content\/uploads\/2021\/05\/Cronograma-Psicologia-de-la-Alimentacion-Cohorte-6.pdf\">\n\t\t\t\t\t\t<span class=\"elementor-button-content-wrapper\">\n\t\t\t\t\t\t\t\t\t<span class=\"elementor-button-text\">Cronograma<\/span>\n\t\t\t\t\t<\/span>\n\t\t\t\t\t<\/a>\n\t\t<\/div>\n\t\t\t\t<\/div>\n\t\t\t\t<\/div>\n\t\t\t\t<div class=\"elementor-element elementor-element-0e73b57 elementor-align-center elementor-widget elementor-widget-button\" data-id=\"0e73b57\" data-element_type=\"widget\" data-widget_type=\"button.default\">\n\t\t\t\t<div class=\"elementor-widget-container\">\n\t\t\t\t\t<div class=\"elementor-button-wrapper\">\n\t\t\t<a class=\"elementor-button elementor-button-link elementor-size-lg\" href=\"https:\/\/vivesanobrasil.org\/wp-content\/uploads\/2021\/05\/Programa-Psicologia-de-la-Alimentacion-Cohorte-6.pdf\">\n\t\t\t\t\t\t<span class=\"elementor-button-content-wrapper\">\n\t\t\t\t\t\t\t\t\t<span class=\"elementor-button-text\">Programa<\/span>\n\t\t\t\t\t<\/span>\n\t\t\t\t\t<\/a>\n\t\t<\/div>\n\t\t\t\t<\/div>\n\t\t\t\t<\/div>\n\t\t\t\t<div class=\"elementor-element elementor-element-2a882ca elementor-align-center elementor-widget elementor-widget-button\" data-id=\"2a882ca\" data-element_type=\"widget\" data-widget_type=\"button.default\">\n\t\t\t\t<div class=\"elementor-widget-container\">\n\t\t\t\t\t<div class=\"elementor-button-wrapper\">\n\t\t\t<a class=\"elementor-button elementor-button-link elementor-size-lg\" href=\"https:\/\/vivesanobrasil.org\/producto\/certificacion-internacional-en-psicologia-de-la-alimentacion\/\">\n\t\t\t\t\t\t<span class=\"elementor-button-content-wrapper\">\n\t\t\t\t\t\t\t\t\t<span class=\"elementor-button-text\">Inscripciones<\/span>\n\t\t\t\t\t<\/span>\n\t\t\t\t\t<\/a>\n\t\t<\/div>\n\t\t\t\t<\/div>\n\t\t\t\t<\/div>\n\t\t\t\t<div class=\"elementor-element elementor-element-259869b elementor-align-center elementor-widget elementor-widget-button\" data-id=\"259869b\" data-element_type=\"widget\" data-widget_type=\"button.default\">\n\t\t\t\t<div class=\"elementor-widget-container\">\n\t\t\t\t\t<div class=\"elementor-button-wrapper\">\n\t\t\t<a class=\"elementor-button elementor-button-link elementor-size-lg\" href=\"https:\/\/docs.google.com\/forms\/d\/e\/1FAIpQLSfR5k-poW_HzDvedNgZEbUSZFFxu_4PtKonLF_swAsWz7vpkw\/viewform\">\n\t\t\t\t\t\t<span class=\"elementor-button-content-wrapper\">\n\t\t\t\t\t\t\t\t\t<span class=\"elementor-button-text\">Formulario de inscripci\u00f3n<\/span>\n\t\t\t\t\t<\/span>\n\t\t\t\t\t<\/a>\n\t\t<\/div>\n\t\t\t\t<\/div>\n\t\t\t\t<\/div>\n\t\t\t\t\t<\/div>\n\t\t<\/div>\n\t\t\t\t\t<\/div>\n\t\t<\/section>\n\t\t\t\t\t<\/div>\n\t\t<\/div>\n\t\t\t\t\t<\/div>\n\t\t<\/section>\n\t\t\t\t<section class=\"elementor-section elementor-top-section elementor-element elementor-element-1c086dc elementor-section-full_width elementor-hidden-desktop elementor-hidden-tablet elementor-hidden-phone elementor-section-height-default elementor-section-height-default elementor-invisible\" data-id=\"1c086dc\" data-element_type=\"section\" data-settings=\"{&quot;animation&quot;:&quot;fadeInLeft&quot;}\">\n\t\t\t\t\t\t<div class=\"elementor-container elementor-column-gap-no\">\n\t\t\t\t\t<div class=\"elementor-column elementor-col-100 elementor-top-column elementor-element elementor-element-ffeee85\" data-id=\"ffeee85\" data-element_type=\"column\">\n\t\t\t<div class=\"elementor-widget-wrap elementor-element-populated\">\n\t\t\t\t\t\t<div class=\"elementor-element elementor-element-98bb3fa elementor-widget elementor-widget-heading\" data-id=\"98bb3fa\" data-element_type=\"widget\" data-widget_type=\"heading.default\">\n\t\t\t\t<div class=\"elementor-widget-container\">\n\t\t\t<h1 class=\"elementor-heading-title elementor-size-default\">Modulos<\/h1>\t\t<\/div>\n\t\t\t\t<\/div>\n\t\t\t\t<section class=\"elementor-section elementor-inner-section elementor-element elementor-element-d5a319f elementor-section-full_width elementor-section-height-default elementor-section-height-default\" data-id=\"d5a319f\" data-element_type=\"section\">\n\t\t\t\t\t\t<div class=\"elementor-container elementor-column-gap-default\">\n\t\t\t\t\t<div class=\"elementor-column elementor-col-33 elementor-inner-column elementor-element elementor-element-3503bae\" data-id=\"3503bae\" data-element_type=\"column\">\n\t\t\t<div class=\"elementor-widget-wrap elementor-element-populated\">\n\t\t\t\t\t\t<div class=\"elementor-element elementor-element-1d65245 elementor-widget elementor-widget-image\" data-id=\"1d65245\" data-element_type=\"widget\" data-widget_type=\"image.default\">\n\t\t\t\t<div class=\"elementor-widget-container\">\n\t\t\t\t\t\t\t\t\t\t\t\t\t<img decoding=\"async\" data-attachment-id=\"21479\" data-permalink=\"https:\/\/vivesanobrasil.org\/pb\/certificacion-internacional-en-soporte-nutricional-especializado-2\/1-1-4\/\" data-orig-file=\"https:\/\/i0.wp.com\/vivesanobrasil.org\/wp-content\/uploads\/2021\/04\/1-1-1.png?fit=784%2C1080&amp;ssl=1\" data-orig-size=\"784,1080\" data-comments-opened=\"1\" data-image-meta=\"{&quot;aperture&quot;:&quot;0&quot;,&quot;credit&quot;:&quot;&quot;,&quot;camera&quot;:&quot;&quot;,&quot;caption&quot;:&quot;&quot;,&quot;created_timestamp&quot;:&quot;0&quot;,&quot;copyright&quot;:&quot;&quot;,&quot;focal_length&quot;:&quot;0&quot;,&quot;iso&quot;:&quot;0&quot;,&quot;shutter_speed&quot;:&quot;0&quot;,&quot;title&quot;:&quot;&quot;,&quot;orientation&quot;:&quot;0&quot;}\" data-image-title=\"1 (1)\" data-image-description=\"\" data-image-caption=\"\" data-large-file=\"https:\/\/i0.wp.com\/vivesanobrasil.org\/wp-content\/uploads\/2021\/04\/1-1-1.png?fit=743%2C1024&amp;ssl=1\" width=\"743\" height=\"1024\" src=\"https:\/\/i0.wp.com\/vivesanobrasil.org\/wp-content\/uploads\/2021\/04\/1-1-1.png?fit=743%2C1024&amp;ssl=1\" class=\"attachment-large size-large wp-image-21479\" alt=\"\" srcset=\"https:\/\/i0.wp.com\/vivesanobrasil.org\/wp-content\/uploads\/2021\/04\/1-1-1.png?w=784&amp;ssl=1 784w, https:\/\/i0.wp.com\/vivesanobrasil.org\/wp-content\/uploads\/2021\/04\/1-1-1.png?resize=218%2C300&amp;ssl=1 218w, https:\/\/i0.wp.com\/vivesanobrasil.org\/wp-content\/uploads\/2021\/04\/1-1-1.png?resize=743%2C1024&amp;ssl=1 743w, https:\/\/i0.wp.com\/vivesanobrasil.org\/wp-content\/uploads\/2021\/04\/1-1-1.png?resize=768%2C1058&amp;ssl=1 768w, https:\/\/i0.wp.com\/vivesanobrasil.org\/wp-content\/uploads\/2021\/04\/1-1-1.png?resize=44%2C60&amp;ssl=1 44w, https:\/\/i0.wp.com\/vivesanobrasil.org\/wp-content\/uploads\/2021\/04\/1-1-1.png?resize=350%2C482&amp;ssl=1 350w, https:\/\/i0.wp.com\/vivesanobrasil.org\/wp-content\/uploads\/2021\/04\/1-1-1.png?resize=500%2C689&amp;ssl=1 500w, https:\/\/i0.wp.com\/vivesanobrasil.org\/wp-content\/uploads\/2021\/04\/1-1-1.png?resize=700%2C964&amp;ssl=1 700w\" sizes=\"(max-width: 743px) 100vw, 743px\" data-attachment-id=\"21479\" data-permalink=\"https:\/\/vivesanobrasil.org\/pb\/certificacion-internacional-en-soporte-nutricional-especializado-2\/1-1-4\/\" data-orig-file=\"https:\/\/i0.wp.com\/vivesanobrasil.org\/wp-content\/uploads\/2021\/04\/1-1-1.png?fit=784%2C1080&amp;ssl=1\" data-orig-size=\"784,1080\" data-comments-opened=\"1\" data-image-meta=\"{&quot;aperture&quot;:&quot;0&quot;,&quot;credit&quot;:&quot;&quot;,&quot;camera&quot;:&quot;&quot;,&quot;caption&quot;:&quot;&quot;,&quot;created_timestamp&quot;:&quot;0&quot;,&quot;copyright&quot;:&quot;&quot;,&quot;focal_length&quot;:&quot;0&quot;,&quot;iso&quot;:&quot;0&quot;,&quot;shutter_speed&quot;:&quot;0&quot;,&quot;title&quot;:&quot;&quot;,&quot;orientation&quot;:&quot;0&quot;}\" data-image-title=\"1 (1)\" data-image-description=\"\" data-image-caption=\"\" data-large-file=\"https:\/\/i0.wp.com\/vivesanobrasil.org\/wp-content\/uploads\/2021\/04\/1-1-1.png?fit=743%2C1024&amp;ssl=1\" \/>\t\t\t\t\t\t\t\t\t\t\t\t\t<\/div>\n\t\t\t\t<\/div>\n\t\t\t\t\t<\/div>\n\t\t<\/div>\n\t\t\t\t<div class=\"elementor-column elementor-col-33 elementor-inner-column elementor-element elementor-element-dfa2880\" data-id=\"dfa2880\" data-element_type=\"column\">\n\t\t\t<div class=\"elementor-widget-wrap elementor-element-populated\">\n\t\t\t\t\t\t<div class=\"elementor-element elementor-element-3425cf3 elementor-widget elementor-widget-image\" data-id=\"3425cf3\" data-element_type=\"widget\" data-widget_type=\"image.default\">\n\t\t\t\t<div class=\"elementor-widget-container\">\n\t\t\t\t\t\t\t\t\t\t\t\t\t<img loading=\"lazy\" decoding=\"async\" data-attachment-id=\"21480\" data-permalink=\"https:\/\/vivesanobrasil.org\/pb\/certificacion-internacional-en-soporte-nutricional-especializado-2\/2-1-7\/\" data-orig-file=\"https:\/\/i0.wp.com\/vivesanobrasil.org\/wp-content\/uploads\/2021\/04\/2-1-1.png?fit=784%2C1080&amp;ssl=1\" data-orig-size=\"784,1080\" data-comments-opened=\"1\" data-image-meta=\"{&quot;aperture&quot;:&quot;0&quot;,&quot;credit&quot;:&quot;&quot;,&quot;camera&quot;:&quot;&quot;,&quot;caption&quot;:&quot;&quot;,&quot;created_timestamp&quot;:&quot;0&quot;,&quot;copyright&quot;:&quot;&quot;,&quot;focal_length&quot;:&quot;0&quot;,&quot;iso&quot;:&quot;0&quot;,&quot;shutter_speed&quot;:&quot;0&quot;,&quot;title&quot;:&quot;&quot;,&quot;orientation&quot;:&quot;0&quot;}\" data-image-title=\"2 (1)\" data-image-description=\"\" data-image-caption=\"\" data-large-file=\"https:\/\/i0.wp.com\/vivesanobrasil.org\/wp-content\/uploads\/2021\/04\/2-1-1.png?fit=743%2C1024&amp;ssl=1\" width=\"743\" height=\"1024\" src=\"https:\/\/i0.wp.com\/vivesanobrasil.org\/wp-content\/uploads\/2021\/04\/2-1-1.png?fit=743%2C1024&amp;ssl=1\" class=\"attachment-large size-large wp-image-21480\" alt=\"\" srcset=\"https:\/\/i0.wp.com\/vivesanobrasil.org\/wp-content\/uploads\/2021\/04\/2-1-1.png?w=784&amp;ssl=1 784w, https:\/\/i0.wp.com\/vivesanobrasil.org\/wp-content\/uploads\/2021\/04\/2-1-1.png?resize=218%2C300&amp;ssl=1 218w, https:\/\/i0.wp.com\/vivesanobrasil.org\/wp-content\/uploads\/2021\/04\/2-1-1.png?resize=743%2C1024&amp;ssl=1 743w, https:\/\/i0.wp.com\/vivesanobrasil.org\/wp-content\/uploads\/2021\/04\/2-1-1.png?resize=768%2C1058&amp;ssl=1 768w, https:\/\/i0.wp.com\/vivesanobrasil.org\/wp-content\/uploads\/2021\/04\/2-1-1.png?resize=44%2C60&amp;ssl=1 44w, https:\/\/i0.wp.com\/vivesanobrasil.org\/wp-content\/uploads\/2021\/04\/2-1-1.png?resize=350%2C482&amp;ssl=1 350w, https:\/\/i0.wp.com\/vivesanobrasil.org\/wp-content\/uploads\/2021\/04\/2-1-1.png?resize=500%2C689&amp;ssl=1 500w, https:\/\/i0.wp.com\/vivesanobrasil.org\/wp-content\/uploads\/2021\/04\/2-1-1.png?resize=700%2C964&amp;ssl=1 700w\" sizes=\"(max-width: 743px) 100vw, 743px\" data-attachment-id=\"21480\" data-permalink=\"https:\/\/vivesanobrasil.org\/pb\/certificacion-internacional-en-soporte-nutricional-especializado-2\/2-1-7\/\" data-orig-file=\"https:\/\/i0.wp.com\/vivesanobrasil.org\/wp-content\/uploads\/2021\/04\/2-1-1.png?fit=784%2C1080&amp;ssl=1\" data-orig-size=\"784,1080\" data-comments-opened=\"1\" data-image-meta=\"{&quot;aperture&quot;:&quot;0&quot;,&quot;credit&quot;:&quot;&quot;,&quot;camera&quot;:&quot;&quot;,&quot;caption&quot;:&quot;&quot;,&quot;created_timestamp&quot;:&quot;0&quot;,&quot;copyright&quot;:&quot;&quot;,&quot;focal_length&quot;:&quot;0&quot;,&quot;iso&quot;:&quot;0&quot;,&quot;shutter_speed&quot;:&quot;0&quot;,&quot;title&quot;:&quot;&quot;,&quot;orientation&quot;:&quot;0&quot;}\" data-image-title=\"2 (1)\" data-image-description=\"\" data-image-caption=\"\" data-large-file=\"https:\/\/i0.wp.com\/vivesanobrasil.org\/wp-content\/uploads\/2021\/04\/2-1-1.png?fit=743%2C1024&amp;ssl=1\" \/>\t\t\t\t\t\t\t\t\t\t\t\t\t<\/div>\n\t\t\t\t<\/div>\n\t\t\t\t\t<\/div>\n\t\t<\/div>\n\t\t\t\t<div class=\"elementor-column elementor-col-33 elementor-inner-column elementor-element elementor-element-ba9dccf\" data-id=\"ba9dccf\" data-element_type=\"column\">\n\t\t\t<div class=\"elementor-widget-wrap elementor-element-populated\">\n\t\t\t\t\t\t<div class=\"elementor-element elementor-element-3614094 elementor-widget elementor-widget-image\" data-id=\"3614094\" data-element_type=\"widget\" data-widget_type=\"image.default\">\n\t\t\t\t<div class=\"elementor-widget-container\">\n\t\t\t\t\t\t\t\t\t\t\t\t\t<img loading=\"lazy\" decoding=\"async\" data-attachment-id=\"21481\" data-permalink=\"https:\/\/vivesanobrasil.org\/pb\/certificacion-internacional-en-soporte-nutricional-especializado-2\/3-1-5\/\" data-orig-file=\"https:\/\/i0.wp.com\/vivesanobrasil.org\/wp-content\/uploads\/2021\/04\/3-1-1.png?fit=784%2C1080&amp;ssl=1\" data-orig-size=\"784,1080\" data-comments-opened=\"1\" data-image-meta=\"{&quot;aperture&quot;:&quot;0&quot;,&quot;credit&quot;:&quot;&quot;,&quot;camera&quot;:&quot;&quot;,&quot;caption&quot;:&quot;&quot;,&quot;created_timestamp&quot;:&quot;0&quot;,&quot;copyright&quot;:&quot;&quot;,&quot;focal_length&quot;:&quot;0&quot;,&quot;iso&quot;:&quot;0&quot;,&quot;shutter_speed&quot;:&quot;0&quot;,&quot;title&quot;:&quot;&quot;,&quot;orientation&quot;:&quot;0&quot;}\" data-image-title=\"3 (1)\" data-image-description=\"\" data-image-caption=\"\" data-large-file=\"https:\/\/i0.wp.com\/vivesanobrasil.org\/wp-content\/uploads\/2021\/04\/3-1-1.png?fit=743%2C1024&amp;ssl=1\" width=\"743\" height=\"1024\" src=\"https:\/\/i0.wp.com\/vivesanobrasil.org\/wp-content\/uploads\/2021\/04\/3-1-1.png?fit=743%2C1024&amp;ssl=1\" class=\"attachment-large size-large wp-image-21481\" alt=\"\" srcset=\"https:\/\/i0.wp.com\/vivesanobrasil.org\/wp-content\/uploads\/2021\/04\/3-1-1.png?w=784&amp;ssl=1 784w, https:\/\/i0.wp.com\/vivesanobrasil.org\/wp-content\/uploads\/2021\/04\/3-1-1.png?resize=218%2C300&amp;ssl=1 218w, https:\/\/i0.wp.com\/vivesanobrasil.org\/wp-content\/uploads\/2021\/04\/3-1-1.png?resize=743%2C1024&amp;ssl=1 743w, https:\/\/i0.wp.com\/vivesanobrasil.org\/wp-content\/uploads\/2021\/04\/3-1-1.png?resize=768%2C1058&amp;ssl=1 768w, https:\/\/i0.wp.com\/vivesanobrasil.org\/wp-content\/uploads\/2021\/04\/3-1-1.png?resize=44%2C60&amp;ssl=1 44w, https:\/\/i0.wp.com\/vivesanobrasil.org\/wp-content\/uploads\/2021\/04\/3-1-1.png?resize=350%2C482&amp;ssl=1 350w, https:\/\/i0.wp.com\/vivesanobrasil.org\/wp-content\/uploads\/2021\/04\/3-1-1.png?resize=500%2C689&amp;ssl=1 500w, https:\/\/i0.wp.com\/vivesanobrasil.org\/wp-content\/uploads\/2021\/04\/3-1-1.png?resize=700%2C964&amp;ssl=1 700w\" sizes=\"(max-width: 743px) 100vw, 743px\" data-attachment-id=\"21481\" data-permalink=\"https:\/\/vivesanobrasil.org\/pb\/certificacion-internacional-en-soporte-nutricional-especializado-2\/3-1-5\/\" data-orig-file=\"https:\/\/i0.wp.com\/vivesanobrasil.org\/wp-content\/uploads\/2021\/04\/3-1-1.png?fit=784%2C1080&amp;ssl=1\" data-orig-size=\"784,1080\" data-comments-opened=\"1\" data-image-meta=\"{&quot;aperture&quot;:&quot;0&quot;,&quot;credit&quot;:&quot;&quot;,&quot;camera&quot;:&quot;&quot;,&quot;caption&quot;:&quot;&quot;,&quot;created_timestamp&quot;:&quot;0&quot;,&quot;copyright&quot;:&quot;&quot;,&quot;focal_length&quot;:&quot;0&quot;,&quot;iso&quot;:&quot;0&quot;,&quot;shutter_speed&quot;:&quot;0&quot;,&quot;title&quot;:&quot;&quot;,&quot;orientation&quot;:&quot;0&quot;}\" data-image-title=\"3 (1)\" data-image-description=\"\" data-image-caption=\"\" data-large-file=\"https:\/\/i0.wp.com\/vivesanobrasil.org\/wp-content\/uploads\/2021\/04\/3-1-1.png?fit=743%2C1024&amp;ssl=1\" \/>\t\t\t\t\t\t\t\t\t\t\t\t\t<\/div>\n\t\t\t\t<\/div>\n\t\t\t\t\t<\/div>\n\t\t<\/div>\n\t\t\t\t\t<\/div>\n\t\t<\/section>\n\t\t\t\t\t<\/div>\n\t\t<\/div>\n\t\t\t\t\t<\/div>\n\t\t<\/section>\n\t\t\t\t<section class=\"elementor-section elementor-top-section elementor-element elementor-element-37dd466 elementor-section-full_width elementor-section-stretched elementor-section-height-default elementor-section-height-default\" data-id=\"37dd466\" data-element_type=\"section\" data-settings=\"{&quot;stretch_section&quot;:&quot;section-stretched&quot;}\">\n\t\t\t\t\t\t<div class=\"elementor-container elementor-column-gap-no\">\n\t\t\t\t\t<div class=\"elementor-column elementor-col-100 elementor-top-column elementor-element elementor-element-928df93\" data-id=\"928df93\" data-element_type=\"column\">\n\t\t\t<div class=\"elementor-widget-wrap elementor-element-populated\">\n\t\t\t\t\t\t<div class=\"elementor-element elementor-element-7a60248 elementor-hidden-phone elementor-widget elementor-widget-image\" data-id=\"7a60248\" data-element_type=\"widget\" data-widget_type=\"image.default\">\n\t\t\t\t<div class=\"elementor-widget-container\">\n\t\t\t\t\t\t\t\t\t\t\t\t\t<img loading=\"lazy\" decoding=\"async\" data-attachment-id=\"22294\" data-permalink=\"https:\/\/vivesanobrasil.org\/pb\/oferta-2\/medios-de-pago_mesa-de-trabajo-1\/\" data-orig-file=\"https:\/\/i0.wp.com\/vivesanobrasil.org\/wp-content\/uploads\/2021\/05\/medios-de-pago_Mesa-de-trabajo-1.jpg?fit=2000%2C1125&amp;ssl=1\" data-orig-size=\"2000,1125\" data-comments-opened=\"1\" data-image-meta=\"{&quot;aperture&quot;:&quot;0&quot;,&quot;credit&quot;:&quot;&quot;,&quot;camera&quot;:&quot;&quot;,&quot;caption&quot;:&quot;&quot;,&quot;created_timestamp&quot;:&quot;0&quot;,&quot;copyright&quot;:&quot;&quot;,&quot;focal_length&quot;:&quot;0&quot;,&quot;iso&quot;:&quot;0&quot;,&quot;shutter_speed&quot;:&quot;0&quot;,&quot;title&quot;:&quot;&quot;,&quot;orientation&quot;:&quot;1&quot;}\" data-image-title=\"medios de pago_Mesa de trabajo 1\" data-image-description=\"\" data-image-caption=\"\" data-large-file=\"https:\/\/i0.wp.com\/vivesanobrasil.org\/wp-content\/uploads\/2021\/05\/medios-de-pago_Mesa-de-trabajo-1.jpg?fit=1024%2C576&amp;ssl=1\" width=\"2000\" height=\"1125\" src=\"https:\/\/i0.wp.com\/vivesanobrasil.org\/wp-content\/uploads\/2021\/05\/medios-de-pago_Mesa-de-trabajo-1.jpg?fit=2000%2C1125&amp;ssl=1\" class=\"attachment-full size-full wp-image-22294\" alt=\"\" srcset=\"https:\/\/i0.wp.com\/vivesanobrasil.org\/wp-content\/uploads\/2021\/05\/medios-de-pago_Mesa-de-trabajo-1.jpg?w=2000&amp;ssl=1 2000w, https:\/\/i0.wp.com\/vivesanobrasil.org\/wp-content\/uploads\/2021\/05\/medios-de-pago_Mesa-de-trabajo-1.jpg?resize=300%2C169&amp;ssl=1 300w, https:\/\/i0.wp.com\/vivesanobrasil.org\/wp-content\/uploads\/2021\/05\/medios-de-pago_Mesa-de-trabajo-1.jpg?resize=1024%2C576&amp;ssl=1 1024w, https:\/\/i0.wp.com\/vivesanobrasil.org\/wp-content\/uploads\/2021\/05\/medios-de-pago_Mesa-de-trabajo-1.jpg?resize=768%2C432&amp;ssl=1 768w, https:\/\/i0.wp.com\/vivesanobrasil.org\/wp-content\/uploads\/2021\/05\/medios-de-pago_Mesa-de-trabajo-1.jpg?resize=1536%2C864&amp;ssl=1 1536w, https:\/\/i0.wp.com\/vivesanobrasil.org\/wp-content\/uploads\/2021\/05\/medios-de-pago_Mesa-de-trabajo-1.jpg?resize=107%2C60&amp;ssl=1 107w, https:\/\/i0.wp.com\/vivesanobrasil.org\/wp-content\/uploads\/2021\/05\/medios-de-pago_Mesa-de-trabajo-1.jpg?resize=350%2C197&amp;ssl=1 350w, https:\/\/i0.wp.com\/vivesanobrasil.org\/wp-content\/uploads\/2021\/05\/medios-de-pago_Mesa-de-trabajo-1.jpg?resize=500%2C281&amp;ssl=1 500w, https:\/\/i0.wp.com\/vivesanobrasil.org\/wp-content\/uploads\/2021\/05\/medios-de-pago_Mesa-de-trabajo-1.jpg?resize=700%2C394&amp;ssl=1 700w\" sizes=\"(max-width: 1000px) 100vw, 1000px\" data-attachment-id=\"22294\" data-permalink=\"https:\/\/vivesanobrasil.org\/pb\/oferta-2\/medios-de-pago_mesa-de-trabajo-1\/\" data-orig-file=\"https:\/\/i0.wp.com\/vivesanobrasil.org\/wp-content\/uploads\/2021\/05\/medios-de-pago_Mesa-de-trabajo-1.jpg?fit=2000%2C1125&amp;ssl=1\" data-orig-size=\"2000,1125\" data-comments-opened=\"1\" data-image-meta=\"{&quot;aperture&quot;:&quot;0&quot;,&quot;credit&quot;:&quot;&quot;,&quot;camera&quot;:&quot;&quot;,&quot;caption&quot;:&quot;&quot;,&quot;created_timestamp&quot;:&quot;0&quot;,&quot;copyright&quot;:&quot;&quot;,&quot;focal_length&quot;:&quot;0&quot;,&quot;iso&quot;:&quot;0&quot;,&quot;shutter_speed&quot;:&quot;0&quot;,&quot;title&quot;:&quot;&quot;,&quot;orientation&quot;:&quot;1&quot;}\" data-image-title=\"medios de pago_Mesa de trabajo 1\" data-image-description=\"\" data-image-caption=\"\" data-large-file=\"https:\/\/i0.wp.com\/vivesanobrasil.org\/wp-content\/uploads\/2021\/05\/medios-de-pago_Mesa-de-trabajo-1.jpg?fit=1024%2C576&amp;ssl=1\" \/>\t\t\t\t\t\t\t\t\t\t\t\t\t<\/div>\n\t\t\t\t<\/div>\n\t\t\t\t<div class=\"elementor-element elementor-element-1beb5d4 elementor-hidden-desktop elementor-hidden-tablet elementor-widget elementor-widget-image\" data-id=\"1beb5d4\" data-element_type=\"widget\" data-widget_type=\"image.default\">\n\t\t\t\t<div class=\"elementor-widget-container\">\n\t\t\t\t\t\t\t\t\t\t\t\t\t<img loading=\"lazy\" decoding=\"async\" data-attachment-id=\"22296\" data-permalink=\"https:\/\/vivesanobrasil.org\/pb\/oferta-2\/medio-de-pago-moviles_mesa-de-trabajo-1-2\/\" data-orig-file=\"https:\/\/i0.wp.com\/vivesanobrasil.org\/wp-content\/uploads\/2021\/05\/medio-de-pago-mo%CC%81viles_Mesa-de-trabajo-1-1.jpg?fit=1152%2C2048&amp;ssl=1\" data-orig-size=\"1152,2048\" data-comments-opened=\"1\" data-image-meta=\"{&quot;aperture&quot;:&quot;0&quot;,&quot;credit&quot;:&quot;&quot;,&quot;camera&quot;:&quot;&quot;,&quot;caption&quot;:&quot;&quot;,&quot;created_timestamp&quot;:&quot;0&quot;,&quot;copyright&quot;:&quot;&quot;,&quot;focal_length&quot;:&quot;0&quot;,&quot;iso&quot;:&quot;0&quot;,&quot;shutter_speed&quot;:&quot;0&quot;,&quot;title&quot;:&quot;&quot;,&quot;orientation&quot;:&quot;1&quot;}\" data-image-title=\"medio de pago mo\u0301viles_Mesa de trabajo 1\" data-image-description=\"\" data-image-caption=\"\" data-large-file=\"https:\/\/i0.wp.com\/vivesanobrasil.org\/wp-content\/uploads\/2021\/05\/medio-de-pago-mo%CC%81viles_Mesa-de-trabajo-1-1.jpg?fit=576%2C1024&amp;ssl=1\" width=\"1152\" height=\"2048\" src=\"https:\/\/i0.wp.com\/vivesanobrasil.org\/wp-content\/uploads\/2021\/05\/medio-de-pago-mo%CC%81viles_Mesa-de-trabajo-1-1.jpg?fit=1152%2C2048&amp;ssl=1\" class=\"attachment-full size-full wp-image-22296\" alt=\"\" data-attachment-id=\"22296\" data-permalink=\"https:\/\/vivesanobrasil.org\/pb\/oferta-2\/medio-de-pago-moviles_mesa-de-trabajo-1-2\/\" data-orig-file=\"https:\/\/i0.wp.com\/vivesanobrasil.org\/wp-content\/uploads\/2021\/05\/medio-de-pago-mo%CC%81viles_Mesa-de-trabajo-1-1.jpg?fit=1152%2C2048&amp;ssl=1\" data-orig-size=\"1152,2048\" data-comments-opened=\"1\" data-image-meta=\"{&quot;aperture&quot;:&quot;0&quot;,&quot;credit&quot;:&quot;&quot;,&quot;camera&quot;:&quot;&quot;,&quot;caption&quot;:&quot;&quot;,&quot;created_timestamp&quot;:&quot;0&quot;,&quot;copyright&quot;:&quot;&quot;,&quot;focal_length&quot;:&quot;0&quot;,&quot;iso&quot;:&quot;0&quot;,&quot;shutter_speed&quot;:&quot;0&quot;,&quot;title&quot;:&quot;&quot;,&quot;orientation&quot;:&quot;1&quot;}\" data-image-title=\"medio de pago mo\u0301viles_Mesa de trabajo 1\" data-image-description=\"\" data-image-caption=\"\" data-large-file=\"https:\/\/i0.wp.com\/vivesanobrasil.org\/wp-content\/uploads\/2021\/05\/medio-de-pago-mo%CC%81viles_Mesa-de-trabajo-1-1.jpg?fit=576%2C1024&amp;ssl=1\" \/>\t\t\t\t\t\t\t\t\t\t\t\t\t<\/div>\n\t\t\t\t<\/div>\n\t\t\t\t\t<\/div>\n\t\t<\/div>\n\t\t\t\t\t<\/div>\n\t\t<\/section>\n\t\t\t\t<section class=\"elementor-section elementor-top-section elementor-element elementor-element-39ff15c elementor-section-full_width elementor-section-stretched elementor-section-height-default elementor-section-height-default\" data-id=\"39ff15c\" data-element_type=\"section\" data-settings=\"{&quot;stretch_section&quot;:&quot;section-stretched&quot;}\">\n\t\t\t\t\t\t<div class=\"elementor-container elementor-column-gap-no\">\n\t\t\t\t\t<div class=\"elementor-column elementor-col-100 elementor-top-column elementor-element elementor-element-9c2db68\" data-id=\"9c2db68\" data-element_type=\"column\">\n\t\t\t<div class=\"elementor-widget-wrap elementor-element-populated\">\n\t\t\t\t\t\t<div class=\"elementor-element elementor-element-8179083 elementor-widget elementor-widget-image\" data-id=\"8179083\" data-element_type=\"widget\" data-widget_type=\"image.default\">\n\t\t\t\t<div class=\"elementor-widget-container\">\n\t\t\t\t\t\t\t\t\t\t\t\t\t<img loading=\"lazy\" decoding=\"async\" data-attachment-id=\"22378\" data-permalink=\"https:\/\/vivesanobrasil.org\/pb\/metodos-de-pago\/whatsapp-image-2021-05-24-at-11-58-38-2\/\" data-orig-file=\"https:\/\/i0.wp.com\/vivesanobrasil.org\/wp-content\/uploads\/2021\/05\/WhatsApp-Image-2021-05-24-at-11.58.38-1.jpeg?fit=1280%2C640&amp;ssl=1\" data-orig-size=\"1280,640\" data-comments-opened=\"1\" data-image-meta=\"{&quot;aperture&quot;:&quot;0&quot;,&quot;credit&quot;:&quot;&quot;,&quot;camera&quot;:&quot;&quot;,&quot;caption&quot;:&quot;&quot;,&quot;created_timestamp&quot;:&quot;0&quot;,&quot;copyright&quot;:&quot;&quot;,&quot;focal_length&quot;:&quot;0&quot;,&quot;iso&quot;:&quot;0&quot;,&quot;shutter_speed&quot;:&quot;0&quot;,&quot;title&quot;:&quot;&quot;,&quot;orientation&quot;:&quot;0&quot;}\" data-image-title=\"WhatsApp Image 2021-05-24 at 11.58.38\" data-image-description=\"\" data-image-caption=\"\" data-large-file=\"https:\/\/i0.wp.com\/vivesanobrasil.org\/wp-content\/uploads\/2021\/05\/WhatsApp-Image-2021-05-24-at-11.58.38-1.jpeg?fit=1024%2C512&amp;ssl=1\" width=\"1280\" height=\"640\" src=\"https:\/\/i0.wp.com\/vivesanobrasil.org\/wp-content\/uploads\/2021\/05\/WhatsApp-Image-2021-05-24-at-11.58.38-1.jpeg?fit=1280%2C640&amp;ssl=1\" class=\"attachment-full size-full wp-image-22378\" alt=\"\" srcset=\"https:\/\/i0.wp.com\/vivesanobrasil.org\/wp-content\/uploads\/2021\/05\/WhatsApp-Image-2021-05-24-at-11.58.38-1.jpeg?w=1280&amp;ssl=1 1280w, https:\/\/i0.wp.com\/vivesanobrasil.org\/wp-content\/uploads\/2021\/05\/WhatsApp-Image-2021-05-24-at-11.58.38-1.jpeg?resize=300%2C150&amp;ssl=1 300w, https:\/\/i0.wp.com\/vivesanobrasil.org\/wp-content\/uploads\/2021\/05\/WhatsApp-Image-2021-05-24-at-11.58.38-1.jpeg?resize=1024%2C512&amp;ssl=1 1024w, https:\/\/i0.wp.com\/vivesanobrasil.org\/wp-content\/uploads\/2021\/05\/WhatsApp-Image-2021-05-24-at-11.58.38-1.jpeg?resize=768%2C384&amp;ssl=1 768w, https:\/\/i0.wp.com\/vivesanobrasil.org\/wp-content\/uploads\/2021\/05\/WhatsApp-Image-2021-05-24-at-11.58.38-1.jpeg?resize=120%2C60&amp;ssl=1 120w, https:\/\/i0.wp.com\/vivesanobrasil.org\/wp-content\/uploads\/2021\/05\/WhatsApp-Image-2021-05-24-at-11.58.38-1.jpeg?resize=350%2C175&amp;ssl=1 350w, https:\/\/i0.wp.com\/vivesanobrasil.org\/wp-content\/uploads\/2021\/05\/WhatsApp-Image-2021-05-24-at-11.58.38-1.jpeg?resize=500%2C250&amp;ssl=1 500w, https:\/\/i0.wp.com\/vivesanobrasil.org\/wp-content\/uploads\/2021\/05\/WhatsApp-Image-2021-05-24-at-11.58.38-1.jpeg?resize=700%2C350&amp;ssl=1 700w\" sizes=\"(max-width: 1000px) 100vw, 1000px\" data-attachment-id=\"22378\" data-permalink=\"https:\/\/vivesanobrasil.org\/pb\/metodos-de-pago\/whatsapp-image-2021-05-24-at-11-58-38-2\/\" data-orig-file=\"https:\/\/i0.wp.com\/vivesanobrasil.org\/wp-content\/uploads\/2021\/05\/WhatsApp-Image-2021-05-24-at-11.58.38-1.jpeg?fit=1280%2C640&amp;ssl=1\" data-orig-size=\"1280,640\" data-comments-opened=\"1\" data-image-meta=\"{&quot;aperture&quot;:&quot;0&quot;,&quot;credit&quot;:&quot;&quot;,&quot;camera&quot;:&quot;&quot;,&quot;caption&quot;:&quot;&quot;,&quot;created_timestamp&quot;:&quot;0&quot;,&quot;copyright&quot;:&quot;&quot;,&quot;focal_length&quot;:&quot;0&quot;,&quot;iso&quot;:&quot;0&quot;,&quot;shutter_speed&quot;:&quot;0&quot;,&quot;title&quot;:&quot;&quot;,&quot;orientation&quot;:&quot;0&quot;}\" data-image-title=\"WhatsApp Image 2021-05-24 at 11.58.38\" data-image-description=\"\" data-image-caption=\"\" data-large-file=\"https:\/\/i0.wp.com\/vivesanobrasil.org\/wp-content\/uploads\/2021\/05\/WhatsApp-Image-2021-05-24-at-11.58.38-1.jpeg?fit=1024%2C512&amp;ssl=1\" \/>\t\t\t\t\t\t\t\t\t\t\t\t\t<\/div>\n\t\t\t\t<\/div>\n\t\t\t\t\t<\/div>\n\t\t<\/div>\n\t\t\t\t\t<\/div>\n\t\t<\/section>\n\t\t\t\t<\/div>\n\t\t<div class='cb-post-url-qr-code'><br><img src='https:\/\/api.qrserver.com\/v1\/create-qr-code\/?size=185x185&ecc=L&qzone=1&data=https%3A%2F%2Fvivesanobrasil.org%2Fpb%2Fcertificacion-internacional-en-psicologia-de-la-alimentacion-2%2F' alt='Certificaci\u00f3n Internacional en Psicolog\u00eda de la Alimentaci\u00f3n'\/><\/div>","protected":false},"excerpt":{"rendered":"<p>[Button id=&#8221;11&#8243;] Descripci\u00f3n\u00a0 La alimentaci\u00f3n y la nutrici\u00f3n, entre otros factores, son determinantes en el desarrollo biol\u00f3gico de los humanos; a trav\u00e9s del tiempo, se ha demostrado que tambi\u00e9n son determinantes en el desarrollo ps\u00edquico y social de estos. Desde la propia formaci\u00f3n del feto, en los primeros tiempos de la vida, a trav\u00e9s de [&hellip;]<\/p>\n","protected":false},"author":135836161,"featured_media":22919,"comment_status":"open","ping_status":"open","sticky":false,"template":"","format":"standard","meta":{"_acf_changed":false,"_coblocks_attr":"","_coblocks_dimensions":"","_coblocks_responsive_height":"","_coblocks_accordion_ie_support":"","_crdt_document":"","om_disable_all_campaigns":false,"_monsterinsights_skip_tracking":false,"_monsterinsights_sitenote_active":false,"_monsterinsights_sitenote_note":"","_monsterinsights_sitenote_category":0,"_jetpack_newsletter_access":"","_jetpack_dont_email_post_to_subs":false,"_jetpack_newsletter_tier_id":0,"_jetpack_memberships_contains_paywalled_content":false,"_jetpack_memberships_contains_paid_content":false,"footnotes":"","jetpack_publicize_message":"Certificaci\u00f3n en Lactancia Materna y Alimentaci\u00f3n Complementaria. \u201cImportancia de la nutrici\u00f3n en los primeros 1000 d\u00edas de vida\u201d","jetpack_publicize_feature_enabled":true,"jetpack_social_post_already_shared":true,"jetpack_social_options":{"image_generator_settings":{"template":"highway","default_image_id":0,"font":"","enabled":false},"version":2},"_wpas_customize_per_network":false,"jetpack_post_was_ever_published":false},"categories":[675839541,675839539,675839553,675839550],"tags":[],"class_list":["post-22931","post","type-post","status-publish","format-standard","has-post-thumbnail","hentry","category-actividades-educativas","category-certificacion","category-cursos","category-oferta-academica"],"acf":[],"aioseo_notices":[],"jetpack_publicize_connections":[],"jetpack_featured_media_url":"https:\/\/i0.wp.com\/vivesanobrasil.org\/wp-content\/uploads\/2021\/06\/Feed-Psicologia-de-la-alimentacion-.png?fit=1080%2C1350&ssl=1","jetpack_likes_enabled":true,"jetpack_sharing_enabled":true,"jetpack_shortlink":"https:\/\/wp.me\/p9Ia6I-5XR","_links":{"self":[{"href":"https:\/\/vivesanobrasil.org\/pb\/wp-json\/wp\/v2\/posts\/22931","targetHints":{"allow":["GET"]}}],"collection":[{"href":"https:\/\/vivesanobrasil.org\/pb\/wp-json\/wp\/v2\/posts"}],"about":[{"href":"https:\/\/vivesanobrasil.org\/pb\/wp-json\/wp\/v2\/types\/post"}],"author":[{"embeddable":true,"href":"https:\/\/vivesanobrasil.org\/pb\/wp-json\/wp\/v2\/users\/135836161"}],"replies":[{"embeddable":true,"href":"https:\/\/vivesanobrasil.org\/pb\/wp-json\/wp\/v2\/comments?post=22931"}],"version-history":[{"count":0,"href":"https:\/\/vivesanobrasil.org\/pb\/wp-json\/wp\/v2\/posts\/22931\/revisions"}],"wp:featuredmedia":[{"embeddable":true,"href":"https:\/\/vivesanobrasil.org\/pb\/wp-json\/wp\/v2\/media\/22919"}],"wp:attachment":[{"href":"https:\/\/vivesanobrasil.org\/pb\/wp-json\/wp\/v2\/media?parent=22931"}],"wp:term":[{"taxonomy":"category","embeddable":true,"href":"https:\/\/vivesanobrasil.org\/pb\/wp-json\/wp\/v2\/categories?post=22931"},{"taxonomy":"post_tag","embeddable":true,"href":"https:\/\/vivesanobrasil.org\/pb\/wp-json\/wp\/v2\/tags?post=22931"}],"curies":[{"name":"wp","href":"https:\/\/api.w.org\/{rel}","templated":true}]}}