{"id":244,"date":"2018-07-21T18:39:02","date_gmt":"2018-07-21T18:39:02","guid":{"rendered":"https:\/\/vivesanobrasil.org\/?p=244"},"modified":"2018-07-21T18:39:02","modified_gmt":"2018-07-21T18:39:02","slug":"damos-inicio-al-curso-de-actualizacion-abordaje-en-situaciones-clinicas-nutricionales-y-quirurgicas-especiales","status":"publish","type":"post","link":"https:\/\/vivesanobrasil.org\/pb\/damos-inicio-al-curso-de-actualizacion-abordaje-en-situaciones-clinicas-nutricionales-y-quirurgicas-especiales\/","title":{"rendered":"Damos inicio al Curso de actualizaci\u00f3n, Abordaje en Situaciones Cl\u00ednicas Nutricionales y Quir\u00fargicas Especiales."},"content":{"rendered":"<p><img data-recalc-dims=\"1\" fetchpriority=\"high\" decoding=\"async\" class=\"alignnone size-full wp-image-216\" src=\"https:\/\/i0.wp.com\/vivesanobrasil.org\/wp-content\/uploads\/2018\/06\/36452797_10156383646895688_2455858666310467584_n-1-11.jpg?resize=960%2C540&#038;ssl=1\" alt=\"36452797_10156383646895688_2455858666310467584_n (1) (1)\" width=\"960\" height=\"540\" \/><\/p>\n<div>\n<div dir=\"ltr\">\n<p><span style=\"text-decoration:underline;\"><b><i>iBienvenidos!<\/i><\/b><\/span><\/p>\n<p>Estimados participantes sean todos bienvenidos a nuestro curso\u00a0Abordaje en Situaciones Cl\u00ednicas Nutricionales y Quir\u00fargicas Especiales!\u00a0Les recuerdo que el curso tiene como fecha de inicio el dia 21 de julio y finaliza el 15 de agosto. Tenemos usuarios que ya han realizado cursos anteriormente con nuestra instituci\u00f3n, a ellos, nuevamente bienvenidos.<\/p>\n<p>La metodologia de este curso es la siguiente: Por cada clase se dar\u00e1n recursos bibliogr\u00e1ficos para profundizar el aprendizaje, las clases seran subidas en formatos ppt, prezi o video dependiendo del facilitador.<b><i>\u00a0Nota importante: (Se sugiere actualizar las versiones de Office).<\/i><\/b>\u00a0Por cada clase se elabora una prueba: para la finalizaci\u00f3n del curso se tomar\u00e1n en cuenta las 4 mejores notas para de alli sacar la nota final de aprobaci\u00f3n del curso. Las clases una vez subidas estar\u00e1n disponibles por la totalidad del curso para facilitar su acceso. Las evaluaciones tienen como fecha tope para su entrega hasta el 15 de agosto, pudiendo extenderse de forma individual dependiendo del caso por via E-mail. Las fechas de las clases son las siguientes:<\/p>\n<p><b>MODULO 1 NUTRICI\u00d3N:<\/b><\/p>\n<p><b>21\/07\/2018\u00a0<\/b><\/p>\n<p>1.1.1) Soporte nutricional en situaciones cl\u00ednicas especiales. Parte 1 -Recomendaciones para el soporte nutricional y metab\u00f3lico especializado del paciente cr\u00edtico. Actualizaci\u00f3n &#8211; Indicaciones, momento de inicio y v\u00edas de aporte &#8211; Valoraci\u00f3n del estado nutricional<\/p>\n<p><b>23\/07\/2018\u00a0<\/b><\/p>\n<p>1.1.2) Soporte nutricional en situaciones cl\u00ednicas especiales. Parte 2 &#8211; Insuficiencia renal aguda &#8211; Insuficiencia hep\u00e1tica &#8211; Pancreatitis aguda grave &#8211; Cirug\u00eda del aparato digestivo &#8211; Hiperglucemia y diabetes mellitus &#8211; Paciente quemado cr\u00edtico &#8211; Paciente oncohematologico &#8211; Paciente politraumatizado &#8211; Paciente s\u00e9ptico<\/p>\n<p><b>25\/07\/2018<\/b><\/p>\n<p>1.2) Paciente critico obeso. 27\/07\/2018 1.3) Trastornos de alimentaci\u00f3n.<\/p>\n<p><b>MODULO 2 MEDICINA INTERNA:\u00a0<\/b><\/p>\n<p><b>29\/07\/2018\u00a0<\/b><\/p>\n<p>2.1) Traumatismo<\/p>\n<p><b>02\/08\/2018<\/b><\/p>\n<p>2.2) Pancreatitis aguda<\/p>\n<p><b>04\/08\/2018<\/b><\/p>\n<p>2.3) Paciente quemado<\/p>\n<p><b>MODULO 3 CIRUG\u00cdA GENERAL:<\/b><\/p>\n<p><b>06\/08\/2018\u00a0<\/b><\/p>\n<p>3.1) Fistulas gastrointestinales<\/p>\n<p><b>08\/08\/2018<\/b><\/p>\n<p>3.2) Enfermedad Hep\u00e1tica y trasplante hep\u00e1tico<\/p>\n<p><b>\u00a010\/08\/2018<\/b><\/p>\n<p>3.3) S\u00edndrome de intestino corto<\/p>\n<p>Recuerden que, cualquier duda que tengan pueden realizarla por medio del muro de nuestra plataforma Edoome o via E-mail.<\/p>\n<p>Exitos a todos! Espero que una vez iniciado puedan disfrutar de este curso y les animamos a participar en nuestros futuros eventos.<\/p>\n<div>\n<ul>\n<li><i><u>\u201cNunca consideres el estudio como una obligaci\u00f3n, sino como una oportunidad para penetrar en el bello y maravilloso mundo del saber\u201d. Albert Einstein.<\/u><\/i><\/li>\n<\/ul>\n<\/div>\n<\/div>\n<\/div>\n<div class=\"yj6qo ajU\">\n<div id=\":134\" class=\"ajR\" role=\"button\"><img data-recalc-dims=\"1\" decoding=\"async\" class=\"ajT\" src=\"https:\/\/i0.wp.com\/ssl.gstatic.com\/ui\/v1\/icons\/mail\/images\/cleardot.gif?ssl=1\" \/><\/div>\n<\/div>\n<p>&nbsp;<\/p>\n<div class='cb-post-url-qr-code'><br><img src='https:\/\/api.qrserver.com\/v1\/create-qr-code\/?size=185x185&ecc=L&qzone=1&data=https%3A%2F%2Fvivesanobrasil.org%2Fpb%2Fdamos-inicio-al-curso-de-actualizacion-abordaje-en-situaciones-clinicas-nutricionales-y-quirurgicas-especiales%2F' alt='Damos inicio al Curso de actualizaci\u00f3n, Abordaje en Situaciones Cl\u00ednicas Nutricionales y Quir\u00fargicas Especiales.'\/><\/div>","protected":false},"excerpt":{"rendered":"<p>iBienvenidos! Estimados participantes sean todos bienvenidos a nuestro curso\u00a0Abordaje en Situaciones Cl\u00ednicas Nutricionales y Quir\u00fargicas Especiales!\u00a0Les recuerdo que el curso tiene como fecha de inicio el dia 21 de julio y finaliza el 15 de agosto. Tenemos usuarios que ya han realizado cursos anteriormente con nuestra instituci\u00f3n, a ellos, nuevamente bienvenidos. La metodologia de este [&hellip;]<\/p>\n","protected":false},"author":135836161,"featured_media":0,"comment_status":"open","ping_status":"open","sticky":false,"template":"","format":"standard","meta":{"_acf_changed":false,"_coblocks_attr":"","_coblocks_dimensions":"","_coblocks_responsive_height":"","_coblocks_accordion_ie_support":"","_crdt_document":"","om_disable_all_campaigns":false,"_monsterinsights_skip_tracking":false,"_monsterinsights_sitenote_active":false,"_monsterinsights_sitenote_note":"","_monsterinsights_sitenote_category":0,"_jetpack_newsletter_access":"","_jetpack_dont_email_post_to_subs":false,"_jetpack_newsletter_tier_id":0,"_jetpack_memberships_contains_paywalled_content":false,"_jetpack_memberships_contains_paid_content":false,"footnotes":"","jetpack_publicize_message":"","jetpack_publicize_feature_enabled":true,"jetpack_social_post_already_shared":false,"jetpack_social_options":{"image_generator_settings":{"template":"highway","default_image_id":0,"font":"","enabled":false},"version":2},"_wpas_customize_per_network":false,"jetpack_post_was_ever_published":false},"categories":[1],"tags":[],"class_list":["post-244","post","type-post","status-publish","format-standard","hentry","category-uncategorized"],"acf":[],"aioseo_notices":[],"jetpack_publicize_connections":[],"jetpack_featured_media_url":"","jetpack_likes_enabled":true,"jetpack_sharing_enabled":true,"jetpack_shortlink":"https:\/\/wp.me\/p9Ia6I-3W","_links":{"self":[{"href":"https:\/\/vivesanobrasil.org\/pb\/wp-json\/wp\/v2\/posts\/244","targetHints":{"allow":["GET"]}}],"collection":[{"href":"https:\/\/vivesanobrasil.org\/pb\/wp-json\/wp\/v2\/posts"}],"about":[{"href":"https:\/\/vivesanobrasil.org\/pb\/wp-json\/wp\/v2\/types\/post"}],"author":[{"embeddable":true,"href":"https:\/\/vivesanobrasil.org\/pb\/wp-json\/wp\/v2\/users\/135836161"}],"replies":[{"embeddable":true,"href":"https:\/\/vivesanobrasil.org\/pb\/wp-json\/wp\/v2\/comments?post=244"}],"version-history":[{"count":0,"href":"https:\/\/vivesanobrasil.org\/pb\/wp-json\/wp\/v2\/posts\/244\/revisions"}],"wp:attachment":[{"href":"https:\/\/vivesanobrasil.org\/pb\/wp-json\/wp\/v2\/media?parent=244"}],"wp:term":[{"taxonomy":"category","embeddable":true,"href":"https:\/\/vivesanobrasil.org\/pb\/wp-json\/wp\/v2\/categories?post=244"},{"taxonomy":"post_tag","embeddable":true,"href":"https:\/\/vivesanobrasil.org\/pb\/wp-json\/wp\/v2\/tags?post=244"}],"curies":[{"name":"wp","href":"https:\/\/api.w.org\/{rel}","templated":true}]}}