{"id":261,"date":"2018-08-01T16:57:58","date_gmt":"2018-08-01T16:57:58","guid":{"rendered":"https:\/\/vivesanobrasil.org\/?p=261"},"modified":"2018-08-01T16:57:58","modified_gmt":"2018-08-01T16:57:58","slug":"genomica-nutricional-revelando-los-aspectos-moleculares-de-una-nutricion-personalizada-genetica-y-nutricion-estan-interconectados","status":"publish","type":"post","link":"https:\/\/vivesanobrasil.org\/pb\/genomica-nutricional-revelando-los-aspectos-moleculares-de-una-nutricion-personalizada-genetica-y-nutricion-estan-interconectados\/","title":{"rendered":"GEN\u00d3MICA NUTRICIONAL: Revelando los aspectos moleculares de una nutrici\u00f3n personalizada. \u00a1Gen\u00e9tica y nutrici\u00f3n est\u00e1n interconectados!"},"content":{"rendered":"<p><img data-recalc-dims=\"1\" fetchpriority=\"high\" decoding=\"async\" class=\"alignnone size-full wp-image-260\" src=\"https:\/\/i0.wp.com\/vivesanobrasil.org\/wp-content\/uploads\/2018\/08\/genc3b3mica-nutricional-email.png?resize=600%2C200&#038;ssl=1\" alt=\"Gen\u00f3mica nutricional email\" width=\"600\" height=\"200\" \/>\u00a0 \u00a0 \u00a0 \u00a0 \u00a0 \u00a0 \u00a0 \u00a0 \u00a0 \u00a0 \u00a0La gen\u00f3mica nutricional es un concepto que podr\u00eda revolucionar la prevenci\u00f3n y el tratamiento de la enfermedad, al Igual que dar hallazgos que permitan al profesional de la salud para mejorar la practica cl\u00ednica.<\/p>\n<p>Nuestro objetivo en este curso es providenciar la mayor informaci\u00f3n acerca de la relaci\u00f3n gen\u00e9tica y nutrici\u00f3n, para darte las mejores herramientas con nuestro equipo de especialistas de confianza con reconocida experiencia acad\u00e9mica y cl\u00ednica, an\u00edmate y participa.<\/p>\n<p style=\"font-weight:400;\"><strong>Temario:<\/strong><\/p>\n<p style=\"font-weight:400;\"><strong><br \/>\n<\/strong>Modulo 1:<br \/>\n<strong>Andrea Avenda\u00f1o. M.Sc. en Biolog\u00eda Celular<\/strong><\/p>\n<p style=\"font-weight:400;\">&#8211;\u00a0\u00a0\u00a0\u00a0\u00a0\u00a0Nutrigen\u00e9tica: como la constituci\u00f3n gen\u00e9tica de un individuo puede responder a una dieta determinada.<\/p>\n<p style=\"font-weight:400;\">&#8211;\u00a0\u00a0\u00a0\u00a0\u00a0\u00a0Nutrigen\u00f3mica: efecto de la dieta sobre la expresi\u00f3n gen\u00e9tica.<\/p>\n<p style=\"font-weight:400;\">&#8211;\u00a0\u00a0\u00a0\u00a0\u00a0\u00a0Gen\u00f3mica nutricional de enfermedades comunes.<\/p>\n<p style=\"font-weight:400;\">Modulo 2:<\/p>\n<p style=\"font-weight:400;\"><strong>Carlos Ramos. Esp en Nutrici\u00f3n Cl\u00ednica<\/strong><\/p>\n<p style=\"font-weight:400;\"><strong>\u00a0<\/strong>&#8211;\u00a0\u00a0\u00a0\u00a0\u00a0\u00a0Errores innatos del metabolismo.<\/p>\n<p style=\"font-weight:400;\">&#8211;\u00a0\u00a0\u00a0\u00a0\u00a0\u00a0Alteraciones en el metabolismo de la galactosa, fructosa, amino\u00e1cidos.<\/p>\n<p style=\"font-weight:400;\">&#8211;\u00a0\u00a0\u00a0\u00a0\u00a0\u00a0Alteraciones en el metabolismo de los l\u00edpidos.<\/p>\n<p style=\"font-weight:400;\">&#8211;\u00a0\u00a0\u00a0\u00a0\u00a0\u00a0Trastornos en el metabolismo energ\u00e9tico mitocondrial.<\/p>\n<p style=\"font-weight:400;\">\nModulo 3:<\/p>\n<p style=\"font-weight:400;\"><strong>Francisco Canmarata. Dr. M.Sc. en Gen\u00e9tica Medica.<\/strong><\/p>\n<p style=\"font-weight:400;\">\u00a0\u00a0&#8211;\u00a0 \u00a0 \u00a0Herencia mendeliana (patrones cl\u00e1sicos). Caracter\u00edsticas del patr\u00f3n de herencia autos\u00f3mico dominante. Reconocimiento a trav\u00e9s de la construcci\u00f3n de una genealog\u00eda con patr\u00f3n de herencia autos\u00f3mico dominante. (Riesgo, Ejemplos, Diagn\u00f3sticos cl\u00ednicos y moleculares).<\/p>\n<p style=\"font-weight:400;\">&#8211;\u00a0\u00a0\u00a0\u00a0\u00a0\u00a0Caracter\u00edsticas del patr\u00f3n de herencia autos\u00f3mico recesivo. Reconocimiento a trav\u00e9s de la construcci\u00f3n de una genealog\u00eda con patr\u00f3n de herencia autos\u00f3mico recesivo.\u00a0\u00a0(Riesgo, Ejemplos, Diagn\u00f3sticos cl\u00ednicos y moleculares).<\/p>\n<p style=\"font-weight:400;\">&#8211;\u00a0\u00a0\u00a0\u00a0\u00a0\u00a0Caracter\u00edsticas del patr\u00f3n de herencia ligado al cromosoma X dominante y recesivo. Reconocimiento a trav\u00e9s de la construcci\u00f3n de una genealog\u00eda con patr\u00f3n de herencia ligado al cromosoma X.\u00a0\u00a0(Riesgo, Ejemplos, Diagn\u00f3sticos cl\u00ednicos y moleculares).<\/p>\n<p style=\"font-weight:400;\">&#8211;\u00a0\u00a0\u00a0\u00a0\u00a0\u00a0Herencia multifactorial. Caracter\u00edsticas, Factores de riesgo.<\/p>\n<p style=\"font-weight:400;\">&#8211;\u00a0\u00a0\u00a0\u00a0\u00a0\u00a0Impronta g\u00e9nica. Ejemplos de entidades, diagn\u00f3stico cl\u00ednico y molecular.<\/p>\n<p style=\"font-weight:400;\">&#8211;\u00a0\u00a0\u00a0\u00a0\u00a0\u00a0Herencia mitocondrial.\u00a0 Reconocimiento a trav\u00e9s de la construcci\u00f3n de una genealog\u00eda con herencia mitocondrial. Ejemplos de entidades, diagn\u00f3stico cl\u00ednico y molecular.<\/p>\n<p style=\"font-weight:400;\">\n85hrs acad\u00e9micas.<\/p>\n<p style=\"font-weight:400;\">Incluye certificado.<\/p>\n<p style=\"font-weight:400;\">Modalidad a distancia.<\/p>\n<p style=\"font-weight:400;\">Material de apoyo, recursos, bibliograf\u00eda, papers, entre otros.<\/p>\n<p style=\"font-weight:400;\">INICIO: Del 25 de agosto al 18 de septiembre 2018<\/p>\n<p><b><span lang=\"EN-US\">WhatsApp:\u00a0<\/span><\/b><span class=\"m_-2755160738326934750gmail-MsoHyperlink\"><b><span lang=\"EN-US\"><a href=\"tel:+573154537014\" target=\"_blank\" rel=\"noopener\">+573154537014<\/a><\/span><\/b><\/span><\/p>\n<p><b><span lang=\"EN-US\">Instagram: @vivesan0<\/span><\/b><\/p>\n<p>E-mail; vivesanoca@gmail.com<\/p>\n<div class='cb-post-url-qr-code'><br><img src='https:\/\/api.qrserver.com\/v1\/create-qr-code\/?size=185x185&ecc=L&qzone=1&data=https%3A%2F%2Fvivesanobrasil.org%2Fpb%2Fgenomica-nutricional-revelando-los-aspectos-moleculares-de-una-nutricion-personalizada-genetica-y-nutricion-estan-interconectados%2F' alt='GEN\u00d3MICA NUTRICIONAL: Revelando los aspectos moleculares de una nutrici\u00f3n personalizada. \u00a1Gen\u00e9tica y nutrici\u00f3n est\u00e1n interconectados!'\/><\/div>","protected":false},"excerpt":{"rendered":"<p>\u00a0 \u00a0 \u00a0 \u00a0 \u00a0 \u00a0 \u00a0 \u00a0 \u00a0 \u00a0 \u00a0La gen\u00f3mica nutricional es un concepto que podr\u00eda revolucionar la prevenci\u00f3n y el tratamiento de la enfermedad, al Igual que dar hallazgos que permitan al profesional de la salud para mejorar la practica cl\u00ednica. Nuestro objetivo en este curso es providenciar la mayor informaci\u00f3n acerca [&hellip;]<\/p>\n","protected":false},"author":135836161,"featured_media":0,"comment_status":"open","ping_status":"open","sticky":false,"template":"","format":"standard","meta":{"_acf_changed":false,"_coblocks_attr":"","_coblocks_dimensions":"","_coblocks_responsive_height":"","_coblocks_accordion_ie_support":"","_crdt_document":"","om_disable_all_campaigns":false,"_monsterinsights_skip_tracking":false,"_monsterinsights_sitenote_active":false,"_monsterinsights_sitenote_note":"","_monsterinsights_sitenote_category":0,"_jetpack_newsletter_access":"","_jetpack_dont_email_post_to_subs":false,"_jetpack_newsletter_tier_id":0,"_jetpack_memberships_contains_paywalled_content":false,"_jetpack_memberships_contains_paid_content":false,"footnotes":"","jetpack_publicize_message":"","jetpack_publicize_feature_enabled":true,"jetpack_social_post_already_shared":false,"jetpack_social_options":{"image_generator_settings":{"template":"highway","default_image_id":0,"font":"","enabled":false},"version":2},"_wpas_customize_per_network":false,"jetpack_post_was_ever_published":false},"categories":[1],"tags":[],"class_list":["post-261","post","type-post","status-publish","format-standard","hentry","category-uncategorized"],"acf":[],"aioseo_notices":[],"jetpack_publicize_connections":[],"jetpack_featured_media_url":"","jetpack_likes_enabled":true,"jetpack_sharing_enabled":true,"jetpack_shortlink":"https:\/\/wp.me\/p9Ia6I-4d","_links":{"self":[{"href":"https:\/\/vivesanobrasil.org\/pb\/wp-json\/wp\/v2\/posts\/261","targetHints":{"allow":["GET"]}}],"collection":[{"href":"https:\/\/vivesanobrasil.org\/pb\/wp-json\/wp\/v2\/posts"}],"about":[{"href":"https:\/\/vivesanobrasil.org\/pb\/wp-json\/wp\/v2\/types\/post"}],"author":[{"embeddable":true,"href":"https:\/\/vivesanobrasil.org\/pb\/wp-json\/wp\/v2\/users\/135836161"}],"replies":[{"embeddable":true,"href":"https:\/\/vivesanobrasil.org\/pb\/wp-json\/wp\/v2\/comments?post=261"}],"version-history":[{"count":0,"href":"https:\/\/vivesanobrasil.org\/pb\/wp-json\/wp\/v2\/posts\/261\/revisions"}],"wp:attachment":[{"href":"https:\/\/vivesanobrasil.org\/pb\/wp-json\/wp\/v2\/media?parent=261"}],"wp:term":[{"taxonomy":"category","embeddable":true,"href":"https:\/\/vivesanobrasil.org\/pb\/wp-json\/wp\/v2\/categories?post=261"},{"taxonomy":"post_tag","embeddable":true,"href":"https:\/\/vivesanobrasil.org\/pb\/wp-json\/wp\/v2\/tags?post=261"}],"curies":[{"name":"wp","href":"https:\/\/api.w.org\/{rel}","templated":true}]}}