{"id":271,"date":"2018-08-08T18:15:39","date_gmt":"2018-08-08T18:15:39","guid":{"rendered":"https:\/\/vivesanobrasil.org\/?p=271"},"modified":"2018-08-08T18:15:39","modified_gmt":"2018-08-08T18:15:39","slug":"nutricomparte-y-vive-sano-brasil-sortean-4-becas-para-el-curso-online-genomica-nutricional-revelando-los-aspectos-moleculares-de-una-nutricion-personalizada","status":"publish","type":"post","link":"https:\/\/vivesanobrasil.org\/pb\/nutricomparte-y-vive-sano-brasil-sortean-4-becas-para-el-curso-online-genomica-nutricional-revelando-los-aspectos-moleculares-de-una-nutricion-personalizada\/","title":{"rendered":"Nutricomparte y vive Sano Brasil  sortean 4 becas para el Curso Online &#8220;Gen\u00f3mica Nutricional: Revelando los aspectos moleculares de una nutrici\u00f3n personalizada&#8221;\u00a0"},"content":{"rendered":"<p style=\"font-weight:400;\"><img data-recalc-dims=\"1\" fetchpriority=\"high\" decoding=\"async\" class=\"  wp-image-247 aligncenter\" src=\"https:\/\/i0.wp.com\/vivesanobrasil.org\/wp-content\/uploads\/2018\/04\/cropped-img-20180323-wa00191.jpg?resize=265%2C265&#038;ssl=1\" alt=\"cropped-img-20180323-wa00191.jpg\" width=\"265\" height=\"265\" \/><\/p>\n<p style=\"font-weight:400;\">M\u00e1s informaci\u00f3n para inscripci\u00f3n: vivesanoca@gmail.com<\/p>\n<p>M\u00e1s informaci\u00f3n para las becas:\u00a0https:\/\/nutricomparte.blogspot.com\/2018\/08\/convenio-de-colaboracion-entre.html<\/p>\n<p style=\"font-weight:400;\"><b><strong>INFORMACI\u00d3N DEL CURSO<\/strong><\/b><\/p>\n<p style=\"font-weight:400;\"><b><strong>DESCRIPCI\u00d3N DEL CURSO:<\/strong><\/b>\u00a0La gen\u00f3mica nutricional es un concepto que podr\u00eda revolucionar la prevenci\u00f3n y el tratamiento de la enfermedad, al Igual que dar hallazgos que permitan al profesional de la salud para mejorar la pr\u00e1ctica cl\u00ednica.<\/p>\n<p><span style=\"font-weight:400;\">Nuestro objetivo en este curso es providenciar la mayor informaci\u00f3n acerca de la relaci\u00f3n gen\u00e9tica y nutrici\u00f3n, para darte las mejores herramientas con nuestro equipo de especialistas de confianza con reconocida experiencia acad\u00e9mica y cl\u00ednica, an\u00edmate y participa.<\/span><span style=\"font-weight:400;\">\u00a0<\/span><\/p>\n<p><br style=\"font-weight:400;\" \/><b><strong>TEMARIO:<\/strong><\/b><\/p>\n<p style=\"font-weight:400;\">M\u00f3dulo 1:<\/p>\n<p style=\"font-weight:400;\"><b><strong>Andrea Avenda\u00f1o. M.Sc. en Biolog\u00eda Celular\u00a0<\/strong><\/b><\/p>\n<ul style=\"font-weight:400;\">\n<li>Nutrigen\u00e9tica: como la constituci\u00f3n gen\u00e9tica de un individuo puede responder a una dieta determinada<\/li>\n<li>Nutrigen\u00f3mica: efecto de la dieta sobre la expresi\u00f3n gen\u00e9tica<\/li>\n<li>Gen\u00f3mica nutricional de enfermedades comunes.<\/li>\n<\/ul>\n<p style=\"font-weight:400;\">M\u00f3dulo 2:<\/p>\n<p style=\"font-weight:400;\"><b><strong>Carlos Ramos. Esp en Nutrici\u00f3n Cl\u00ednica<\/strong><\/b><\/p>\n<ul style=\"font-weight:400;\">\n<li>Errores innatos del metabolismo<\/li>\n<li>Alteraciones en el metabolismo de la galactosa, fructosa, amino\u00e1cidos.<\/li>\n<li>Alteraciones en el metabolismo de los l\u00edpidos<\/li>\n<li>Trastornos en el metabolismo energ\u00e9tico mitocondrial.<\/li>\n<\/ul>\n<p style=\"font-weight:400;\">M\u00f3dulo 3:<\/p>\n<p style=\"font-weight:400;\"><b><strong>Francisco Canmarata. Dr. M.Sc. en Gen\u00e9tica Medica.<\/strong><\/b><\/p>\n<ul style=\"font-weight:400;\">\n<li>Herencia mendeliana (patrones cl\u00e1sicos). Caracter\u00edsticas del patr\u00f3n de herencia autos\u00f3mico dominante. Reconocimiento a trav\u00e9s de la construcci\u00f3n de una genealog\u00eda con patr\u00f3n de herencia autos\u00f3mico dominante. (Riesgo, Ejemplos, Diagn\u00f3sticos cl\u00ednicos y moleculares).<\/li>\n<li>Caracter\u00edsticas del patr\u00f3n de herencia autos\u00f3mico recesivo. Reconocimiento a trav\u00e9s de la construcci\u00f3n de una genealog\u00eda con patr\u00f3n de herencia autos\u00f3mico recesivo.\u00a0\u00a0(Riesgo, Ejemplos, Diagn\u00f3sticos cl\u00ednicos y moleculares).<\/li>\n<li>Caracter\u00edsticas del patr\u00f3n de herencia ligado al cromosoma X dominante y recesivo. Reconocimiento a trav\u00e9s de la construcci\u00f3n de una genealog\u00eda con patr\u00f3n de herencia ligado al cromosoma X.\u00a0\u00a0(Riesgo, Ejemplos, Diagn\u00f3sticos cl\u00ednicos y moleculares).<\/li>\n<li>Herencia multifactorial. Caracter\u00edsticas, Factores de riesgo.<\/li>\n<li>Impronta g\u00e9nica. Ejemplos de entidades, diagn\u00f3stico cl\u00ednico y molecular.<\/li>\n<li>Herencia mitocondrial.\u00a0 Reconocimiento a trav\u00e9s de la construcci\u00f3n de una genealog\u00eda con herencia mitocondrial. Ejemplos de entidades, diagn\u00f3stico cl\u00ednico y molecular.<\/li>\n<\/ul>\n<p>&nbsp;<\/p>\n<p style=\"font-weight:400;\"><b><strong>ANTECEDENTES ACAD\u00c9MICOS<\/strong><\/b><\/p>\n<ul style=\"font-weight:400;\">\n<li>85 hrs acad\u00e9micas.<\/li>\n<li>Incluye certificado.<\/li>\n<li>Modalidad a distancia.<\/li>\n<li>Material de apoyo, recursos, bibliograf\u00eda, papers, entre otros.<\/li>\n<li>INICIO: Del 25 de agosto al 18 de septiembre.<\/li>\n<\/ul>\n<p style=\"font-weight:400;\"><b><strong>PREGUNTAS FRECUENTES<\/strong><\/b><\/p>\n<p style=\"font-weight:400;\"><b><strong>En cuanto al curso, aprobaci\u00f3n y certificaci\u00f3n:\u00a0<\/strong><\/b><\/p>\n<p style=\"font-weight:400;\">Es un curso de formaci\u00f3n continua, los cursos que requieren convalidaci\u00f3n en los pa\u00edses son cursos\u00a0stricto\u00a0sensu\u00a0y\/o lacto\u00a0sensu, este es un curso para profundizar conocimientos, para preparar al profesional en su vida laboral, para completar su formaci\u00f3n acad\u00e9mica. Es decir los cursos\u00a0de formaci\u00f3n continua que hagan en su pa\u00eds igual son v\u00e1lidos en otros\u00a0 pa\u00edses pues son de conocimientos,\u00a0 las titulaciones, curso de pregrado, diplomados, especialidad, maestr\u00eda y doctorados estos si requieren un proceso de rev\u00e1lida en cada pa\u00eds. Este certificado cuenta con nota aprobatoria valida internacionalmente.<\/p>\n<p style=\"font-weight:400;\"><b><strong>En cuanto para la aprobaci\u00f3n<\/strong><\/b>:<\/p>\n<p style=\"font-weight:400;\">El usuario deber\u00e1 aprobar el curso con la nota m\u00ednimo de 5\u00a0durante lo largo del curso o al final habr\u00e1 aproximadamente 6 evaluaciones, (selecci\u00f3n simple, desarrollo, casos cl\u00ednicos, verdadero falso) de los temas que nuestros ponentes van a impartir. Tomando en cuenta, las 4 notas m\u00e1s altas, la nota m\u00e1xima de aprobaci\u00f3n es de 7 puntos. Si el usuario no llegara a aprobar el curso se entregar\u00eda un certificado de participaci\u00f3n, en caso de aprobaci\u00f3n el certificado indicar\u00e1 que el usuario aprob\u00f3 dicho curso con la nota (4,5,6,7,8;9;10)\u00a0depende el caso).<\/p>\n<p style=\"font-weight:400;\">Cada 25 d\u00edas se est\u00e1n ofertando nuevos cursos de actualizaci\u00f3n, jornadas de estudio o cursos especializados a\u00a0trav\u00e9s\u00a0de nuestra plataforma virtual, las clases son 100% OnLine teniendo acceso a las 24 horas con usuario\u00a0y\u00a0clave proporcionados. Estos cursos\u00a0son impartidos por especialistas Doctores en su mayor\u00eda, (especialistas como m\u00ednimo grado acad\u00e9mico).\u00a0 La sede principal de esta empresa est\u00e1 en Sa\u00f5 Paulo Brasil, convenio UNIFESP, en Colombia Universidad de los Andes Bogot\u00e1, Venezuela Universidad\u00a0de los Andes M\u00e9rida, todos nuestros cursos son certificados.<\/p>\n<p style=\"font-weight:400;\"><b><strong>COSTO<\/strong><\/b><\/p>\n<ul style=\"font-weight:400;\">\n<li>Chile: 26.000 pesos chilenos<\/li>\n<li>Colombia: 116.000 COP<\/li>\n<li>Ecuador: 40$<\/li>\n<li>Resto de paises\u00a0<b><strong>40<\/strong><\/b>$ o el equivalente para cada pa\u00eds.<\/li>\n<li>Descuento del 20% para alumnos que anteriormente hayan realizado cursos con Vive Sano.<\/li>\n<\/ul>\n<div class='cb-post-url-qr-code'><br><img src='https:\/\/api.qrserver.com\/v1\/create-qr-code\/?size=185x185&ecc=L&qzone=1&data=https%3A%2F%2Fvivesanobrasil.org%2Fpb%2Fnutricomparte-y-vive-sano-brasil-sortean-4-becas-para-el-curso-online-genomica-nutricional-revelando-los-aspectos-moleculares-de-una-nutricion-personalizada%2F' alt='Nutricomparte y vive Sano Brasil  sortean 4 becas para el Curso Online &#8220;Gen\u00f3mica Nutricional: Revelando los aspectos moleculares de una nutrici\u00f3n personalizada&#8221;\u00a0'\/><\/div>","protected":false},"excerpt":{"rendered":"<p>M\u00e1s informaci\u00f3n para inscripci\u00f3n: <a href=\"mailto:vivesanoca@gmail.com\">vivesanoca@gmail.com<\/a> M\u00e1s informaci\u00f3n para las becas:\u00a0https:\/\/nutricomparte.blogspot.com\/2018\/08\/convenio-de-colaboracion-entre.html INFORMACI\u00d3N DEL CURSO DESCRIPCI\u00d3N DEL CURSO:\u00a0La gen\u00f3mica nutricional es un concepto que podr\u00eda revolucionar la prevenci\u00f3n y el tratamiento de la enfermedad, al Igual que dar hallazgos que permitan al profesional de la salud para mejorar la pr\u00e1ctica cl\u00ednica. Nuestro objetivo en este curso es [&hellip;]<\/p>\n","protected":false},"author":135836161,"featured_media":0,"comment_status":"open","ping_status":"open","sticky":false,"template":"","format":"standard","meta":{"_acf_changed":false,"_coblocks_attr":"","_coblocks_dimensions":"","_coblocks_responsive_height":"","_coblocks_accordion_ie_support":"","_crdt_document":"","om_disable_all_campaigns":false,"_monsterinsights_skip_tracking":false,"_monsterinsights_sitenote_active":false,"_monsterinsights_sitenote_note":"","_monsterinsights_sitenote_category":0,"_jetpack_newsletter_access":"","_jetpack_dont_email_post_to_subs":false,"_jetpack_newsletter_tier_id":0,"_jetpack_memberships_contains_paywalled_content":false,"_jetpack_memberships_contains_paid_content":false,"footnotes":"","jetpack_publicize_message":"","jetpack_publicize_feature_enabled":true,"jetpack_social_post_already_shared":false,"jetpack_social_options":{"image_generator_settings":{"template":"highway","default_image_id":0,"font":"","enabled":false},"version":2},"_wpas_customize_per_network":false,"jetpack_post_was_ever_published":false},"categories":[1],"tags":[],"class_list":["post-271","post","type-post","status-publish","format-standard","hentry","category-uncategorized"],"acf":[],"aioseo_notices":[],"jetpack_publicize_connections":[],"jetpack_featured_media_url":"","jetpack_likes_enabled":true,"jetpack_sharing_enabled":true,"jetpack_shortlink":"https:\/\/wp.me\/p9Ia6I-4n","_links":{"self":[{"href":"https:\/\/vivesanobrasil.org\/pb\/wp-json\/wp\/v2\/posts\/271","targetHints":{"allow":["GET"]}}],"collection":[{"href":"https:\/\/vivesanobrasil.org\/pb\/wp-json\/wp\/v2\/posts"}],"about":[{"href":"https:\/\/vivesanobrasil.org\/pb\/wp-json\/wp\/v2\/types\/post"}],"author":[{"embeddable":true,"href":"https:\/\/vivesanobrasil.org\/pb\/wp-json\/wp\/v2\/users\/135836161"}],"replies":[{"embeddable":true,"href":"https:\/\/vivesanobrasil.org\/pb\/wp-json\/wp\/v2\/comments?post=271"}],"version-history":[{"count":0,"href":"https:\/\/vivesanobrasil.org\/pb\/wp-json\/wp\/v2\/posts\/271\/revisions"}],"wp:attachment":[{"href":"https:\/\/vivesanobrasil.org\/pb\/wp-json\/wp\/v2\/media?parent=271"}],"wp:term":[{"taxonomy":"category","embeddable":true,"href":"https:\/\/vivesanobrasil.org\/pb\/wp-json\/wp\/v2\/categories?post=271"},{"taxonomy":"post_tag","embeddable":true,"href":"https:\/\/vivesanobrasil.org\/pb\/wp-json\/wp\/v2\/tags?post=271"}],"curies":[{"name":"wp","href":"https:\/\/api.w.org\/{rel}","templated":true}]}}