{"id":292,"date":"2018-08-29T10:31:59","date_gmt":"2018-08-29T10:31:59","guid":{"rendered":"https:\/\/vivesanobrasil.org\/?p=292"},"modified":"2018-08-27T22:43:31","modified_gmt":"2018-08-27T22:43:31","slug":"la-vitamina-d-en-las-enfermedades-neurologicas","status":"publish","type":"post","link":"https:\/\/vivesanobrasil.org\/pb\/la-vitamina-d-en-las-enfermedades-neurologicas\/","title":{"rendered":"La vitamina D en las enfermedades neurol\u00f3gicas."},"content":{"rendered":"<p><img data-recalc-dims=\"1\" fetchpriority=\"high\" decoding=\"async\" class=\" size-full wp-image-293 aligncenter\" src=\"https:\/\/i0.wp.com\/vivesanobrasil.org\/wp-content\/uploads\/2018\/08\/fotolia_41168140_demencias2.jpg?resize=1980%2C1485&#038;ssl=1\" alt=\"Losing Memories\" width=\"1980\" height=\"1485\" \/><\/p>\n<p style=\"text-align:justify;\">Es ampliamente conocido que los receptores de vitamina D se han encontrado en neuronas y c\u00e9lulas gliales, y su expresi\u00f3n m\u00e1s alta se encuentra en el hipocampo, el hipot\u00e1lamo, el t\u00e1lamo y los n\u00facleos grises subcorticales. La vitamina D ayuda a regular la neurotrofina, la diferenciaci\u00f3n neuronal y la maduraci\u00f3n mediante la operaci\u00f3n de control de la s\u00edntesis de factores de crecimiento (es decir, factor de crecimiento neuronal [NGF] y factor de crecimiento derivado de la l\u00ednea celular glial (GDNF), el tr\u00e1fico de la v\u00eda septohipoc\u00e1mpica,\u00a0y el control del proceso de s\u00edntesis de diferentes neuromoduladores (como acetilcolina [Ach], dopamina [DA] y gamma-aminobut\u00edrico [GABA]). Con base en estos supuestos, el papel potencial de la vitamina D en las patolog\u00edas neurol\u00f3gicas existe en alta proporci\u00f3n en\u00a0patolog\u00edas desmielinizantes, s\u00edndromes vasculares y neurodegeneraci\u00f3n. Como resultado de la falta de opciones terap\u00e9uticas \u00fatiles en cunto a tratamiento nutricional, la vitamina D parece dar respuesta a esta problematica y que su correcci\u00f3n puede conducir a la mejora de las condiciones cerebrales. Se ha explorado las relaciones entre la influencia ambiental y la deficiencia de vitamina D a largo plazo, siendo estos factores de riesgo para el desarrollo de diferentes tipos de trastornos neurol\u00f3gicos.<\/p>\n<div class='cb-post-url-qr-code'><br><img src='https:\/\/api.qrserver.com\/v1\/create-qr-code\/?size=185x185&ecc=L&qzone=1&data=https%3A%2F%2Fvivesanobrasil.org%2Fpb%2Fla-vitamina-d-en-las-enfermedades-neurologicas%2F' alt='La vitamina D en las enfermedades neurol\u00f3gicas.'\/><\/div>","protected":false},"excerpt":{"rendered":"<p>Es ampliamente conocido que los receptores de vitamina D se han encontrado en neuronas y c\u00e9lulas gliales, y su expresi\u00f3n m\u00e1s alta se encuentra en el hipocampo, el hipot\u00e1lamo, el t\u00e1lamo y los n\u00facleos grises subcorticales. La vitamina D ayuda a regular la neurotrofina, la diferenciaci\u00f3n neuronal y la maduraci\u00f3n mediante la operaci\u00f3n de control [&hellip;]<\/p>\n","protected":false},"author":135836161,"featured_media":0,"comment_status":"open","ping_status":"open","sticky":false,"template":"","format":"standard","meta":{"_acf_changed":false,"_coblocks_attr":"","_coblocks_dimensions":"","_coblocks_responsive_height":"","_coblocks_accordion_ie_support":"","_crdt_document":"","om_disable_all_campaigns":false,"_monsterinsights_skip_tracking":false,"_monsterinsights_sitenote_active":false,"_monsterinsights_sitenote_note":"","_monsterinsights_sitenote_category":0,"_jetpack_newsletter_access":"","_jetpack_dont_email_post_to_subs":false,"_jetpack_newsletter_tier_id":0,"_jetpack_memberships_contains_paywalled_content":false,"_jetpack_memberships_contains_paid_content":false,"footnotes":"","jetpack_publicize_message":"","jetpack_publicize_feature_enabled":true,"jetpack_social_post_already_shared":false,"jetpack_social_options":{"image_generator_settings":{"template":"highway","default_image_id":0,"font":"","enabled":false},"version":2},"_wpas_customize_per_network":false,"jetpack_post_was_ever_published":false},"categories":[1],"tags":[],"class_list":["post-292","post","type-post","status-publish","format-standard","hentry","category-uncategorized"],"acf":[],"aioseo_notices":[],"jetpack_publicize_connections":[],"jetpack_featured_media_url":"","jetpack_likes_enabled":true,"jetpack_sharing_enabled":true,"jetpack_shortlink":"https:\/\/wp.me\/p9Ia6I-4I","_links":{"self":[{"href":"https:\/\/vivesanobrasil.org\/pb\/wp-json\/wp\/v2\/posts\/292","targetHints":{"allow":["GET"]}}],"collection":[{"href":"https:\/\/vivesanobrasil.org\/pb\/wp-json\/wp\/v2\/posts"}],"about":[{"href":"https:\/\/vivesanobrasil.org\/pb\/wp-json\/wp\/v2\/types\/post"}],"author":[{"embeddable":true,"href":"https:\/\/vivesanobrasil.org\/pb\/wp-json\/wp\/v2\/users\/135836161"}],"replies":[{"embeddable":true,"href":"https:\/\/vivesanobrasil.org\/pb\/wp-json\/wp\/v2\/comments?post=292"}],"version-history":[{"count":0,"href":"https:\/\/vivesanobrasil.org\/pb\/wp-json\/wp\/v2\/posts\/292\/revisions"}],"wp:attachment":[{"href":"https:\/\/vivesanobrasil.org\/pb\/wp-json\/wp\/v2\/media?parent=292"}],"wp:term":[{"taxonomy":"category","embeddable":true,"href":"https:\/\/vivesanobrasil.org\/pb\/wp-json\/wp\/v2\/categories?post=292"},{"taxonomy":"post_tag","embeddable":true,"href":"https:\/\/vivesanobrasil.org\/pb\/wp-json\/wp\/v2\/tags?post=292"}],"curies":[{"name":"wp","href":"https:\/\/api.w.org\/{rel}","templated":true}]}}