{"id":31718,"date":"2021-11-29T01:23:03","date_gmt":"2021-11-29T04:23:03","guid":{"rendered":"https:\/\/vivesanobrasil.org\/?p=31718"},"modified":"2021-11-29T09:59:42","modified_gmt":"2021-11-29T12:59:42","slug":"ebook-blw","status":"publish","type":"post","link":"https:\/\/vivesanobrasil.org\/pb\/ebook-blw\/","title":{"rendered":"Ebook BLW"},"content":{"rendered":"\t\t<div data-elementor-type=\"wp-post\" data-elementor-id=\"31718\" class=\"elementor elementor-31718\">\n\t\t\t\t\t\t<section class=\"elementor-section elementor-top-section elementor-element elementor-element-f03ebb9 elementor-section-full_width elementor-section-stretched elementor-section-height-default elementor-section-height-default\" data-id=\"f03ebb9\" data-element_type=\"section\" data-settings=\"{&quot;stretch_section&quot;:&quot;section-stretched&quot;}\">\n\t\t\t\t\t\t<div class=\"elementor-container elementor-column-gap-no\">\n\t\t\t\t\t<div class=\"elementor-column elementor-col-100 elementor-top-column elementor-element elementor-element-7f6d83d\" data-id=\"7f6d83d\" data-element_type=\"column\">\n\t\t\t<div class=\"elementor-widget-wrap elementor-element-populated\">\n\t\t\t\t\t\t<div class=\"elementor-element elementor-element-37988d7 elementor-widget elementor-widget-image\" data-id=\"37988d7\" data-element_type=\"widget\" data-widget_type=\"image.default\">\n\t\t\t\t<div class=\"elementor-widget-container\">\n\t\t\t\t\t\t\t\t\t\t\t\t\t<img decoding=\"async\" src=\"https:\/\/i0.wp.com\/vivesanobrasil.org\/wp-content\/uploads\/2021\/11\/BANNER-Ebook-Lactancia-Materna-BLW.png?fit=1800%2C900&#038;ssl=1\" title=\"BANNER Ebook- Lactancia Materna BLW\" alt=\"BANNER Ebook- Lactancia Materna BLW\" loading=\"lazy\" \/>\t\t\t\t\t\t\t\t\t\t\t\t\t<\/div>\n\t\t\t\t<\/div>\n\t\t\t\t<div class=\"elementor-element elementor-element-9431125 elementor-widget elementor-widget-spacer\" data-id=\"9431125\" data-element_type=\"widget\" data-widget_type=\"spacer.default\">\n\t\t\t\t<div class=\"elementor-widget-container\">\n\t\t\t\t\t<div class=\"elementor-spacer\">\n\t\t\t<div class=\"elementor-spacer-inner\"><\/div>\n\t\t<\/div>\n\t\t\t\t<\/div>\n\t\t\t\t<\/div>\n\t\t\t\t\t<\/div>\n\t\t<\/div>\n\t\t\t\t\t<\/div>\n\t\t<\/section>\n\t\t\t\t<section class=\"elementor-section elementor-top-section elementor-element elementor-element-77bb1c0 elementor-section-boxed elementor-section-height-default elementor-section-height-default\" data-id=\"77bb1c0\" data-element_type=\"section\">\n\t\t\t\t\t\t<div class=\"elementor-container elementor-column-gap-default\">\n\t\t\t\t\t<div class=\"elementor-column elementor-col-50 elementor-top-column elementor-element elementor-element-a7e1788\" data-id=\"a7e1788\" data-element_type=\"column\">\n\t\t\t<div class=\"elementor-widget-wrap elementor-element-populated\">\n\t\t\t\t\t\t<div class=\"elementor-element elementor-element-3bc498d elementor-widget elementor-widget-heading\" data-id=\"3bc498d\" data-element_type=\"widget\" data-widget_type=\"heading.default\">\n\t\t\t\t<div class=\"elementor-widget-container\">\n\t\t\t<h2 class=\"elementor-heading-title elementor-size-default\">Gran Lanzamiento, Ebook  Baby Led Weaning<\/h2>\t\t<\/div>\n\t\t\t\t<\/div>\n\t\t\t\t<div class=\"elementor-element elementor-element-4195d8e elementor-widget elementor-widget-text-editor\" data-id=\"4195d8e\" data-element_type=\"widget\" data-widget_type=\"text-editor.default\">\n\t\t\t\t<div class=\"elementor-widget-container\">\n\t\t\t\t\t\t\t<p align=\"JUSTIFY\"><span style=\"font-size: small;\">la alimentaci\u00f3n en los primeros 1000 d\u00edas de vida es un factor sustancial para evaluar, ya que durante esta etapa se debe pretender cubrir las necesidades nutricionales, con el objetivo de evitar posibles deficiencias que van a repercutir en un inadecuado crecimiento y desarrollo de los lactantes y ni\u00f1os. Adicionalmente, se ha establecido que los inapropiados h\u00e1bitos alimentarios que se forman en un principio llegan a ser una causa determinante en la composici\u00f3n corporal que desarrolle el ni\u00f1o en la adultez. Por esta raz\u00f3n, el inicio de la incorporaci\u00f3n de la alimentaci\u00f3n complementaria, permite ser el primer escenario que presentan los lactantes en la interacci\u00f3n con los alimentos y por ende uno de los factores fundamentales en forjar h\u00e1bitos alimentarios saludables en un futuro. Este eBooks busca facilitar a las personas en la realizaci\u00f3n de sus preparaciones diarias por medio de recetas que sean de car\u00e1cter f\u00e1cil y econ\u00f3mico para los pacientes, as\u00ed como tambi\u00e9n busca ser un material did\u00e1ctico de aprendizaje para ser utilizado en las consultas nutricionales o donde el profesional estime conveniente.<\/span><\/p>\t\t\t\t\t\t<\/div>\n\t\t\t\t<\/div>\n\t\t\t\t<div class=\"elementor-element elementor-element-f2cc131 elementor-align-center elementor-widget elementor-widget-button\" data-id=\"f2cc131\" data-element_type=\"widget\" data-widget_type=\"button.default\">\n\t\t\t\t<div class=\"elementor-widget-container\">\n\t\t\t\t\t<div class=\"elementor-button-wrapper\">\n\t\t\t<a class=\"elementor-button elementor-button-link elementor-size-sm\" href=\"https:\/\/vivesanobrasil.org\/producto\/ebook-blw\/\">\n\t\t\t\t\t\t<span class=\"elementor-button-content-wrapper\">\n\t\t\t\t\t\t\t\t\t<span class=\"elementor-button-text\">Comprar<\/span>\n\t\t\t\t\t<\/span>\n\t\t\t\t\t<\/a>\n\t\t<\/div>\n\t\t\t\t<\/div>\n\t\t\t\t<\/div>\n\t\t\t\t\t<\/div>\n\t\t<\/div>\n\t\t\t\t<div class=\"elementor-column elementor-col-50 elementor-top-column elementor-element elementor-element-2f2231f\" data-id=\"2f2231f\" data-element_type=\"column\">\n\t\t\t<div class=\"elementor-widget-wrap elementor-element-populated\">\n\t\t\t\t\t\t<div class=\"elementor-element elementor-element-d26ec6b elementor-widget elementor-widget-image\" data-id=\"d26ec6b\" data-element_type=\"widget\" data-widget_type=\"image.default\">\n\t\t\t\t<div class=\"elementor-widget-container\">\n\t\t\t\t\t\t\t\t\t\t\t\t\t\t<a href=\"https:\/\/vivesanobrasil.org\/producto\/ebook-de-nutricion-vegetariana\/\">\n\t\t\t\t\t\t\t<img fetchpriority=\"high\" decoding=\"async\" data-attachment-id=\"31714\" data-permalink=\"https:\/\/vivesanobrasil.org\/pb\/portada-ebook-blw-2\/\" data-orig-file=\"https:\/\/i0.wp.com\/vivesanobrasil.org\/wp-content\/uploads\/2021\/11\/Portada-Ebook-BLW-1.jpg?fit=1080%2C1350&amp;ssl=1\" data-orig-size=\"1080,1350\" data-comments-opened=\"1\" data-image-meta=\"{&quot;aperture&quot;:&quot;0&quot;,&quot;credit&quot;:&quot;&quot;,&quot;camera&quot;:&quot;&quot;,&quot;caption&quot;:&quot;&quot;,&quot;created_timestamp&quot;:&quot;0&quot;,&quot;copyright&quot;:&quot;&quot;,&quot;focal_length&quot;:&quot;0&quot;,&quot;iso&quot;:&quot;0&quot;,&quot;shutter_speed&quot;:&quot;0&quot;,&quot;title&quot;:&quot;&quot;,&quot;orientation&quot;:&quot;1&quot;}\" data-image-title=\"Portada Ebook BLW\" data-image-description=\"\" data-image-caption=\"\" data-large-file=\"https:\/\/i0.wp.com\/vivesanobrasil.org\/wp-content\/uploads\/2021\/11\/Portada-Ebook-BLW-1.jpg?fit=819%2C1024&amp;ssl=1\" width=\"1080\" height=\"1350\" src=\"https:\/\/i0.wp.com\/vivesanobrasil.org\/wp-content\/uploads\/2021\/11\/Portada-Ebook-BLW-1.jpg?fit=1080%2C1350&amp;ssl=1\" class=\"attachment-full size-full wp-image-31714\" alt=\"\" srcset=\"https:\/\/i0.wp.com\/vivesanobrasil.org\/wp-content\/uploads\/2021\/11\/Portada-Ebook-BLW-1.jpg?w=1080&amp;ssl=1 1080w, https:\/\/i0.wp.com\/vivesanobrasil.org\/wp-content\/uploads\/2021\/11\/Portada-Ebook-BLW-1.jpg?resize=240%2C300&amp;ssl=1 240w, https:\/\/i0.wp.com\/vivesanobrasil.org\/wp-content\/uploads\/2021\/11\/Portada-Ebook-BLW-1.jpg?resize=819%2C1024&amp;ssl=1 819w, https:\/\/i0.wp.com\/vivesanobrasil.org\/wp-content\/uploads\/2021\/11\/Portada-Ebook-BLW-1.jpg?resize=768%2C960&amp;ssl=1 768w, https:\/\/i0.wp.com\/vivesanobrasil.org\/wp-content\/uploads\/2021\/11\/Portada-Ebook-BLW-1.jpg?resize=48%2C60&amp;ssl=1 48w, https:\/\/i0.wp.com\/vivesanobrasil.org\/wp-content\/uploads\/2021\/11\/Portada-Ebook-BLW-1.jpg?resize=350%2C438&amp;ssl=1 350w, https:\/\/i0.wp.com\/vivesanobrasil.org\/wp-content\/uploads\/2021\/11\/Portada-Ebook-BLW-1.jpg?resize=500%2C625&amp;ssl=1 500w, https:\/\/i0.wp.com\/vivesanobrasil.org\/wp-content\/uploads\/2021\/11\/Portada-Ebook-BLW-1.jpg?resize=700%2C875&amp;ssl=1 700w\" sizes=\"(max-width: 1000px) 100vw, 1000px\" data-attachment-id=\"31714\" data-permalink=\"https:\/\/vivesanobrasil.org\/pb\/portada-ebook-blw-2\/\" data-orig-file=\"https:\/\/i0.wp.com\/vivesanobrasil.org\/wp-content\/uploads\/2021\/11\/Portada-Ebook-BLW-1.jpg?fit=1080%2C1350&amp;ssl=1\" data-orig-size=\"1080,1350\" data-comments-opened=\"1\" data-image-meta=\"{&quot;aperture&quot;:&quot;0&quot;,&quot;credit&quot;:&quot;&quot;,&quot;camera&quot;:&quot;&quot;,&quot;caption&quot;:&quot;&quot;,&quot;created_timestamp&quot;:&quot;0&quot;,&quot;copyright&quot;:&quot;&quot;,&quot;focal_length&quot;:&quot;0&quot;,&quot;iso&quot;:&quot;0&quot;,&quot;shutter_speed&quot;:&quot;0&quot;,&quot;title&quot;:&quot;&quot;,&quot;orientation&quot;:&quot;1&quot;}\" data-image-title=\"Portada Ebook BLW\" data-image-description=\"\" data-image-caption=\"\" data-large-file=\"https:\/\/i0.wp.com\/vivesanobrasil.org\/wp-content\/uploads\/2021\/11\/Portada-Ebook-BLW-1.jpg?fit=819%2C1024&amp;ssl=1\" \/>\t\t\t\t\t\t\t\t<\/a>\n\t\t\t\t\t\t\t\t\t\t\t\t\t<\/div>\n\t\t\t\t<\/div>\n\t\t\t\t\t<\/div>\n\t\t<\/div>\n\t\t\t\t\t<\/div>\n\t\t<\/section>\n\t\t\t\t<\/div>\n\t\t<div class='cb-post-url-qr-code'><br><img src='https:\/\/api.qrserver.com\/v1\/create-qr-code\/?size=185x185&ecc=L&qzone=1&data=https%3A%2F%2Fvivesanobrasil.org%2Fpb%2Febook-blw%2F' alt='Ebook BLW'\/><\/div>","protected":false},"excerpt":{"rendered":"<p>Gran Lanzamiento, Ebook Baby Led Weaning la alimentaci\u00f3n en los primeros 1000 d\u00edas de vida es un factor sustancial para evaluar, ya que durante esta etapa se debe pretender cubrir las necesidades nutricionales, con el objetivo de evitar posibles deficiencias que van a repercutir en un inadecuado crecimiento y desarrollo de los lactantes y ni\u00f1os. [&hellip;]<\/p>\n","protected":false},"author":135836161,"featured_media":31714,"comment_status":"open","ping_status":"open","sticky":false,"template":"","format":"standard","meta":{"_acf_changed":false,"_coblocks_attr":"","_coblocks_dimensions":"","_coblocks_responsive_height":"","_coblocks_accordion_ie_support":"","_crdt_document":"","om_disable_all_campaigns":false,"_monsterinsights_skip_tracking":false,"_monsterinsights_sitenote_active":false,"_monsterinsights_sitenote_note":"","_monsterinsights_sitenote_category":0,"_jetpack_newsletter_access":"","_jetpack_dont_email_post_to_subs":false,"_jetpack_newsletter_tier_id":0,"_jetpack_memberships_contains_paywalled_content":false,"_jetpack_memberships_contains_paid_content":false,"footnotes":"","jetpack_publicize_message":"","jetpack_publicize_feature_enabled":true,"jetpack_social_post_already_shared":true,"jetpack_social_options":{"image_generator_settings":{"template":"highway","default_image_id":0,"font":"","enabled":false},"version":2},"_wpas_customize_per_network":false,"jetpack_post_was_ever_published":false},"categories":[675839545,675839542],"tags":[675839576,675839577],"class_list":["post-31718","post","type-post","status-publish","format-standard","has-post-thumbnail","hentry","category-libros","category-noticias","tag-ebook","tag-libro"],"acf":[],"aioseo_notices":[],"jetpack_publicize_connections":[],"jetpack_featured_media_url":"https:\/\/i0.wp.com\/vivesanobrasil.org\/wp-content\/uploads\/2021\/11\/Portada-Ebook-BLW-1.jpg?fit=1080%2C1350&ssl=1","jetpack_likes_enabled":true,"jetpack_sharing_enabled":true,"jetpack_shortlink":"https:\/\/wp.me\/p9Ia6I-8fA","_links":{"self":[{"href":"https:\/\/vivesanobrasil.org\/pb\/wp-json\/wp\/v2\/posts\/31718","targetHints":{"allow":["GET"]}}],"collection":[{"href":"https:\/\/vivesanobrasil.org\/pb\/wp-json\/wp\/v2\/posts"}],"about":[{"href":"https:\/\/vivesanobrasil.org\/pb\/wp-json\/wp\/v2\/types\/post"}],"author":[{"embeddable":true,"href":"https:\/\/vivesanobrasil.org\/pb\/wp-json\/wp\/v2\/users\/135836161"}],"replies":[{"embeddable":true,"href":"https:\/\/vivesanobrasil.org\/pb\/wp-json\/wp\/v2\/comments?post=31718"}],"version-history":[{"count":0,"href":"https:\/\/vivesanobrasil.org\/pb\/wp-json\/wp\/v2\/posts\/31718\/revisions"}],"wp:featuredmedia":[{"embeddable":true,"href":"https:\/\/vivesanobrasil.org\/pb\/wp-json\/wp\/v2\/media\/31714"}],"wp:attachment":[{"href":"https:\/\/vivesanobrasil.org\/pb\/wp-json\/wp\/v2\/media?parent=31718"}],"wp:term":[{"taxonomy":"category","embeddable":true,"href":"https:\/\/vivesanobrasil.org\/pb\/wp-json\/wp\/v2\/categories?post=31718"},{"taxonomy":"post_tag","embeddable":true,"href":"https:\/\/vivesanobrasil.org\/pb\/wp-json\/wp\/v2\/tags?post=31718"}],"curies":[{"name":"wp","href":"https:\/\/api.w.org\/{rel}","templated":true}]}}