{"id":32931,"date":"2022-01-03T07:57:37","date_gmt":"2022-01-03T10:57:37","guid":{"rendered":"https:\/\/vivesanobrasil.org\/?p=32931"},"modified":"2022-03-23T10:56:29","modified_gmt":"2022-03-23T14:56:29","slug":"curso-intensivo-nutricao-e-o-sono-turma-1-2","status":"publish","type":"post","link":"https:\/\/vivesanobrasil.org\/pb\/curso-intensivo-nutricao-e-o-sono-turma-1-2\/","title":{"rendered":"Curso Intensivo Nutri\u00e7\u00e3o e o Sono &#8211; Turma 1"},"content":{"rendered":"\t\t<div data-elementor-type=\"wp-post\" data-elementor-id=\"32931\" class=\"elementor elementor-32931\">\n\t\t\t\t\t\t<section class=\"elementor-section elementor-top-section elementor-element elementor-element-9795a5e elementor-section-full_width elementor-section-stretched elementor-section-height-default elementor-section-height-default\" data-id=\"9795a5e\" data-element_type=\"section\" data-settings=\"{&quot;stretch_section&quot;:&quot;section-stretched&quot;}\">\n\t\t\t\t\t\t<div class=\"elementor-container elementor-column-gap-no\">\n\t\t\t\t\t<div class=\"elementor-column elementor-col-100 elementor-top-column elementor-element elementor-element-eb776e3\" data-id=\"eb776e3\" data-element_type=\"column\">\n\t\t\t<div class=\"elementor-widget-wrap elementor-element-populated\">\n\t\t\t\t\t\t<div class=\"elementor-element elementor-element-78949b5 elementor-widget elementor-widget-shortcode\" data-id=\"78949b5\" data-element_type=\"widget\" data-widget_type=\"shortcode.default\">\n\t\t\t\t<div class=\"elementor-widget-container\">\n\t\t\t\t\t<div class=\"elementor-shortcode\">[Button id=\"30\"]\n<\/div>\n\t\t\t\t<\/div>\n\t\t\t\t<\/div>\n\t\t\t\t<div class=\"elementor-element elementor-element-20ee8f9 elementor-hidden-desktop elementor-hidden-tablet elementor-widget elementor-widget-image\" data-id=\"20ee8f9\" data-element_type=\"widget\" data-widget_type=\"image.default\">\n\t\t\t\t<div class=\"elementor-widget-container\">\n\t\t\t\t\t\t\t\t\t\t\t\t\t<img fetchpriority=\"high\" decoding=\"async\" data-attachment-id=\"32913\" data-permalink=\"https:\/\/vivesanobrasil.org\/pb\/afiche-sono-e-o-nutricao-1\/\" data-orig-file=\"https:\/\/i0.wp.com\/vivesanobrasil.org\/wp-content\/uploads\/2022\/01\/Afiche-Sono-e-o-Nutricao-1.png?fit=1080%2C1350&amp;ssl=1\" data-orig-size=\"1080,1350\" data-comments-opened=\"1\" data-image-meta=\"{&quot;aperture&quot;:&quot;0&quot;,&quot;credit&quot;:&quot;&quot;,&quot;camera&quot;:&quot;&quot;,&quot;caption&quot;:&quot;&quot;,&quot;created_timestamp&quot;:&quot;0&quot;,&quot;copyright&quot;:&quot;&quot;,&quot;focal_length&quot;:&quot;0&quot;,&quot;iso&quot;:&quot;0&quot;,&quot;shutter_speed&quot;:&quot;0&quot;,&quot;title&quot;:&quot;&quot;,&quot;orientation&quot;:&quot;0&quot;}\" data-image-title=\"Afiche &amp;#8211; Sono e o Nutri\u00e7\u00e3o 1\" data-image-description=\"\" data-image-caption=\"\" data-large-file=\"https:\/\/i0.wp.com\/vivesanobrasil.org\/wp-content\/uploads\/2022\/01\/Afiche-Sono-e-o-Nutricao-1.png?fit=819%2C1024&amp;ssl=1\" width=\"1080\" height=\"1350\" src=\"https:\/\/i0.wp.com\/vivesanobrasil.org\/wp-content\/uploads\/2022\/01\/Afiche-Sono-e-o-Nutricao-1.png?fit=1080%2C1350&amp;ssl=1\" class=\"attachment-full size-full wp-image-32913\" alt=\"\" srcset=\"https:\/\/i0.wp.com\/vivesanobrasil.org\/wp-content\/uploads\/2022\/01\/Afiche-Sono-e-o-Nutricao-1.png?w=1080&amp;ssl=1 1080w, https:\/\/i0.wp.com\/vivesanobrasil.org\/wp-content\/uploads\/2022\/01\/Afiche-Sono-e-o-Nutricao-1.png?resize=240%2C300&amp;ssl=1 240w, https:\/\/i0.wp.com\/vivesanobrasil.org\/wp-content\/uploads\/2022\/01\/Afiche-Sono-e-o-Nutricao-1.png?resize=819%2C1024&amp;ssl=1 819w, https:\/\/i0.wp.com\/vivesanobrasil.org\/wp-content\/uploads\/2022\/01\/Afiche-Sono-e-o-Nutricao-1.png?resize=768%2C960&amp;ssl=1 768w, https:\/\/i0.wp.com\/vivesanobrasil.org\/wp-content\/uploads\/2022\/01\/Afiche-Sono-e-o-Nutricao-1.png?resize=48%2C60&amp;ssl=1 48w, https:\/\/i0.wp.com\/vivesanobrasil.org\/wp-content\/uploads\/2022\/01\/Afiche-Sono-e-o-Nutricao-1.png?resize=350%2C438&amp;ssl=1 350w, https:\/\/i0.wp.com\/vivesanobrasil.org\/wp-content\/uploads\/2022\/01\/Afiche-Sono-e-o-Nutricao-1.png?resize=500%2C625&amp;ssl=1 500w, https:\/\/i0.wp.com\/vivesanobrasil.org\/wp-content\/uploads\/2022\/01\/Afiche-Sono-e-o-Nutricao-1.png?resize=700%2C875&amp;ssl=1 700w\" sizes=\"(max-width: 1000px) 100vw, 1000px\" data-attachment-id=\"32913\" data-permalink=\"https:\/\/vivesanobrasil.org\/pb\/afiche-sono-e-o-nutricao-1\/\" data-orig-file=\"https:\/\/i0.wp.com\/vivesanobrasil.org\/wp-content\/uploads\/2022\/01\/Afiche-Sono-e-o-Nutricao-1.png?fit=1080%2C1350&amp;ssl=1\" data-orig-size=\"1080,1350\" data-comments-opened=\"1\" data-image-meta=\"{&quot;aperture&quot;:&quot;0&quot;,&quot;credit&quot;:&quot;&quot;,&quot;camera&quot;:&quot;&quot;,&quot;caption&quot;:&quot;&quot;,&quot;created_timestamp&quot;:&quot;0&quot;,&quot;copyright&quot;:&quot;&quot;,&quot;focal_length&quot;:&quot;0&quot;,&quot;iso&quot;:&quot;0&quot;,&quot;shutter_speed&quot;:&quot;0&quot;,&quot;title&quot;:&quot;&quot;,&quot;orientation&quot;:&quot;0&quot;}\" data-image-title=\"Afiche &amp;#8211; Sono e o Nutri\u00e7\u00e3o 1\" data-image-description=\"\" data-image-caption=\"\" data-large-file=\"https:\/\/i0.wp.com\/vivesanobrasil.org\/wp-content\/uploads\/2022\/01\/Afiche-Sono-e-o-Nutricao-1.png?fit=819%2C1024&amp;ssl=1\" \/>\t\t\t\t\t\t\t\t\t\t\t\t\t<\/div>\n\t\t\t\t<\/div>\n\t\t\t\t\t<\/div>\n\t\t<\/div>\n\t\t\t\t\t<\/div>\n\t\t<\/section>\n\t\t\t\t<section class=\"elementor-section elementor-top-section elementor-element elementor-element-0763dba elementor-section-full_width elementor-section-stretched elementor-section-height-default elementor-section-height-default\" data-id=\"0763dba\" data-element_type=\"section\" data-settings=\"{&quot;stretch_section&quot;:&quot;section-stretched&quot;,&quot;background_background&quot;:&quot;classic&quot;}\">\n\t\t\t\t\t\t<div class=\"elementor-container elementor-column-gap-no\">\n\t\t\t\t\t<div class=\"elementor-column elementor-col-50 elementor-top-column elementor-element elementor-element-8bef38a\" data-id=\"8bef38a\" data-element_type=\"column\">\n\t\t\t<div class=\"elementor-widget-wrap elementor-element-populated\">\n\t\t\t\t\t\t<div class=\"elementor-element elementor-element-9500abc elementor-widget elementor-widget-text-editor\" data-id=\"9500abc\" data-element_type=\"widget\" data-widget_type=\"text-editor.default\">\n\t\t\t\t<div class=\"elementor-widget-container\">\n\t\t\t\t\t\t\t<h1 dir=\"ltr\" style=\"text-align: center;\"><span style=\"font-family: arial, sans-serif; color: #ffffff;\">Descri\u00e7\u00e3o:\u00a0<\/span><\/h1><p dir=\"ltr\" style=\"text-align: center;\"><span style=\"font-family: arial, sans-serif; color: #ffffff;\">O sono adequado \u00e9 fundamental para a regula\u00e7\u00e3o do corpo em qualquer idade. Quando insuficiente, tanto em quantidade quanto em qualidade, o sono eleva as chances de se adquirir doen\u00e7as cr\u00f4nicas, aumentando a mortalidade.<\/span><\/p><p dir=\"ltr\" style=\"text-align: center;\"><span style=\"color: #ffffff;\"><span style=\"font-family: arial, sans-serif;\">\u00a0<\/span><span style=\"font-family: arial, sans-serif;\">Esta nova proposta acad\u00eamica lan\u00e7ada pelo Instituto Universit\u00e1rio Vive Sano, busca colocar profissionais da sa\u00fade \u00e0 frente do seu tempo. A ci\u00eancia e o conhecimento dentro da \u00e1rea da nutri\u00e7\u00e3o e medicina s\u00e3o din\u00e2micos, e os estudos atuais j\u00e1 apontam para a estreita rela\u00e7\u00e3o da nutri\u00e7\u00e3o com a qualidade do sono.\u00a0<\/span><\/span><\/p><p dir=\"ltr\" style=\"text-align: center;\"><span style=\"color: #ffffff;\"><span style=\"font-family: arial, sans-serif;\">\u00a0<\/span><span style=\"font-family: arial, sans-serif;\">Estima-se que um ter\u00e7o da popula\u00e7\u00e3o mundial apresente algum dist\u00farbio do sono, e com a pandemia que estamos vivenciando, estes valores tendem a se apresentar ainda maiores. Isto significa que boa parte dos pacientes que atendemos apresentam problemas de sono, e quando estes dist\u00farbios n\u00e3o s\u00e3o diagnosticados pelo profissional da sa\u00fade, muitas vezes a efetividade do seu atendimento e tratamento ficam comprometidas.\u00a0<\/span><\/span><\/p>\t\t\t\t\t\t<\/div>\n\t\t\t\t<\/div>\n\t\t\t\t\t<\/div>\n\t\t<\/div>\n\t\t\t\t<div class=\"elementor-column elementor-col-50 elementor-top-column elementor-element elementor-element-2a2309b\" data-id=\"2a2309b\" data-element_type=\"column\">\n\t\t\t<div class=\"elementor-widget-wrap elementor-element-populated\">\n\t\t\t\t\t\t<div class=\"elementor-element elementor-element-bd5e145 elementor-widget elementor-widget-text-editor\" data-id=\"bd5e145\" data-element_type=\"widget\" data-widget_type=\"text-editor.default\">\n\t\t\t\t<div class=\"elementor-widget-container\">\n\t\t\t\t\t\t\t<h1 style=\"text-align: center;\"><span style=\"font-family: arial, sans-serif; color: #ffffff;\">Objetivo geral:\u00a0<\/span><\/h1><p dir=\"ltr\" style=\"text-align: center;\"><span style=\"font-family: arial, sans-serif;\">Compreender os conceitos b\u00e1sicos sobre a fisiologia do sono e seus principais dist\u00farbios, al\u00e9m de entender, por meio de artigos cient\u00edficos recentes e de impacto, a estreita rela\u00e7\u00e3o da nutri\u00e7\u00e3o com os dist\u00farbios do sono, capacitando os profissionais para realiza\u00e7\u00e3o de interven\u00e7\u00f5es nutricionais adequadas e eficientes.<\/span><\/p><p dir=\"ltr\">\u00a0<\/p>\t\t\t\t\t\t<\/div>\n\t\t\t\t<\/div>\n\t\t\t\t\t<\/div>\n\t\t<\/div>\n\t\t\t\t\t<\/div>\n\t\t<\/section>\n\t\t\t\t<section class=\"elementor-section elementor-top-section elementor-element elementor-element-ef760ce elementor-section-full_width elementor-section-stretched elementor-section-height-default elementor-section-height-default\" data-id=\"ef760ce\" data-element_type=\"section\" data-settings=\"{&quot;stretch_section&quot;:&quot;section-stretched&quot;}\">\n\t\t\t\t\t\t<div class=\"elementor-container elementor-column-gap-no\">\n\t\t\t\t\t<div class=\"elementor-column elementor-col-50 elementor-top-column elementor-element elementor-element-3386219\" data-id=\"3386219\" data-element_type=\"column\">\n\t\t\t<div class=\"elementor-widget-wrap elementor-element-populated\">\n\t\t\t\t\t\t<div class=\"elementor-element elementor-element-43d0a9a elementor-widget elementor-widget-image\" data-id=\"43d0a9a\" data-element_type=\"widget\" data-widget_type=\"image.default\">\n\t\t\t\t<div class=\"elementor-widget-container\">\n\t\t\t\t\t\t\t\t\t\t\t\t\t<img decoding=\"async\" data-attachment-id=\"34924\" data-permalink=\"https:\/\/vivesanobrasil.org\/pb\/horas-programaticas-pt-3\/\" data-orig-file=\"https:\/\/i0.wp.com\/vivesanobrasil.org\/wp-content\/uploads\/2022\/01\/Horas-programaticas-PT-2.png?fit=1080%2C1080&amp;ssl=1\" data-orig-size=\"1080,1080\" data-comments-opened=\"1\" data-image-meta=\"{&quot;aperture&quot;:&quot;0&quot;,&quot;credit&quot;:&quot;&quot;,&quot;camera&quot;:&quot;&quot;,&quot;caption&quot;:&quot;&quot;,&quot;created_timestamp&quot;:&quot;0&quot;,&quot;copyright&quot;:&quot;&quot;,&quot;focal_length&quot;:&quot;0&quot;,&quot;iso&quot;:&quot;0&quot;,&quot;shutter_speed&quot;:&quot;0&quot;,&quot;title&quot;:&quot;&quot;,&quot;orientation&quot;:&quot;0&quot;}\" data-image-title=\"Horas program\u00e1ticas &amp;#8211; PT\" data-image-description=\"\" data-image-caption=\"\" data-large-file=\"https:\/\/i0.wp.com\/vivesanobrasil.org\/wp-content\/uploads\/2022\/01\/Horas-programaticas-PT-2.png?fit=1024%2C1024&amp;ssl=1\" width=\"1024\" height=\"1024\" src=\"https:\/\/i0.wp.com\/vivesanobrasil.org\/wp-content\/uploads\/2022\/01\/Horas-programaticas-PT-2.png?fit=1024%2C1024&amp;ssl=1\" class=\"attachment-large size-large wp-image-34924\" alt=\"\" srcset=\"https:\/\/i0.wp.com\/vivesanobrasil.org\/wp-content\/uploads\/2022\/01\/Horas-programaticas-PT-2.png?w=1080&amp;ssl=1 1080w, https:\/\/i0.wp.com\/vivesanobrasil.org\/wp-content\/uploads\/2022\/01\/Horas-programaticas-PT-2.png?resize=300%2C300&amp;ssl=1 300w, https:\/\/i0.wp.com\/vivesanobrasil.org\/wp-content\/uploads\/2022\/01\/Horas-programaticas-PT-2.png?resize=1024%2C1024&amp;ssl=1 1024w, https:\/\/i0.wp.com\/vivesanobrasil.org\/wp-content\/uploads\/2022\/01\/Horas-programaticas-PT-2.png?resize=150%2C150&amp;ssl=1 150w, https:\/\/i0.wp.com\/vivesanobrasil.org\/wp-content\/uploads\/2022\/01\/Horas-programaticas-PT-2.png?resize=768%2C768&amp;ssl=1 768w, https:\/\/i0.wp.com\/vivesanobrasil.org\/wp-content\/uploads\/2022\/01\/Horas-programaticas-PT-2.png?resize=144%2C144&amp;ssl=1 144w, https:\/\/i0.wp.com\/vivesanobrasil.org\/wp-content\/uploads\/2022\/01\/Horas-programaticas-PT-2.png?resize=60%2C60&amp;ssl=1 60w, https:\/\/i0.wp.com\/vivesanobrasil.org\/wp-content\/uploads\/2022\/01\/Horas-programaticas-PT-2.png?resize=350%2C350&amp;ssl=1 350w, https:\/\/i0.wp.com\/vivesanobrasil.org\/wp-content\/uploads\/2022\/01\/Horas-programaticas-PT-2.png?resize=500%2C500&amp;ssl=1 500w, https:\/\/i0.wp.com\/vivesanobrasil.org\/wp-content\/uploads\/2022\/01\/Horas-programaticas-PT-2.png?resize=700%2C700&amp;ssl=1 700w, https:\/\/i0.wp.com\/vivesanobrasil.org\/wp-content\/uploads\/2022\/01\/Horas-programaticas-PT-2.png?resize=100%2C100&amp;ssl=1 100w\" sizes=\"(max-width: 1000px) 100vw, 1000px\" data-attachment-id=\"34924\" data-permalink=\"https:\/\/vivesanobrasil.org\/pb\/horas-programaticas-pt-3\/\" data-orig-file=\"https:\/\/i0.wp.com\/vivesanobrasil.org\/wp-content\/uploads\/2022\/01\/Horas-programaticas-PT-2.png?fit=1080%2C1080&amp;ssl=1\" data-orig-size=\"1080,1080\" data-comments-opened=\"1\" data-image-meta=\"{&quot;aperture&quot;:&quot;0&quot;,&quot;credit&quot;:&quot;&quot;,&quot;camera&quot;:&quot;&quot;,&quot;caption&quot;:&quot;&quot;,&quot;created_timestamp&quot;:&quot;0&quot;,&quot;copyright&quot;:&quot;&quot;,&quot;focal_length&quot;:&quot;0&quot;,&quot;iso&quot;:&quot;0&quot;,&quot;shutter_speed&quot;:&quot;0&quot;,&quot;title&quot;:&quot;&quot;,&quot;orientation&quot;:&quot;0&quot;}\" data-image-title=\"Horas program\u00e1ticas &amp;#8211; PT\" data-image-description=\"\" data-image-caption=\"\" data-large-file=\"https:\/\/i0.wp.com\/vivesanobrasil.org\/wp-content\/uploads\/2022\/01\/Horas-programaticas-PT-2.png?fit=1024%2C1024&amp;ssl=1\" \/>\t\t\t\t\t\t\t\t\t\t\t\t\t<\/div>\n\t\t\t\t<\/div>\n\t\t\t\t\t<\/div>\n\t\t<\/div>\n\t\t\t\t<div class=\"elementor-column elementor-col-50 elementor-top-column elementor-element elementor-element-a4b9b2f\" data-id=\"a4b9b2f\" data-element_type=\"column\" data-settings=\"{&quot;background_background&quot;:&quot;classic&quot;}\">\n\t\t\t<div class=\"elementor-widget-wrap elementor-element-populated\">\n\t\t\t\t\t\t<section class=\"elementor-section elementor-inner-section elementor-element elementor-element-d89afac elementor-section-boxed elementor-section-height-default elementor-section-height-default\" data-id=\"d89afac\" data-element_type=\"section\">\n\t\t\t\t\t\t<div class=\"elementor-container elementor-column-gap-default\">\n\t\t\t\t\t<div class=\"elementor-column elementor-col-100 elementor-inner-column elementor-element elementor-element-7e3e165\" data-id=\"7e3e165\" data-element_type=\"column\">\n\t\t\t<div class=\"elementor-widget-wrap elementor-element-populated\">\n\t\t\t\t\t\t<div class=\"elementor-element elementor-element-4d8c642 elementor-align-center elementor-widget elementor-widget-button\" data-id=\"4d8c642\" data-element_type=\"widget\" data-widget_type=\"button.default\">\n\t\t\t\t<div class=\"elementor-widget-container\">\n\t\t\t\t\t<div class=\"elementor-button-wrapper\">\n\t\t\t<a class=\"elementor-button elementor-button-link elementor-size-lg\" href=\"https:\/\/vivesanobrasil.org\/pb\/producto\/curso-intensivo-nutricao-e-o-sono-turma-1\/\">\n\t\t\t\t\t\t<span class=\"elementor-button-content-wrapper\">\n\t\t\t\t\t\t\t\t\t<span class=\"elementor-button-text\">inscri\u00e7\u00f5es<\/span>\n\t\t\t\t\t<\/span>\n\t\t\t\t\t<\/a>\n\t\t<\/div>\n\t\t\t\t<\/div>\n\t\t\t\t<\/div>\n\t\t\t\t<div class=\"elementor-element elementor-element-bdfe509 elementor-align-center elementor-widget elementor-widget-button\" data-id=\"bdfe509\" data-element_type=\"widget\" data-widget_type=\"button.default\">\n\t\t\t\t<div class=\"elementor-widget-container\">\n\t\t\t\t\t<div class=\"elementor-button-wrapper\">\n\t\t\t<a class=\"elementor-button elementor-button-link elementor-size-lg\" href=\"https:\/\/docs.google.com\/forms\/d\/e\/1FAIpQLSfytxzEwNWyVcPxm10se-wrcvzIRlMACQjv9NywgcV8hJ4eRQ\/viewform\">\n\t\t\t\t\t\t<span class=\"elementor-button-content-wrapper\">\n\t\t\t\t\t\t\t\t\t<span class=\"elementor-button-text\">Formul\u00e1rio de inscri\u00e7\u00e3o<\/span>\n\t\t\t\t\t<\/span>\n\t\t\t\t\t<\/a>\n\t\t<\/div>\n\t\t\t\t<\/div>\n\t\t\t\t<\/div>\n\t\t\t\t<div class=\"elementor-element elementor-element-4e321ec elementor-align-center elementor-widget elementor-widget-button\" data-id=\"4e321ec\" data-element_type=\"widget\" data-widget_type=\"button.default\">\n\t\t\t\t<div class=\"elementor-widget-container\">\n\t\t\t\t\t<div class=\"elementor-button-wrapper\">\n\t\t\t<a class=\"elementor-button elementor-button-link elementor-size-lg\" href=\"https:\/\/vivesanobrasil.org\/wp-content\/uploads\/2022\/03\/Programa-Sono-e-o-Nutricao.pdf\">\n\t\t\t\t\t\t<span class=\"elementor-button-content-wrapper\">\n\t\t\t\t\t\t\t\t\t<span class=\"elementor-button-text\">Programa<\/span>\n\t\t\t\t\t<\/span>\n\t\t\t\t\t<\/a>\n\t\t<\/div>\n\t\t\t\t<\/div>\n\t\t\t\t<\/div>\n\t\t\t\t<div class=\"elementor-element elementor-element-82dfd64 elementor-align-center elementor-widget elementor-widget-button\" data-id=\"82dfd64\" data-element_type=\"widget\" data-widget_type=\"button.default\">\n\t\t\t\t<div class=\"elementor-widget-container\">\n\t\t\t\t\t<div class=\"elementor-button-wrapper\">\n\t\t\t<a class=\"elementor-button elementor-button-link elementor-size-lg\" href=\"https:\/\/vivesanobrasil.org\/wp-content\/uploads\/2022\/03\/Cronograma-Sono-e-o-Nutricao.pdf\">\n\t\t\t\t\t\t<span class=\"elementor-button-content-wrapper\">\n\t\t\t\t\t\t\t\t\t<span class=\"elementor-button-text\">Cronograma<\/span>\n\t\t\t\t\t<\/span>\n\t\t\t\t\t<\/a>\n\t\t<\/div>\n\t\t\t\t<\/div>\n\t\t\t\t<\/div>\n\t\t\t\t\t<\/div>\n\t\t<\/div>\n\t\t\t\t\t<\/div>\n\t\t<\/section>\n\t\t\t\t\t<\/div>\n\t\t<\/div>\n\t\t\t\t\t<\/div>\n\t\t<\/section>\n\t\t\t\t<section class=\"elementor-section elementor-top-section elementor-element elementor-element-322b29b elementor-section-full_width elementor-section-stretched elementor-section-height-default elementor-section-height-default\" data-id=\"322b29b\" data-element_type=\"section\" data-settings=\"{&quot;stretch_section&quot;:&quot;section-stretched&quot;}\">\n\t\t\t\t\t\t<div class=\"elementor-container elementor-column-gap-no\">\n\t\t\t\t\t<div class=\"elementor-column elementor-col-100 elementor-top-column elementor-element elementor-element-56b43c8\" data-id=\"56b43c8\" data-element_type=\"column\">\n\t\t\t<div class=\"elementor-widget-wrap elementor-element-populated\">\n\t\t\t\t\t\t<div class=\"elementor-element elementor-element-0174b9f elementor-widget elementor-widget-image\" data-id=\"0174b9f\" data-element_type=\"widget\" data-widget_type=\"image.default\">\n\t\t\t\t<div class=\"elementor-widget-container\">\n\t\t\t\t\t\t\t\t\t\t\t\t\t<img decoding=\"async\" data-attachment-id=\"32922\" data-permalink=\"https:\/\/vivesanobrasil.org\/pb\/2-3-5\/\" data-orig-file=\"https:\/\/i0.wp.com\/vivesanobrasil.org\/wp-content\/uploads\/2022\/01\/2-3.png?fit=1800%2C1000&amp;ssl=1\" data-orig-size=\"1800,1000\" data-comments-opened=\"1\" data-image-meta=\"{&quot;aperture&quot;:&quot;0&quot;,&quot;credit&quot;:&quot;&quot;,&quot;camera&quot;:&quot;&quot;,&quot;caption&quot;:&quot;&quot;,&quot;created_timestamp&quot;:&quot;0&quot;,&quot;copyright&quot;:&quot;&quot;,&quot;focal_length&quot;:&quot;0&quot;,&quot;iso&quot;:&quot;0&quot;,&quot;shutter_speed&quot;:&quot;0&quot;,&quot;title&quot;:&quot;&quot;,&quot;orientation&quot;:&quot;0&quot;}\" data-image-title=\"2 (3)\" data-image-description=\"\" data-image-caption=\"\" data-large-file=\"https:\/\/i0.wp.com\/vivesanobrasil.org\/wp-content\/uploads\/2022\/01\/2-3.png?fit=1024%2C569&amp;ssl=1\" width=\"1800\" height=\"1000\" src=\"https:\/\/i0.wp.com\/vivesanobrasil.org\/wp-content\/uploads\/2022\/01\/2-3.png?fit=1800%2C1000&amp;ssl=1\" class=\"attachment-full size-full wp-image-32922\" alt=\"\" srcset=\"https:\/\/i0.wp.com\/vivesanobrasil.org\/wp-content\/uploads\/2022\/01\/2-3.png?w=1800&amp;ssl=1 1800w, https:\/\/i0.wp.com\/vivesanobrasil.org\/wp-content\/uploads\/2022\/01\/2-3.png?resize=300%2C167&amp;ssl=1 300w, https:\/\/i0.wp.com\/vivesanobrasil.org\/wp-content\/uploads\/2022\/01\/2-3.png?resize=1024%2C569&amp;ssl=1 1024w, https:\/\/i0.wp.com\/vivesanobrasil.org\/wp-content\/uploads\/2022\/01\/2-3.png?resize=768%2C427&amp;ssl=1 768w, https:\/\/i0.wp.com\/vivesanobrasil.org\/wp-content\/uploads\/2022\/01\/2-3.png?resize=1536%2C853&amp;ssl=1 1536w, https:\/\/i0.wp.com\/vivesanobrasil.org\/wp-content\/uploads\/2022\/01\/2-3.png?resize=108%2C60&amp;ssl=1 108w, https:\/\/i0.wp.com\/vivesanobrasil.org\/wp-content\/uploads\/2022\/01\/2-3.png?resize=1320%2C733&amp;ssl=1 1320w, https:\/\/i0.wp.com\/vivesanobrasil.org\/wp-content\/uploads\/2022\/01\/2-3.png?resize=350%2C194&amp;ssl=1 350w, https:\/\/i0.wp.com\/vivesanobrasil.org\/wp-content\/uploads\/2022\/01\/2-3.png?resize=500%2C278&amp;ssl=1 500w, https:\/\/i0.wp.com\/vivesanobrasil.org\/wp-content\/uploads\/2022\/01\/2-3.png?resize=700%2C389&amp;ssl=1 700w\" sizes=\"(max-width: 1000px) 100vw, 1000px\" data-attachment-id=\"32922\" data-permalink=\"https:\/\/vivesanobrasil.org\/pb\/2-3-5\/\" data-orig-file=\"https:\/\/i0.wp.com\/vivesanobrasil.org\/wp-content\/uploads\/2022\/01\/2-3.png?fit=1800%2C1000&amp;ssl=1\" data-orig-size=\"1800,1000\" data-comments-opened=\"1\" data-image-meta=\"{&quot;aperture&quot;:&quot;0&quot;,&quot;credit&quot;:&quot;&quot;,&quot;camera&quot;:&quot;&quot;,&quot;caption&quot;:&quot;&quot;,&quot;created_timestamp&quot;:&quot;0&quot;,&quot;copyright&quot;:&quot;&quot;,&quot;focal_length&quot;:&quot;0&quot;,&quot;iso&quot;:&quot;0&quot;,&quot;shutter_speed&quot;:&quot;0&quot;,&quot;title&quot;:&quot;&quot;,&quot;orientation&quot;:&quot;0&quot;}\" data-image-title=\"2 (3)\" data-image-description=\"\" data-image-caption=\"\" data-large-file=\"https:\/\/i0.wp.com\/vivesanobrasil.org\/wp-content\/uploads\/2022\/01\/2-3.png?fit=1024%2C569&amp;ssl=1\" \/>\t\t\t\t\t\t\t\t\t\t\t\t\t<\/div>\n\t\t\t\t<\/div>\n\t\t\t\t<div class=\"elementor-element elementor-element-5778fb3 elementor-widget elementor-widget-image\" data-id=\"5778fb3\" data-element_type=\"widget\" data-widget_type=\"image.default\">\n\t\t\t\t<div class=\"elementor-widget-container\">\n\t\t\t\t\t\t\t\t\t\t\t\t\t<img loading=\"lazy\" decoding=\"async\" data-attachment-id=\"32923\" data-permalink=\"https:\/\/vivesanobrasil.org\/pb\/1-4-4\/\" data-orig-file=\"https:\/\/i0.wp.com\/vivesanobrasil.org\/wp-content\/uploads\/2022\/01\/1-4.png?fit=1800%2C1000&amp;ssl=1\" data-orig-size=\"1800,1000\" data-comments-opened=\"1\" data-image-meta=\"{&quot;aperture&quot;:&quot;0&quot;,&quot;credit&quot;:&quot;&quot;,&quot;camera&quot;:&quot;&quot;,&quot;caption&quot;:&quot;&quot;,&quot;created_timestamp&quot;:&quot;0&quot;,&quot;copyright&quot;:&quot;&quot;,&quot;focal_length&quot;:&quot;0&quot;,&quot;iso&quot;:&quot;0&quot;,&quot;shutter_speed&quot;:&quot;0&quot;,&quot;title&quot;:&quot;&quot;,&quot;orientation&quot;:&quot;0&quot;}\" data-image-title=\"1 (4)\" data-image-description=\"\" data-image-caption=\"\" data-large-file=\"https:\/\/i0.wp.com\/vivesanobrasil.org\/wp-content\/uploads\/2022\/01\/1-4.png?fit=1024%2C569&amp;ssl=1\" width=\"1800\" height=\"1000\" src=\"https:\/\/i0.wp.com\/vivesanobrasil.org\/wp-content\/uploads\/2022\/01\/1-4.png?fit=1800%2C1000&amp;ssl=1\" class=\"attachment-full size-full wp-image-32923\" alt=\"\" srcset=\"https:\/\/i0.wp.com\/vivesanobrasil.org\/wp-content\/uploads\/2022\/01\/1-4.png?w=1800&amp;ssl=1 1800w, https:\/\/i0.wp.com\/vivesanobrasil.org\/wp-content\/uploads\/2022\/01\/1-4.png?resize=300%2C167&amp;ssl=1 300w, https:\/\/i0.wp.com\/vivesanobrasil.org\/wp-content\/uploads\/2022\/01\/1-4.png?resize=1024%2C569&amp;ssl=1 1024w, https:\/\/i0.wp.com\/vivesanobrasil.org\/wp-content\/uploads\/2022\/01\/1-4.png?resize=768%2C427&amp;ssl=1 768w, https:\/\/i0.wp.com\/vivesanobrasil.org\/wp-content\/uploads\/2022\/01\/1-4.png?resize=1536%2C853&amp;ssl=1 1536w, https:\/\/i0.wp.com\/vivesanobrasil.org\/wp-content\/uploads\/2022\/01\/1-4.png?resize=108%2C60&amp;ssl=1 108w, https:\/\/i0.wp.com\/vivesanobrasil.org\/wp-content\/uploads\/2022\/01\/1-4.png?resize=1320%2C733&amp;ssl=1 1320w, https:\/\/i0.wp.com\/vivesanobrasil.org\/wp-content\/uploads\/2022\/01\/1-4.png?resize=350%2C194&amp;ssl=1 350w, https:\/\/i0.wp.com\/vivesanobrasil.org\/wp-content\/uploads\/2022\/01\/1-4.png?resize=500%2C278&amp;ssl=1 500w, https:\/\/i0.wp.com\/vivesanobrasil.org\/wp-content\/uploads\/2022\/01\/1-4.png?resize=700%2C389&amp;ssl=1 700w\" sizes=\"(max-width: 1000px) 100vw, 1000px\" data-attachment-id=\"32923\" data-permalink=\"https:\/\/vivesanobrasil.org\/pb\/1-4-4\/\" data-orig-file=\"https:\/\/i0.wp.com\/vivesanobrasil.org\/wp-content\/uploads\/2022\/01\/1-4.png?fit=1800%2C1000&amp;ssl=1\" data-orig-size=\"1800,1000\" data-comments-opened=\"1\" data-image-meta=\"{&quot;aperture&quot;:&quot;0&quot;,&quot;credit&quot;:&quot;&quot;,&quot;camera&quot;:&quot;&quot;,&quot;caption&quot;:&quot;&quot;,&quot;created_timestamp&quot;:&quot;0&quot;,&quot;copyright&quot;:&quot;&quot;,&quot;focal_length&quot;:&quot;0&quot;,&quot;iso&quot;:&quot;0&quot;,&quot;shutter_speed&quot;:&quot;0&quot;,&quot;title&quot;:&quot;&quot;,&quot;orientation&quot;:&quot;0&quot;}\" data-image-title=\"1 (4)\" data-image-description=\"\" data-image-caption=\"\" data-large-file=\"https:\/\/i0.wp.com\/vivesanobrasil.org\/wp-content\/uploads\/2022\/01\/1-4.png?fit=1024%2C569&amp;ssl=1\" \/>\t\t\t\t\t\t\t\t\t\t\t\t\t<\/div>\n\t\t\t\t<\/div>\n\t\t\t\t<div class=\"elementor-element elementor-element-869c83c elementor-widget elementor-widget-image\" data-id=\"869c83c\" data-element_type=\"widget\" data-widget_type=\"image.default\">\n\t\t\t\t<div class=\"elementor-widget-container\">\n\t\t\t\t\t\t\t\t\t\t\t\t\t<img loading=\"lazy\" decoding=\"async\" data-attachment-id=\"32924\" data-permalink=\"https:\/\/vivesanobrasil.org\/pb\/metodos-de-pagamento-01\/\" data-orig-file=\"https:\/\/i0.wp.com\/vivesanobrasil.org\/wp-content\/uploads\/2022\/01\/metodos-de-pagamento-01.jpg?fit=2048%2C1194&amp;ssl=1\" data-orig-size=\"2048,1194\" data-comments-opened=\"1\" data-image-meta=\"{&quot;aperture&quot;:&quot;0&quot;,&quot;credit&quot;:&quot;&quot;,&quot;camera&quot;:&quot;&quot;,&quot;caption&quot;:&quot;&quot;,&quot;created_timestamp&quot;:&quot;0&quot;,&quot;copyright&quot;:&quot;&quot;,&quot;focal_length&quot;:&quot;0&quot;,&quot;iso&quot;:&quot;0&quot;,&quot;shutter_speed&quot;:&quot;0&quot;,&quot;title&quot;:&quot;&quot;,&quot;orientation&quot;:&quot;0&quot;}\" data-image-title=\"metodos de pagamento-01\" data-image-description=\"\" data-image-caption=\"\" data-large-file=\"https:\/\/i0.wp.com\/vivesanobrasil.org\/wp-content\/uploads\/2022\/01\/metodos-de-pagamento-01.jpg?fit=1024%2C597&amp;ssl=1\" width=\"2048\" height=\"1194\" src=\"https:\/\/i0.wp.com\/vivesanobrasil.org\/wp-content\/uploads\/2022\/01\/metodos-de-pagamento-01.jpg?fit=2048%2C1194&amp;ssl=1\" class=\"attachment-full size-full wp-image-32924\" alt=\"\" srcset=\"https:\/\/i0.wp.com\/vivesanobrasil.org\/wp-content\/uploads\/2022\/01\/metodos-de-pagamento-01.jpg?w=2048&amp;ssl=1 2048w, https:\/\/i0.wp.com\/vivesanobrasil.org\/wp-content\/uploads\/2022\/01\/metodos-de-pagamento-01.jpg?resize=300%2C175&amp;ssl=1 300w, https:\/\/i0.wp.com\/vivesanobrasil.org\/wp-content\/uploads\/2022\/01\/metodos-de-pagamento-01.jpg?resize=1024%2C597&amp;ssl=1 1024w, https:\/\/i0.wp.com\/vivesanobrasil.org\/wp-content\/uploads\/2022\/01\/metodos-de-pagamento-01.jpg?resize=768%2C448&amp;ssl=1 768w, https:\/\/i0.wp.com\/vivesanobrasil.org\/wp-content\/uploads\/2022\/01\/metodos-de-pagamento-01.jpg?resize=1536%2C895&amp;ssl=1 1536w, https:\/\/i0.wp.com\/vivesanobrasil.org\/wp-content\/uploads\/2022\/01\/metodos-de-pagamento-01.jpg?resize=103%2C60&amp;ssl=1 103w, https:\/\/i0.wp.com\/vivesanobrasil.org\/wp-content\/uploads\/2022\/01\/metodos-de-pagamento-01.jpg?resize=1320%2C769&amp;ssl=1 1320w, https:\/\/i0.wp.com\/vivesanobrasil.org\/wp-content\/uploads\/2022\/01\/metodos-de-pagamento-01.jpg?resize=350%2C204&amp;ssl=1 350w, https:\/\/i0.wp.com\/vivesanobrasil.org\/wp-content\/uploads\/2022\/01\/metodos-de-pagamento-01.jpg?resize=500%2C291&amp;ssl=1 500w, https:\/\/i0.wp.com\/vivesanobrasil.org\/wp-content\/uploads\/2022\/01\/metodos-de-pagamento-01.jpg?resize=700%2C408&amp;ssl=1 700w\" sizes=\"(max-width: 1000px) 100vw, 1000px\" data-attachment-id=\"32924\" data-permalink=\"https:\/\/vivesanobrasil.org\/pb\/metodos-de-pagamento-01\/\" data-orig-file=\"https:\/\/i0.wp.com\/vivesanobrasil.org\/wp-content\/uploads\/2022\/01\/metodos-de-pagamento-01.jpg?fit=2048%2C1194&amp;ssl=1\" data-orig-size=\"2048,1194\" data-comments-opened=\"1\" data-image-meta=\"{&quot;aperture&quot;:&quot;0&quot;,&quot;credit&quot;:&quot;&quot;,&quot;camera&quot;:&quot;&quot;,&quot;caption&quot;:&quot;&quot;,&quot;created_timestamp&quot;:&quot;0&quot;,&quot;copyright&quot;:&quot;&quot;,&quot;focal_length&quot;:&quot;0&quot;,&quot;iso&quot;:&quot;0&quot;,&quot;shutter_speed&quot;:&quot;0&quot;,&quot;title&quot;:&quot;&quot;,&quot;orientation&quot;:&quot;0&quot;}\" data-image-title=\"metodos de pagamento-01\" data-image-description=\"\" data-image-caption=\"\" data-large-file=\"https:\/\/i0.wp.com\/vivesanobrasil.org\/wp-content\/uploads\/2022\/01\/metodos-de-pagamento-01.jpg?fit=1024%2C597&amp;ssl=1\" \/>\t\t\t\t\t\t\t\t\t\t\t\t\t<\/div>\n\t\t\t\t<\/div>\n\t\t\t\t\t<\/div>\n\t\t<\/div>\n\t\t\t\t\t<\/div>\n\t\t<\/section>\n\t\t\t\t<\/div>\n\t\t<div class='cb-post-url-qr-code'><br><img src='https:\/\/api.qrserver.com\/v1\/create-qr-code\/?size=185x185&ecc=L&qzone=1&data=https%3A%2F%2Fvivesanobrasil.org%2Fpb%2Fcurso-intensivo-nutricao-e-o-sono-turma-1-2%2F' alt='Curso Intensivo Nutri\u00e7\u00e3o e o Sono &#8211; Turma 1'\/><\/div>","protected":false},"excerpt":{"rendered":"<p>[Button id=&#8221;30&#8243;] Descri\u00e7\u00e3o:\u00a0 O sono adequado \u00e9 fundamental para a regula\u00e7\u00e3o do corpo em qualquer idade. Quando insuficiente, tanto em quantidade quanto em qualidade, o sono eleva as chances de se adquirir doen\u00e7as cr\u00f4nicas, aumentando a mortalidade. \u00a0Esta nova proposta acad\u00eamica lan\u00e7ada pelo Instituto Universit\u00e1rio Vive Sano, busca colocar profissionais da sa\u00fade \u00e0 frente do [&hellip;]<\/p>\n","protected":false},"author":135836161,"featured_media":32913,"comment_status":"open","ping_status":"open","sticky":false,"template":"","format":"standard","meta":{"_acf_changed":false,"_coblocks_attr":"","_coblocks_dimensions":"","_coblocks_responsive_height":"","_coblocks_accordion_ie_support":"","_crdt_document":"","om_disable_all_campaigns":false,"_monsterinsights_skip_tracking":false,"_monsterinsights_sitenote_active":false,"_monsterinsights_sitenote_note":"","_monsterinsights_sitenote_category":0,"_jetpack_newsletter_access":"","_jetpack_dont_email_post_to_subs":false,"_jetpack_newsletter_tier_id":0,"_jetpack_memberships_contains_paywalled_content":false,"_jetpack_memberships_contains_paid_content":false,"footnotes":"","jetpack_publicize_message":"","jetpack_publicize_feature_enabled":true,"jetpack_social_post_already_shared":true,"jetpack_social_options":{"image_generator_settings":{"template":"highway","default_image_id":0,"font":"","enabled":false},"version":2},"_wpas_customize_per_network":false,"jetpack_post_was_ever_published":false},"categories":[675839585,675839586],"tags":[],"class_list":["post-32931","post","type-post","status-publish","format-standard","has-post-thumbnail","hentry","category-br","category-oferta-academica-br"],"acf":[],"aioseo_notices":[],"jetpack_publicize_connections":[],"jetpack_featured_media_url":"https:\/\/i0.wp.com\/vivesanobrasil.org\/wp-content\/uploads\/2022\/01\/Afiche-Sono-e-o-Nutricao-1.png?fit=1080%2C1350&ssl=1","jetpack_likes_enabled":true,"jetpack_sharing_enabled":true,"jetpack_shortlink":"https:\/\/wp.me\/p9Ia6I-8z9","_links":{"self":[{"href":"https:\/\/vivesanobrasil.org\/pb\/wp-json\/wp\/v2\/posts\/32931","targetHints":{"allow":["GET"]}}],"collection":[{"href":"https:\/\/vivesanobrasil.org\/pb\/wp-json\/wp\/v2\/posts"}],"about":[{"href":"https:\/\/vivesanobrasil.org\/pb\/wp-json\/wp\/v2\/types\/post"}],"author":[{"embeddable":true,"href":"https:\/\/vivesanobrasil.org\/pb\/wp-json\/wp\/v2\/users\/135836161"}],"replies":[{"embeddable":true,"href":"https:\/\/vivesanobrasil.org\/pb\/wp-json\/wp\/v2\/comments?post=32931"}],"version-history":[{"count":0,"href":"https:\/\/vivesanobrasil.org\/pb\/wp-json\/wp\/v2\/posts\/32931\/revisions"}],"wp:featuredmedia":[{"embeddable":true,"href":"https:\/\/vivesanobrasil.org\/pb\/wp-json\/wp\/v2\/media\/32913"}],"wp:attachment":[{"href":"https:\/\/vivesanobrasil.org\/pb\/wp-json\/wp\/v2\/media?parent=32931"}],"wp:term":[{"taxonomy":"category","embeddable":true,"href":"https:\/\/vivesanobrasil.org\/pb\/wp-json\/wp\/v2\/categories?post=32931"},{"taxonomy":"post_tag","embeddable":true,"href":"https:\/\/vivesanobrasil.org\/pb\/wp-json\/wp\/v2\/tags?post=32931"}],"curies":[{"name":"wp","href":"https:\/\/api.w.org\/{rel}","templated":true}]}}