{"id":33877,"date":"2022-01-22T10:29:33","date_gmt":"2022-01-22T14:29:33","guid":{"rendered":"https:\/\/vivesanobrasil.org\/?p=33877"},"modified":"2023-01-11T11:37:44","modified_gmt":"2023-01-11T15:37:44","slug":"que-es-el-destete-dirigido-por-bebes","status":"publish","type":"post","link":"https:\/\/vivesanobrasil.org\/pb\/que-es-el-destete-dirigido-por-bebes\/","title":{"rendered":"\u00bfQu\u00e9 es el destete dirigido por beb\u00e9s?"},"content":{"rendered":"\t\t<div data-elementor-type=\"wp-post\" data-elementor-id=\"33877\" class=\"elementor elementor-33877\">\n\t\t\t\t\t\t<section class=\"elementor-section elementor-top-section elementor-element elementor-element-bd20fdf elementor-section-full_width elementor-section-stretched elementor-section-height-default elementor-section-height-default\" data-id=\"bd20fdf\" data-element_type=\"section\" data-settings=\"{&quot;stretch_section&quot;:&quot;section-stretched&quot;}\">\n\t\t\t\t\t\t<div class=\"elementor-container elementor-column-gap-no\">\n\t\t\t\t\t<div class=\"elementor-column elementor-col-100 elementor-top-column elementor-element elementor-element-252a790\" data-id=\"252a790\" data-element_type=\"column\">\n\t\t\t<div class=\"elementor-widget-wrap elementor-element-populated\">\n\t\t\t\t\t\t<div class=\"elementor-element elementor-element-45b496f elementor-widget elementor-widget-image\" data-id=\"45b496f\" data-element_type=\"widget\" data-widget_type=\"image.default\">\n\t\t\t\t<div class=\"elementor-widget-container\">\n\t\t\t\t\t\t\t\t\t\t\t\t\t<img decoding=\"async\" src=\"https:\/\/i0.wp.com\/vivesanobrasil.org\/wp-content\/uploads\/2022\/01\/3.png?fit=1800%2C500&#038;ssl=1\" title=\"3\" alt=\"3\" loading=\"lazy\" \/>\t\t\t\t\t\t\t\t\t\t\t\t\t<\/div>\n\t\t\t\t<\/div>\n\t\t\t\t\t<\/div>\n\t\t<\/div>\n\t\t\t\t\t<\/div>\n\t\t<\/section>\n\t\t\t\t<section class=\"elementor-section elementor-top-section elementor-element elementor-element-38b60eb elementor-section-boxed elementor-section-height-default elementor-section-height-default\" data-id=\"38b60eb\" data-element_type=\"section\">\n\t\t\t\t\t\t<div class=\"elementor-container elementor-column-gap-default\">\n\t\t\t\t\t<div class=\"elementor-column elementor-col-100 elementor-top-column elementor-element elementor-element-e9fdae0\" data-id=\"e9fdae0\" data-element_type=\"column\">\n\t\t\t<div class=\"elementor-widget-wrap elementor-element-populated\">\n\t\t\t\t\t\t<div class=\"elementor-element elementor-element-c22d058 elementor-widget elementor-widget-text-editor\" data-id=\"c22d058\" data-element_type=\"widget\" data-widget_type=\"text-editor.default\">\n\t\t\t\t<div class=\"elementor-widget-container\">\n\t\t\t\t\t\t\t<h1><b>\u00bfQu\u00e9 es el destete dirigido por beb\u00e9s?<\/b><\/h1><p><span style=\"font-weight: 400;\">El destete dirigido por beb\u00e9s es cuando el ni\u00f1o mismo presenta se\u00f1ales de que puede estar preparado para la incorporaci\u00f3n de otros alimentos a su dieta adem\u00e1s de la leche materna.<\/span><\/p><p><span style=\"font-weight: 400;\">Seg\u00fan la Organizaci\u00f3n Mundial de la Salud (OMS) y UNICEF, recomiendan que la leche materna sea el alimento exclusivo de los beb\u00e9s reci\u00e9n nacidos hasta los 6 meses de edad, y que a partir de esa edad es recomendable la introducci\u00f3n de alimentos adecuados y nutritivos. Sin embargo, el proceso debe ser realizado de manera paulatina para que el ni\u00f1o o ni\u00f1a vaya asimilando el cambio poco a poco.\u00a0<\/span><\/p><p><span style=\"font-weight: 400;\">As\u00ed es el destete respetuoso, una pr\u00e1ctica decidida por la madre o por el binomio madre-hijo, quien va eliminando, gradualmente, las tomas cada pocos d\u00edas y para ayudar en esa pr\u00e1ctica, la madre ofrece otros tipos de atenci\u00f3n: distracci\u00f3n, otros alimentos y cari\u00f1o.<\/span><\/p><h2><b>Los profesionales que dan apoyo a las familias en esa trayectoria deben estar atentos a algunos se\u00f1ales del destete dirigido por los beb\u00e9s:<\/b><\/h2><h2><b><img fetchpriority=\"high\" decoding=\"async\" data-attachment-id=\"33889\" data-permalink=\"https:\/\/vivesanobrasil.org\/pb\/que-es-el-destete-dirigido-por-bebes\/2-destete\/\" data-orig-file=\"https:\/\/i0.wp.com\/vivesanobrasil.org\/wp-content\/uploads\/2022\/01\/2.Destete.png?fit=1800%2C900&amp;ssl=1\" data-orig-size=\"1800,900\" data-comments-opened=\"1\" data-image-meta=\"{&quot;aperture&quot;:&quot;0&quot;,&quot;credit&quot;:&quot;&quot;,&quot;camera&quot;:&quot;&quot;,&quot;caption&quot;:&quot;&quot;,&quot;created_timestamp&quot;:&quot;0&quot;,&quot;copyright&quot;:&quot;&quot;,&quot;focal_length&quot;:&quot;0&quot;,&quot;iso&quot;:&quot;0&quot;,&quot;shutter_speed&quot;:&quot;0&quot;,&quot;title&quot;:&quot;&quot;,&quot;orientation&quot;:&quot;0&quot;}\" data-image-title=\"2.Destete\" data-image-description=\"\" data-image-caption=\"\" data-large-file=\"https:\/\/i0.wp.com\/vivesanobrasil.org\/wp-content\/uploads\/2022\/01\/2.Destete.png?fit=1024%2C512&amp;ssl=1\" data-recalc-dims=\"1\" class=\"aligncenter wp-image-33889 size-full\" src=\"https:\/\/i0.wp.com\/vivesanobrasil.org\/wp-content\/uploads\/2022\/01\/2.Destete.png?resize=1800%2C900&#038;ssl=1\" alt=\"\" width=\"1800\" height=\"900\" srcset=\"https:\/\/i0.wp.com\/vivesanobrasil.org\/wp-content\/uploads\/2022\/01\/2.Destete.png?w=1800&amp;ssl=1 1800w, https:\/\/i0.wp.com\/vivesanobrasil.org\/wp-content\/uploads\/2022\/01\/2.Destete.png?resize=300%2C150&amp;ssl=1 300w, https:\/\/i0.wp.com\/vivesanobrasil.org\/wp-content\/uploads\/2022\/01\/2.Destete.png?resize=1024%2C512&amp;ssl=1 1024w, https:\/\/i0.wp.com\/vivesanobrasil.org\/wp-content\/uploads\/2022\/01\/2.Destete.png?resize=768%2C384&amp;ssl=1 768w, https:\/\/i0.wp.com\/vivesanobrasil.org\/wp-content\/uploads\/2022\/01\/2.Destete.png?resize=1536%2C768&amp;ssl=1 1536w, https:\/\/i0.wp.com\/vivesanobrasil.org\/wp-content\/uploads\/2022\/01\/2.Destete.png?resize=120%2C60&amp;ssl=1 120w, https:\/\/i0.wp.com\/vivesanobrasil.org\/wp-content\/uploads\/2022\/01\/2.Destete.png?resize=1320%2C660&amp;ssl=1 1320w, https:\/\/i0.wp.com\/vivesanobrasil.org\/wp-content\/uploads\/2022\/01\/2.Destete.png?resize=350%2C175&amp;ssl=1 350w, https:\/\/i0.wp.com\/vivesanobrasil.org\/wp-content\/uploads\/2022\/01\/2.Destete.png?resize=500%2C250&amp;ssl=1 500w, https:\/\/i0.wp.com\/vivesanobrasil.org\/wp-content\/uploads\/2022\/01\/2.Destete.png?resize=700%2C350&amp;ssl=1 700w\" sizes=\"(max-width: 1000px) 100vw, 1000px\" \/><\/b><\/h2><ul><li style=\"font-weight: 400;\" aria-level=\"1\"><span style=\"font-weight: 400;\">El lactante muestra menos inter\u00e9s en ser amamantado;<\/span><\/li><li style=\"font-weight: 400;\" aria-level=\"1\"><span style=\"font-weight: 400;\">Come amplia variedad de alimentos;<\/span><\/li><li style=\"font-weight: 400;\" aria-level=\"1\"><span style=\"font-weight: 400;\">Presenta un estilo de apego seguro con su madre;<\/span><\/li><li style=\"font-weight: 400;\" aria-level=\"1\"><span style=\"font-weight: 400;\">Acepta otras maneras de contentarse adem\u00e1s de ser amamantado;<\/span><\/li><li style=\"font-weight: 400;\" aria-level=\"1\"><span style=\"font-weight: 400;\">Puede entender y negociar (al menos una parte del tiempo) sobre no ser amamantado en determinados lugares o momentos;<\/span><\/li><li style=\"font-weight: 400;\" aria-level=\"1\"><span style=\"font-weight: 400;\">En ocasiones, se queda dormido sin ser amamantado;<\/span><\/li><li style=\"font-weight: 400;\" aria-level=\"1\"><span style=\"font-weight: 400;\">Muestra poca ansiedad cuando la madre le anima a no ser amamantado;<\/span><\/li><li style=\"font-weight: 400;\" aria-level=\"1\"><span style=\"font-weight: 400;\">Cuando puede elegir, prefiere realizar otras actividades con sus padres en vez de ser amamantado.<\/span><\/li><\/ul><h2><b>Pr\u00e1cticas del destete respetuoso que deben ser estimuladas para proporcionar un mayor confort al lactante y a la madre:\u00a0<\/b><\/h2><p><img decoding=\"async\" data-attachment-id=\"33891\" data-permalink=\"https:\/\/vivesanobrasil.org\/pb\/que-es-el-destete-dirigido-por-bebes\/3-destete-respetuoso\/\" data-orig-file=\"https:\/\/i0.wp.com\/vivesanobrasil.org\/wp-content\/uploads\/2022\/01\/3.Destete-respetuoso.png?fit=1800%2C900&amp;ssl=1\" data-orig-size=\"1800,900\" data-comments-opened=\"1\" data-image-meta=\"{&quot;aperture&quot;:&quot;0&quot;,&quot;credit&quot;:&quot;&quot;,&quot;camera&quot;:&quot;&quot;,&quot;caption&quot;:&quot;&quot;,&quot;created_timestamp&quot;:&quot;0&quot;,&quot;copyright&quot;:&quot;&quot;,&quot;focal_length&quot;:&quot;0&quot;,&quot;iso&quot;:&quot;0&quot;,&quot;shutter_speed&quot;:&quot;0&quot;,&quot;title&quot;:&quot;&quot;,&quot;orientation&quot;:&quot;0&quot;}\" data-image-title=\"3.Destete respetuoso\" data-image-description=\"\" data-image-caption=\"\" data-large-file=\"https:\/\/i0.wp.com\/vivesanobrasil.org\/wp-content\/uploads\/2022\/01\/3.Destete-respetuoso.png?fit=1024%2C512&amp;ssl=1\" data-recalc-dims=\"1\" class=\"aligncenter wp-image-33891 size-full\" src=\"https:\/\/i0.wp.com\/vivesanobrasil.org\/wp-content\/uploads\/2022\/01\/3.Destete-respetuoso.png?resize=1800%2C900&#038;ssl=1\" alt=\"\" width=\"1800\" height=\"900\" srcset=\"https:\/\/i0.wp.com\/vivesanobrasil.org\/wp-content\/uploads\/2022\/01\/3.Destete-respetuoso.png?w=1800&amp;ssl=1 1800w, https:\/\/i0.wp.com\/vivesanobrasil.org\/wp-content\/uploads\/2022\/01\/3.Destete-respetuoso.png?resize=300%2C150&amp;ssl=1 300w, https:\/\/i0.wp.com\/vivesanobrasil.org\/wp-content\/uploads\/2022\/01\/3.Destete-respetuoso.png?resize=1024%2C512&amp;ssl=1 1024w, https:\/\/i0.wp.com\/vivesanobrasil.org\/wp-content\/uploads\/2022\/01\/3.Destete-respetuoso.png?resize=768%2C384&amp;ssl=1 768w, https:\/\/i0.wp.com\/vivesanobrasil.org\/wp-content\/uploads\/2022\/01\/3.Destete-respetuoso.png?resize=1536%2C768&amp;ssl=1 1536w, https:\/\/i0.wp.com\/vivesanobrasil.org\/wp-content\/uploads\/2022\/01\/3.Destete-respetuoso.png?resize=120%2C60&amp;ssl=1 120w, https:\/\/i0.wp.com\/vivesanobrasil.org\/wp-content\/uploads\/2022\/01\/3.Destete-respetuoso.png?resize=1320%2C660&amp;ssl=1 1320w, https:\/\/i0.wp.com\/vivesanobrasil.org\/wp-content\/uploads\/2022\/01\/3.Destete-respetuoso.png?resize=350%2C175&amp;ssl=1 350w, https:\/\/i0.wp.com\/vivesanobrasil.org\/wp-content\/uploads\/2022\/01\/3.Destete-respetuoso.png?resize=500%2C250&amp;ssl=1 500w, https:\/\/i0.wp.com\/vivesanobrasil.org\/wp-content\/uploads\/2022\/01\/3.Destete-respetuoso.png?resize=700%2C350&amp;ssl=1 700w\" sizes=\"(max-width: 1000px) 100vw, 1000px\" \/><\/p><ol><li><b>No negar, no ofrecer: <\/b><span style=\"font-weight: 400;\">No negar el pecho cuando el\/la beb\u00e9 lo pide. No ofrecer el pecho si no se acuerda. Cuando pide el pecho, darle sin tensi\u00f3n. Al pasar unos minutos, ofrecer otra actividad o contar. Este vaciamiento gradual ir\u00e1 disminuyendo la producci\u00f3n de leche.<\/span><\/li><li><b>Distraer: <\/b><span style=\"font-weight: 400;\">Ofrecer una distracci\u00f3n con otra actividad que sea de su agrado, como jugar, pintar, cocinar, etc. Si de nuevo pide el pecho, darle sin tensi\u00f3n e intentar que la toma sea lo m\u00e1s corta posible.<\/span><\/li><li><b>Apoyo familiar: <\/b><span style=\"font-weight: 400;\">Si la madre est\u00e1 agotada o cansada de dar pecho, pedir ayuda a alg\u00fan familiar disponible en el hogar que pueda ofrecerle otras actividades de distracci\u00f3n para que se acuerde menos del pecho. Si el ni\u00f1o o ni\u00f1a se siente enfadado o nervioso, ofrecer el pecho un rato y luego retomar actividad con la otra persona.<\/span><\/li><li><b>Aplazar: <\/b><span style=\"font-weight: 400;\">S\u00f3lo funciona si el ni\u00f1o o ni\u00f1a comprende el concepto de esperar y negociar.\u00a0Cuando pide el pecho le decimos que espere un momento. Se ir\u00e1 graduando el momento de espera de uno breve hacia uno m\u00e1s largo, aumentando los tiempos de espera.\u00a0 Si se pone nervioso o demanda insistentemente, le damos de inmediato.<\/span><\/li><li><b>Expresar los sentimientos: <\/b><span style=\"font-weight: 400;\">Expresar lo que sentimos permite a los ni\u00f1os y ni\u00f1as mayores empatizar y comprender que, en ocasiones, su madre se encuentra cansada y no tiene ganas de darle teta, pero no significa que no le quiera, lo que se debe explicitar y reemplazar la lactancia con muchos cari\u00f1os.<\/span><\/li><li><b>Fijar una fecha en el calendario: <\/b><span style=\"font-weight: 400;\">Si el ni\u00f1o o ni\u00f1a comprende el concepto del tiempo (d\u00edas y horas), se puede fijar una fecha en el calendario y realizar alg\u00fan ritual para ese d\u00eda (fiesta, regalo, paseo, etc.) que marque el t\u00e9rmino de esa etapa. Evitar frases como \u201clos ni\u00f1os(as) mayores no toman el pecho\u201d, porque puede generar dificultades emocionales en ellos: \u201cNo quiero ser grande\u201d.<\/span><\/li><\/ol><p>De la misma forma, recomenda-se algunas pr\u00e1cticas a seren evitadas durante el destete:<\/p><ul><li style=\"font-weight: 400;\" aria-level=\"1\"><span style=\"font-weight: 400;\">Beber menos agua;<\/span><\/li><li style=\"font-weight: 400;\" aria-level=\"1\"><span style=\"font-weight: 400;\">No sacarse leche;<\/span><\/li><li style=\"font-weight: 400;\" aria-level=\"1\"><span style=\"font-weight: 400;\">Vendarse los pechos;<\/span><\/li><li style=\"font-weight: 400;\" aria-level=\"1\"><span style=\"font-weight: 400;\">Tomar pastillas para cortar la leche;<\/span><\/li><li style=\"font-weight: 400;\" aria-level=\"1\"><span style=\"font-weight: 400;\">Destetar de forma dr\u00e1stica o de un d\u00eda para otro;<\/span><\/li><li style=\"font-weight: 400;\" aria-level=\"1\"><span style=\"font-weight: 400;\">Usar ung\u00fcentos en los pechos (aj\u00ed, labial, esmalte de u\u00f1as, etc.)<\/span><\/li><\/ul>\t\t\t\t\t\t<\/div>\n\t\t\t\t<\/div>\n\t\t\t\t\t<\/div>\n\t\t<\/div>\n\t\t\t\t\t<\/div>\n\t\t<\/section>\n\t\t\t\t<section class=\"elementor-section elementor-top-section elementor-element elementor-element-b1bb9fb elementor-section-boxed elementor-section-height-default elementor-section-height-default\" data-id=\"b1bb9fb\" data-element_type=\"section\">\n\t\t\t\t\t\t<div class=\"elementor-container elementor-column-gap-default\">\n\t\t\t\t\t<div class=\"elementor-column elementor-col-100 elementor-top-column elementor-element elementor-element-dee9b64\" data-id=\"dee9b64\" data-element_type=\"column\">\n\t\t\t<div class=\"elementor-widget-wrap elementor-element-populated\">\n\t\t\t\t\t\t<div class=\"elementor-element elementor-element-e1de4f0 elementor-widget elementor-widget-text-editor\" data-id=\"e1de4f0\" data-element_type=\"widget\" data-widget_type=\"text-editor.default\">\n\t\t\t\t<div class=\"elementor-widget-container\">\n\t\t\t\t\t\t\t<p><b>Referencias bibliogr\u00e1ficas<\/b><\/p><ul><li aria-level=\"1\"><span style=\"font-weight: 400;\">REYES MONTERO, Yeidi, et al. Factores cl\u00ednicos y sociodemogr\u00e1ficos en lactantes con destete precoz.\u00a0<\/span><i><span style=\"font-weight: 400;\">Revista Cubana de Pediatr\u00eda<\/span><\/i><span style=\"font-weight: 400;\">, 2020, vol. 92, no 4.<\/span><\/li><\/ul><ul><li aria-level=\"1\"><span style=\"font-weight: 400;\">ROY, ME Romero. El destete natural.\u00a0<\/span><i><span style=\"font-weight: 400;\">Medicina naturista<\/span><\/i><span style=\"font-weight: 400;\">, 2006, no 10, p. 161-167.<\/span><\/li><\/ul><ul><li aria-level=\"1\"><span style=\"font-weight: 400;\">PADR\u00d3, Alba.\u00a0<\/span><i><span style=\"font-weight: 400;\">Somos la leche: dudas, consejos y falsos mitos sobre la lactancia<\/span><\/i><span style=\"font-weight: 400;\">. Grijalbo Ilustrados, 2019.<\/span><\/li><\/ul><p><span style=\"font-weight: 400;\">\u2014&#8212;&#8212;&#8212;&#8212;&#8212;&#8212;&#8212;&#8212;&#8212;&#8212;&#8212;&#8212;&#8212;&#8212;&#8212;&#8212;&#8212;<\/span><\/p><p><span style=\"font-weight: 400;\">En la <a class=\"row-title\" href=\"https:\/\/vivesanobrasil.org\/certificacion-consejeria-en-lactancia-materna-cohorte-3\/\" aria-label=\"\u00abCertificaci\u00f3n Consejer\u00eda en Lactancia Materna \u2013 Cohorte 3\u00bb (Editar)\">Certificaci\u00f3n Consejer\u00eda en Lactancia Materna \u2013 Cohorte 3<\/a><\/span><span style=\"font-weight: 400;\">, aprender\u00e1s los fundamentos te\u00f3ricos y las habilidades pr\u00e1cticas de comunicaci\u00f3n y resoluci\u00f3n de problemas, de tal manera que permita la integraci\u00f3n a las distintas intervenciones\/programas relacionados con la lactancia, acompa\u00f1ados de las herramientas y habilidades necesarias para su \u00f3ptimo desempe\u00f1o. Al final del curso estar\u00e1s capacitado para acompa\u00f1ar e intervenir de forma oportuna y multidisciplinaria a las familias lactantes para as\u00ed favorecer el \u00f3ptimo estado de salud infantil y familiar.<\/span><\/p><p><span style=\"font-weight: 400;\">Inicio: 31\/01\/2023<\/span><\/p>\t\t\t\t\t\t<\/div>\n\t\t\t\t<\/div>\n\t\t\t\t<section class=\"elementor-section elementor-inner-section elementor-element elementor-element-6604f1d elementor-section-boxed elementor-section-height-default elementor-section-height-default\" data-id=\"6604f1d\" data-element_type=\"section\">\n\t\t\t\t\t\t<div class=\"elementor-container elementor-column-gap-default\">\n\t\t\t\t\t<div class=\"elementor-column elementor-col-33 elementor-inner-column elementor-element elementor-element-923b020\" data-id=\"923b020\" data-element_type=\"column\">\n\t\t\t<div class=\"elementor-widget-wrap\">\n\t\t\t\t\t\t\t<\/div>\n\t\t<\/div>\n\t\t\t\t<div class=\"elementor-column elementor-col-33 elementor-inner-column elementor-element elementor-element-405c47f\" data-id=\"405c47f\" data-element_type=\"column\">\n\t\t\t<div class=\"elementor-widget-wrap elementor-element-populated\">\n\t\t\t\t\t\t<div class=\"elementor-element elementor-element-94e71c9 elementor-align-center elementor-widget elementor-widget-button\" data-id=\"94e71c9\" data-element_type=\"widget\" data-widget_type=\"button.default\">\n\t\t\t\t<div class=\"elementor-widget-container\">\n\t\t\t\t\t<div class=\"elementor-button-wrapper\">\n\t\t\t<a class=\"elementor-button elementor-button-link elementor-size-sm\" href=\"https:\/\/vivesanobrasil.org\/certificacion-internacional-de-consejeria-en-lactancia-materna\/\">\n\t\t\t\t\t\t<span class=\"elementor-button-content-wrapper\">\n\t\t\t\t\t\t\t\t\t<span class=\"elementor-button-text\"> IUVS<\/span>\n\t\t\t\t\t<\/span>\n\t\t\t\t\t<\/a>\n\t\t<\/div>\n\t\t\t\t<\/div>\n\t\t\t\t<\/div>\n\t\t\t\t\t<\/div>\n\t\t<\/div>\n\t\t\t\t<div class=\"elementor-column elementor-col-33 elementor-inner-column elementor-element elementor-element-22f673a\" data-id=\"22f673a\" data-element_type=\"column\">\n\t\t\t<div class=\"elementor-widget-wrap\">\n\t\t\t\t\t\t\t<\/div>\n\t\t<\/div>\n\t\t\t\t\t<\/div>\n\t\t<\/section>\n\t\t\t\t\t<\/div>\n\t\t<\/div>\n\t\t\t\t\t<\/div>\n\t\t<\/section>\n\t\t\t\t<\/div>\n\t\t<div class='cb-post-url-qr-code'><br><img src='https:\/\/api.qrserver.com\/v1\/create-qr-code\/?size=185x185&ecc=L&qzone=1&data=https%3A%2F%2Fvivesanobrasil.org%2Fpb%2Fque-es-el-destete-dirigido-por-bebes%2F' alt='\u00bfQu\u00e9 es el destete dirigido por beb\u00e9s?'\/><\/div>","protected":false},"excerpt":{"rendered":"<p>\u00bfQu\u00e9 es el destete dirigido por beb\u00e9s? El destete dirigido por beb\u00e9s es cuando el ni\u00f1o mismo presenta se\u00f1ales de que puede estar preparado para la incorporaci\u00f3n de otros alimentos a su dieta adem\u00e1s de la leche materna. Seg\u00fan la Organizaci\u00f3n Mundial de la Salud (OMS) y UNICEF, recomiendan que la leche materna sea el [&hellip;]<\/p>\n","protected":false},"author":135836161,"featured_media":38057,"comment_status":"open","ping_status":"open","sticky":false,"template":"","format":"standard","meta":{"_acf_changed":false,"_coblocks_attr":"","_coblocks_dimensions":"","_coblocks_responsive_height":"","_coblocks_accordion_ie_support":"","_crdt_document":"","om_disable_all_campaigns":false,"_monsterinsights_skip_tracking":false,"_monsterinsights_sitenote_active":false,"_monsterinsights_sitenote_note":"","_monsterinsights_sitenote_category":0,"_jetpack_newsletter_access":"","_jetpack_dont_email_post_to_subs":false,"_jetpack_newsletter_tier_id":0,"_jetpack_memberships_contains_paywalled_content":false,"_jetpack_memberships_contains_paid_content":false,"footnotes":"","jetpack_publicize_message":"","jetpack_publicize_feature_enabled":true,"jetpack_social_post_already_shared":true,"jetpack_social_options":{"image_generator_settings":{"template":"highway","default_image_id":0,"font":"","enabled":false},"version":2},"_wpas_customize_per_network":false,"jetpack_post_was_ever_published":false},"categories":[675839595,675839547],"tags":[675839601,675839600],"class_list":["post-33877","post","type-post","status-publish","format-standard","has-post-thumbnail","hentry","category-articulos","category-publicaciones","tag-destete","tag-lactancia"],"acf":[],"aioseo_notices":[],"jetpack_publicize_connections":[],"jetpack_featured_media_url":"https:\/\/i0.wp.com\/vivesanobrasil.org\/wp-content\/uploads\/2022\/01\/6.jpg?fit=1080%2C1350&ssl=1","jetpack_likes_enabled":true,"jetpack_sharing_enabled":true,"jetpack_shortlink":"https:\/\/wp.me\/p9Ia6I-8Op","_links":{"self":[{"href":"https:\/\/vivesanobrasil.org\/pb\/wp-json\/wp\/v2\/posts\/33877","targetHints":{"allow":["GET"]}}],"collection":[{"href":"https:\/\/vivesanobrasil.org\/pb\/wp-json\/wp\/v2\/posts"}],"about":[{"href":"https:\/\/vivesanobrasil.org\/pb\/wp-json\/wp\/v2\/types\/post"}],"author":[{"embeddable":true,"href":"https:\/\/vivesanobrasil.org\/pb\/wp-json\/wp\/v2\/users\/135836161"}],"replies":[{"embeddable":true,"href":"https:\/\/vivesanobrasil.org\/pb\/wp-json\/wp\/v2\/comments?post=33877"}],"version-history":[{"count":0,"href":"https:\/\/vivesanobrasil.org\/pb\/wp-json\/wp\/v2\/posts\/33877\/revisions"}],"wp:featuredmedia":[{"embeddable":true,"href":"https:\/\/vivesanobrasil.org\/pb\/wp-json\/wp\/v2\/media\/38057"}],"wp:attachment":[{"href":"https:\/\/vivesanobrasil.org\/pb\/wp-json\/wp\/v2\/media?parent=33877"}],"wp:term":[{"taxonomy":"category","embeddable":true,"href":"https:\/\/vivesanobrasil.org\/pb\/wp-json\/wp\/v2\/categories?post=33877"},{"taxonomy":"post_tag","embeddable":true,"href":"https:\/\/vivesanobrasil.org\/pb\/wp-json\/wp\/v2\/tags?post=33877"}],"curies":[{"name":"wp","href":"https:\/\/api.w.org\/{rel}","templated":true}]}}