{"id":350,"date":"2018-10-16T09:35:48","date_gmt":"2018-10-16T12:35:48","guid":{"rendered":"https:\/\/vivesanobrasil.org\/2018\/10\/16\/el-dia-mundial-de-la-alimentacion\/"},"modified":"2018-10-16T09:35:48","modified_gmt":"2018-10-16T12:35:48","slug":"el-dia-mundial-de-la-alimentacion","status":"publish","type":"post","link":"https:\/\/vivesanobrasil.org\/pb\/el-dia-mundial-de-la-alimentacion\/","title":{"rendered":"El D\u00eda Mundial de la Alimentaci\u00f3n"},"content":{"rendered":"<p><img data-recalc-dims=\"1\" decoding=\"async\" class=\"size-full\" src=\"https:\/\/i0.wp.com\/vivesanobrasil.org\/wp-content\/uploads\/2018\/10\/img_20181016_091906_819.jpg?ssl=1\" \/><\/p>\n<p>El D\u00eda Mundial de la Alimentaci\u00f3n se celebra el 16 de octubre de cada a\u00f1o. Fue proclamado en 1979 por la Organizaci\u00f3n de las Naciones Unidas para la Agricultura y la Alimentaci\u00f3n (FAO). Su finalidad es concientizar a los pueblos del mundo sobre el problema alimentario mundial y fortalecer la solidaridad en la lucha contra el hambre, la desnutrici\u00f3n y la pobreza. El d\u00eda coincide con la fecha de la fundaci\u00f3n de la FAO en 1945. \u00a1Intentemos dar un grano de arena diariamente para combatir la desnutrici\u00f3n primaria! \ud83d\udc69\u200d\ud83c\udfeb #Desnutrici\u00f3n #Malnutrici\u00f3n #alimentacion #mundial #nutricion<\/p>\n<div class='cb-post-url-qr-code'><br><img src='https:\/\/api.qrserver.com\/v1\/create-qr-code\/?size=185x185&ecc=L&qzone=1&data=https%3A%2F%2Fvivesanobrasil.org%2Fpb%2Fel-dia-mundial-de-la-alimentacion%2F' alt='El D\u00eda Mundial de la Alimentaci\u00f3n'\/><\/div>","protected":false},"excerpt":{"rendered":"<p>El D\u00eda Mundial de la Alimentaci\u00f3n se celebra el 16 de octubre de cada a\u00f1o. Fue proclamado en 1979 por la Organizaci\u00f3n de las Naciones Unidas para la Agricultura y la Alimentaci\u00f3n (FAO). Su finalidad es concientizar a los pueblos del mundo sobre el problema alimentario mundial y fortalecer la solidaridad en la lucha contra [&hellip;]<\/p>\n","protected":false},"author":135836161,"featured_media":0,"comment_status":"open","ping_status":"open","sticky":false,"template":"","format":"standard","meta":{"_acf_changed":false,"_coblocks_attr":"","_coblocks_dimensions":"","_coblocks_responsive_height":"","_coblocks_accordion_ie_support":"","_crdt_document":"","om_disable_all_campaigns":false,"_monsterinsights_skip_tracking":false,"_monsterinsights_sitenote_active":false,"_monsterinsights_sitenote_note":"","_monsterinsights_sitenote_category":0,"_jetpack_newsletter_access":"","_jetpack_dont_email_post_to_subs":false,"_jetpack_newsletter_tier_id":0,"_jetpack_memberships_contains_paywalled_content":false,"_jetpack_memberships_contains_paid_content":false,"footnotes":"","jetpack_publicize_message":"","jetpack_publicize_feature_enabled":true,"jetpack_social_post_already_shared":false,"jetpack_social_options":{"image_generator_settings":{"template":"highway","default_image_id":0,"font":"","enabled":false},"version":2},"_wpas_customize_per_network":false,"jetpack_post_was_ever_published":false},"categories":[1],"tags":[],"class_list":["post-350","post","type-post","status-publish","format-standard","hentry","category-uncategorized"],"acf":[],"aioseo_notices":[],"jetpack_publicize_connections":[],"jetpack_featured_media_url":"","jetpack_likes_enabled":true,"jetpack_sharing_enabled":true,"jetpack_shortlink":"https:\/\/wp.me\/p9Ia6I-5E","_links":{"self":[{"href":"https:\/\/vivesanobrasil.org\/pb\/wp-json\/wp\/v2\/posts\/350","targetHints":{"allow":["GET"]}}],"collection":[{"href":"https:\/\/vivesanobrasil.org\/pb\/wp-json\/wp\/v2\/posts"}],"about":[{"href":"https:\/\/vivesanobrasil.org\/pb\/wp-json\/wp\/v2\/types\/post"}],"author":[{"embeddable":true,"href":"https:\/\/vivesanobrasil.org\/pb\/wp-json\/wp\/v2\/users\/135836161"}],"replies":[{"embeddable":true,"href":"https:\/\/vivesanobrasil.org\/pb\/wp-json\/wp\/v2\/comments?post=350"}],"version-history":[{"count":0,"href":"https:\/\/vivesanobrasil.org\/pb\/wp-json\/wp\/v2\/posts\/350\/revisions"}],"wp:attachment":[{"href":"https:\/\/vivesanobrasil.org\/pb\/wp-json\/wp\/v2\/media?parent=350"}],"wp:term":[{"taxonomy":"category","embeddable":true,"href":"https:\/\/vivesanobrasil.org\/pb\/wp-json\/wp\/v2\/categories?post=350"},{"taxonomy":"post_tag","embeddable":true,"href":"https:\/\/vivesanobrasil.org\/pb\/wp-json\/wp\/v2\/tags?post=350"}],"curies":[{"name":"wp","href":"https:\/\/api.w.org\/{rel}","templated":true}]}}