{"id":38635,"date":"2022-05-12T19:09:37","date_gmt":"2022-05-12T23:09:37","guid":{"rendered":"https:\/\/vivesanobrasil.org\/?p=38635"},"modified":"2022-05-25T15:33:06","modified_gmt":"2022-05-25T19:33:06","slug":"o-que-e-o-modelo-transteorico-aplicado-a-psiconutricao","status":"publish","type":"post","link":"https:\/\/vivesanobrasil.org\/pb\/o-que-e-o-modelo-transteorico-aplicado-a-psiconutricao\/","title":{"rendered":"O que \u00e9 o Modelo Transte\u00f3rico aplicado \u00e0 psiconutri\u00e7\u00e3o?"},"content":{"rendered":"\t\t<div data-elementor-type=\"wp-post\" data-elementor-id=\"38635\" class=\"elementor elementor-38635\">\n\t\t\t\t\t\t<section class=\"elementor-section elementor-top-section elementor-element elementor-element-063ddfb elementor-section-full_width elementor-section-stretched elementor-section-height-default elementor-section-height-default\" data-id=\"063ddfb\" data-element_type=\"section\" data-settings=\"{&quot;stretch_section&quot;:&quot;section-stretched&quot;}\">\n\t\t\t\t\t\t<div class=\"elementor-container elementor-column-gap-no\">\n\t\t\t\t\t<div class=\"elementor-column elementor-col-100 elementor-top-column elementor-element elementor-element-950ec78\" data-id=\"950ec78\" data-element_type=\"column\">\n\t\t\t<div class=\"elementor-widget-wrap elementor-element-populated\">\n\t\t\t\t\t\t<div class=\"elementor-element elementor-element-e482f89 elementor-widget elementor-widget-image\" data-id=\"e482f89\" data-element_type=\"widget\" data-widget_type=\"image.default\">\n\t\t\t\t<div class=\"elementor-widget-container\">\n\t\t\t\t\t\t\t\t\t\t\t\t\t<img decoding=\"async\" src=\"https:\/\/i0.wp.com\/vivesanobrasil.org\/wp-content\/uploads\/2022\/05\/Post-1-imagen-1-1.png?fit=1800%2C500&#038;ssl=1\" title=\"Post 1 &#8211; imagen 1 (1)\" alt=\"Post 1 - imagen 1 (1)\" loading=\"lazy\" \/>\t\t\t\t\t\t\t\t\t\t\t\t\t<\/div>\n\t\t\t\t<\/div>\n\t\t\t\t\t<\/div>\n\t\t<\/div>\n\t\t\t\t\t<\/div>\n\t\t<\/section>\n\t\t\t\t<section class=\"elementor-section elementor-top-section elementor-element elementor-element-c7c3d1b elementor-section-boxed elementor-section-height-default elementor-section-height-default\" data-id=\"c7c3d1b\" data-element_type=\"section\">\n\t\t\t\t\t\t<div class=\"elementor-container elementor-column-gap-default\">\n\t\t\t\t\t<div class=\"elementor-column elementor-col-100 elementor-top-column elementor-element elementor-element-314a6e0\" data-id=\"314a6e0\" data-element_type=\"column\">\n\t\t\t<div class=\"elementor-widget-wrap elementor-element-populated\">\n\t\t\t\t\t\t<div class=\"elementor-element elementor-element-eee8d93 elementor-widget elementor-widget-heading\" data-id=\"eee8d93\" data-element_type=\"widget\" data-widget_type=\"heading.default\">\n\t\t\t\t<div class=\"elementor-widget-container\">\n\t\t\t<h2 class=\"elementor-heading-title elementor-size-default\">O que \u00e9 o Modelo Transte\u00f3rico aplicado \u00e0 psiconutri\u00e7\u00e3o?\n<\/h2>\t\t<\/div>\n\t\t\t\t<\/div>\n\t\t\t\t<div class=\"elementor-element elementor-element-808aaf4 elementor-widget elementor-widget-text-editor\" data-id=\"808aaf4\" data-element_type=\"widget\" data-widget_type=\"text-editor.default\">\n\t\t\t\t<div class=\"elementor-widget-container\">\n\t\t\t\t\t\t\t<p><span style=\"font-weight: 400;\">O Modelo Transte\u00f3rico aplicado \u00e0 psiconutri\u00e7\u00e3o \u00e9 um instrumento de apoio para mudan\u00e7as comportamentais que vem se mostrando efetivo na avalia\u00e7\u00e3o de mudan\u00e7as do comportamento alimentar.<\/span><\/p><p><span style=\"font-weight: 400;\">Dividido em 5 est\u00e1gios, o Modelo Transte\u00f3rico auxilia em interven\u00e7\u00f5es nutricionais mais efetivas, ao detectar em qual fase de mudan\u00e7a o paciente se encontra e o qu\u00e3o motivado est\u00e1 para realizar a orienta\u00e7\u00e3o nutricional e mudan\u00e7as de h\u00e1bitos alimentares proposta.<\/span><\/p><p><b>Os 5 est\u00e1gios abordados incluem:\u00a0<\/b><\/p>\t\t\t\t\t\t<\/div>\n\t\t\t\t<\/div>\n\t\t\t\t<div class=\"elementor-element elementor-element-8fc1235 elementor-widget elementor-widget-image\" data-id=\"8fc1235\" data-element_type=\"widget\" data-widget_type=\"image.default\">\n\t\t\t\t<div class=\"elementor-widget-container\">\n\t\t\t\t\t\t\t\t\t\t\t\t\t<img decoding=\"async\" src=\"https:\/\/i0.wp.com\/vivesanobrasil.org\/wp-content\/uploads\/2022\/05\/Plantilla-Banner-Blog-2.jpg?fit=1800%2C900&#038;ssl=1\" title=\"Plantilla Banner Blog (2)\" alt=\"Plantilla Banner Blog (2)\" loading=\"lazy\" \/>\t\t\t\t\t\t\t\t\t\t\t\t\t<\/div>\n\t\t\t\t<\/div>\n\t\t\t\t<div class=\"elementor-element elementor-element-31c7b42 elementor-widget elementor-widget-text-editor\" data-id=\"31c7b42\" data-element_type=\"widget\" data-widget_type=\"text-editor.default\">\n\t\t\t\t<div class=\"elementor-widget-container\">\n\t\t\t\t\t\t\t<p><b>Pr\u00e9-contempla\u00e7\u00e3o:<\/b><span style=\"font-weight: 400;\">\u00a0neste est\u00e1gio o indiv\u00edduo ainda n\u00e3o reconhece e n\u00e3o se interessa pelo problema, n\u00e3o v\u00ea perspectiva e\/ou n\u00e3o considera realizar mudan\u00e7as.<\/span><\/p><p><b>Contempla\u00e7\u00e3o<\/b><span style=\"font-weight: 400;\">: o indiv\u00edduo j\u00e1 reconhece a exist\u00eancia do problema, considera alterar seu comportamento e j\u00e1 identifica riscos neste seu comportamento.<\/span><\/p><p><b>Decis\u00e3o<\/b><span style=\"font-weight: 400;\">: nesta fase a mudan\u00e7a j\u00e1 \u00e9 idealizada para ser adotada em curto per\u00edodo de tempo.<\/span><\/p><p><b>A\u00e7\u00e3o<\/b><span style=\"font-weight: 400;\">: momento em que h\u00e1 altera\u00e7\u00f5es de fato no comportamento. Fase que exige dedica\u00e7\u00e3o e disposi\u00e7\u00e3o para que reca\u00eddas sejam evitadas.<\/span><\/p><p><b>Manuten\u00e7\u00e3o<\/b><span style=\"font-weight: 400;\">: neste est\u00e1gio j\u00e1 houve modifica\u00e7\u00f5es no comportamento do paciente, e o objetivo principal \u00e9 que os ganhos obtidos durante a fase de a\u00e7\u00e3o se mantenham.<\/span><\/p><p><span style=\"font-weight: 400;\">Se voc\u00ea \u00e9 profissional da sa\u00fade, em especial nutricionista e busca constantemente compreender os comportamentos alimentares de seus pacientes, <\/span><span style=\"font-weight: 400;\">conhe\u00e7a o <\/span><a href=\"https:\/\/vivesanobrasil.org\/pb\/curso-intensivo-psiconutricao\/\"><span style=\"font-weight: 400;\">Curso Intensivo Psiconutri\u00e7\u00e3o<\/span><\/a><span style=\"font-weight: 400;\">.<\/span><\/p><p><span style=\"font-weight: 400;\">Neste curso, abordaremos os conceitos mais importantes acerca desse tema, passando pela base fisiol\u00f3gica at\u00e9 a psicol\u00f3gica. Enriquecendo a consulta e a pr\u00e1tica cl\u00ednica com ferramentas e t\u00e9cnicas efetivas tanto para o tratamento como para a preven\u00e7\u00e3o de comportamentos alimentares disfuncionais.\u00a0<\/span><\/p>\t\t\t\t\t\t<\/div>\n\t\t\t\t<\/div>\n\t\t\t\t<div class=\"elementor-element elementor-element-6d71556 elementor-align-center elementor-widget elementor-widget-button\" data-id=\"6d71556\" data-element_type=\"widget\" data-widget_type=\"button.default\">\n\t\t\t\t<div class=\"elementor-widget-container\">\n\t\t\t\t\t<div class=\"elementor-button-wrapper\">\n\t\t\t<a class=\"elementor-button elementor-button-link elementor-size-sm\" href=\"https:\/\/vivesanobrasil.org\/pb\/curso-intensivo-psiconutricao\/\">\n\t\t\t\t\t\t<span class=\"elementor-button-content-wrapper\">\n\t\t\t\t\t\t\t\t\t<span class=\"elementor-button-text\">Inscreva-se aqui<\/span>\n\t\t\t\t\t<\/span>\n\t\t\t\t\t<\/a>\n\t\t<\/div>\n\t\t\t\t<\/div>\n\t\t\t\t<\/div>\n\t\t\t\t<div class=\"elementor-element elementor-element-d38c12e elementor-widget elementor-widget-text-editor\" data-id=\"d38c12e\" data-element_type=\"widget\" data-widget_type=\"text-editor.default\">\n\t\t\t\t<div class=\"elementor-widget-container\">\n\t\t\t\t\t\t\t<p><span id=\"docs-internal-guid-8e0fa2c1-7fff-5a89-b6b0-d8a4b86c25ac\"><span style=\"font-size: 12pt; font-family: Calibri, sans-serif; color: #070707; background-color: transparent; font-weight: bold; font-variant-numeric: normal; font-variant-east-asian: normal; vertical-align: baseline; white-space: pre-wrap;\">Autora: Profa. Dra. Maria Fernanda Naufel<\/span><\/span><\/p><p>\u00a0<\/p>\t\t\t\t\t\t<\/div>\n\t\t\t\t<\/div>\n\t\t\t\t<div class=\"elementor-element elementor-element-c0bdb4a elementor-widget elementor-widget-text-editor\" data-id=\"c0bdb4a\" data-element_type=\"widget\" data-widget_type=\"text-editor.default\">\n\t\t\t\t<div class=\"elementor-widget-container\">\n\t\t\t\t\t\t\t<p><b>Refer\u00eancias:<\/b><\/p><ol><li style=\"font-weight: 400;\" aria-level=\"1\"><span style=\"font-weight: 400;\">Alvarenga M, et al. Nutri\u00e7\u00e3o Comportamental. Ed Manole. 2015.<\/span><\/li><\/ol><p>\u00a0<\/p><ol><li style=\"font-weight: 400;\" aria-level=\"1\"><span style=\"font-weight: 400;\">Lechner L et al. Stages of change for fruit, vegetables and fat intake: consequences of misconception. Oxford University press. 1998: 13(1): 1-11.\u00a0<\/span><\/li><li style=\"font-weight: 400;\" aria-level=\"1\"><span style=\"font-weight: 400;\">Total N &amp; Slater B. Abordagem do modelo transteo\u0301rico no comportamento alimentar. Cie\u0302ncia &amp; Sau\u0301de Coletiva. 2007, 12(6): 1641-1650.\u00a0<\/span><\/li><\/ol><p>.<\/p>\t\t\t\t\t\t<\/div>\n\t\t\t\t<\/div>\n\t\t\t\t\t<\/div>\n\t\t<\/div>\n\t\t\t\t\t<\/div>\n\t\t<\/section>\n\t\t\t\t<\/div>\n\t\t<div class='cb-post-url-qr-code'><br><img src='https:\/\/api.qrserver.com\/v1\/create-qr-code\/?size=185x185&ecc=L&qzone=1&data=https%3A%2F%2Fvivesanobrasil.org%2Fpb%2Fo-que-e-o-modelo-transteorico-aplicado-a-psiconutricao%2F' alt='O que \u00e9 o Modelo Transte\u00f3rico aplicado \u00e0 psiconutri\u00e7\u00e3o?'\/><\/div>","protected":false},"excerpt":{"rendered":"<p>O que \u00e9 o Modelo Transte\u00f3rico aplicado \u00e0 psiconutri\u00e7\u00e3o? O Modelo Transte\u00f3rico aplicado \u00e0 psiconutri\u00e7\u00e3o \u00e9 um instrumento de apoio para mudan\u00e7as comportamentais que vem se mostrando efetivo na avalia\u00e7\u00e3o de mudan\u00e7as do comportamento alimentar. Dividido em 5 est\u00e1gios, o Modelo Transte\u00f3rico auxilia em interven\u00e7\u00f5es nutricionais mais efetivas, ao detectar em qual fase de mudan\u00e7a [&hellip;]<\/p>\n","protected":false},"author":135836161,"featured_media":38636,"comment_status":"open","ping_status":"open","sticky":false,"template":"","format":"standard","meta":{"_acf_changed":false,"_coblocks_attr":"","_coblocks_dimensions":"","_coblocks_responsive_height":"","_coblocks_accordion_ie_support":"","_crdt_document":"","om_disable_all_campaigns":false,"_monsterinsights_skip_tracking":false,"_monsterinsights_sitenote_active":false,"_monsterinsights_sitenote_note":"","_monsterinsights_sitenote_category":0,"_jetpack_newsletter_access":"","_jetpack_dont_email_post_to_subs":false,"_jetpack_newsletter_tier_id":0,"_jetpack_memberships_contains_paywalled_content":false,"_jetpack_memberships_contains_paid_content":false,"footnotes":"","jetpack_publicize_message":"","jetpack_publicize_feature_enabled":true,"jetpack_social_post_already_shared":true,"jetpack_social_options":{"image_generator_settings":{"template":"highway","default_image_id":0,"font":"","enabled":false},"version":2},"_wpas_customize_per_network":false,"jetpack_post_was_ever_published":false},"categories":[675839585,675839603],"tags":[],"class_list":["post-38635","post","type-post","status-publish","format-standard","has-post-thumbnail","hentry","category-br","category-publicacoes"],"acf":[],"aioseo_notices":[],"jetpack_publicize_connections":[],"jetpack_featured_media_url":"https:\/\/i0.wp.com\/vivesanobrasil.org\/wp-content\/uploads\/2022\/05\/Post-1-portada-1.png?fit=1080%2C1350&ssl=1","jetpack_likes_enabled":true,"jetpack_sharing_enabled":true,"jetpack_shortlink":"https:\/\/wp.me\/p9Ia6I-a39","_links":{"self":[{"href":"https:\/\/vivesanobrasil.org\/pb\/wp-json\/wp\/v2\/posts\/38635","targetHints":{"allow":["GET"]}}],"collection":[{"href":"https:\/\/vivesanobrasil.org\/pb\/wp-json\/wp\/v2\/posts"}],"about":[{"href":"https:\/\/vivesanobrasil.org\/pb\/wp-json\/wp\/v2\/types\/post"}],"author":[{"embeddable":true,"href":"https:\/\/vivesanobrasil.org\/pb\/wp-json\/wp\/v2\/users\/135836161"}],"replies":[{"embeddable":true,"href":"https:\/\/vivesanobrasil.org\/pb\/wp-json\/wp\/v2\/comments?post=38635"}],"version-history":[{"count":0,"href":"https:\/\/vivesanobrasil.org\/pb\/wp-json\/wp\/v2\/posts\/38635\/revisions"}],"wp:featuredmedia":[{"embeddable":true,"href":"https:\/\/vivesanobrasil.org\/pb\/wp-json\/wp\/v2\/media\/38636"}],"wp:attachment":[{"href":"https:\/\/vivesanobrasil.org\/pb\/wp-json\/wp\/v2\/media?parent=38635"}],"wp:term":[{"taxonomy":"category","embeddable":true,"href":"https:\/\/vivesanobrasil.org\/pb\/wp-json\/wp\/v2\/categories?post=38635"},{"taxonomy":"post_tag","embeddable":true,"href":"https:\/\/vivesanobrasil.org\/pb\/wp-json\/wp\/v2\/tags?post=38635"}],"curies":[{"name":"wp","href":"https:\/\/api.w.org\/{rel}","templated":true}]}}