{"id":41746,"date":"2022-07-28T13:00:22","date_gmt":"2022-07-28T17:00:22","guid":{"rendered":"https:\/\/vivesanobrasil.org\/?p=41746"},"modified":"2022-08-05T13:05:13","modified_gmt":"2022-08-05T17:05:13","slug":"entrevista-motivacional-em-psiconutricao","status":"publish","type":"post","link":"https:\/\/vivesanobrasil.org\/pb\/entrevista-motivacional-em-psiconutricao\/","title":{"rendered":"Entrevista Motivacional Em Psiconutri\u00e7\u00e3o"},"content":{"rendered":"\t\t<div data-elementor-type=\"wp-post\" data-elementor-id=\"41746\" class=\"elementor elementor-41746\">\n\t\t\t\t\t\t<section class=\"elementor-section elementor-top-section elementor-element elementor-element-9d431ac elementor-section-boxed elementor-section-height-default elementor-section-height-default\" data-id=\"9d431ac\" data-element_type=\"section\">\n\t\t\t\t\t\t<div class=\"elementor-container elementor-column-gap-default\">\n\t\t\t\t\t<div class=\"elementor-column elementor-col-100 elementor-top-column elementor-element elementor-element-9e5e927\" data-id=\"9e5e927\" data-element_type=\"column\">\n\t\t\t<div class=\"elementor-widget-wrap\">\n\t\t\t\t\t\t\t<\/div>\n\t\t<\/div>\n\t\t\t\t\t<\/div>\n\t\t<\/section>\n\t\t\t\t<section class=\"elementor-section elementor-top-section elementor-element elementor-element-3ca207c elementor-section-full_width elementor-section-height-default elementor-section-height-default\" data-id=\"3ca207c\" data-element_type=\"section\">\n\t\t\t\t\t\t<div class=\"elementor-container elementor-column-gap-no\">\n\t\t\t\t\t<div class=\"elementor-column elementor-col-100 elementor-top-column elementor-element elementor-element-edf3747\" data-id=\"edf3747\" data-element_type=\"column\">\n\t\t\t<div class=\"elementor-widget-wrap elementor-element-populated\">\n\t\t\t\t\t\t<div class=\"elementor-element elementor-element-01b8acc elementor-widget__width-inherit elementor-widget elementor-widget-image\" data-id=\"01b8acc\" data-element_type=\"widget\" data-widget_type=\"image.default\">\n\t\t\t\t<div class=\"elementor-widget-container\">\n\t\t\t\t\t\t\t\t\t\t\t\t\t<img fetchpriority=\"high\" decoding=\"async\" data-attachment-id=\"41751\" data-permalink=\"https:\/\/vivesanobrasil.org\/pb\/entrevista-motivacional-em-psiconutricao\/imagen_1-4\/\" data-orig-file=\"https:\/\/i0.wp.com\/vivesanobrasil.org\/wp-content\/uploads\/2022\/07\/imagen_1.png?fit=1800%2C500&amp;ssl=1\" data-orig-size=\"1800,500\" data-comments-opened=\"1\" data-image-meta=\"{&quot;aperture&quot;:&quot;0&quot;,&quot;credit&quot;:&quot;&quot;,&quot;camera&quot;:&quot;&quot;,&quot;caption&quot;:&quot;&quot;,&quot;created_timestamp&quot;:&quot;0&quot;,&quot;copyright&quot;:&quot;&quot;,&quot;focal_length&quot;:&quot;0&quot;,&quot;iso&quot;:&quot;0&quot;,&quot;shutter_speed&quot;:&quot;0&quot;,&quot;title&quot;:&quot;&quot;,&quot;orientation&quot;:&quot;0&quot;}\" data-image-title=\"Entrevista Motivacional\" data-image-description=\"\" data-image-caption=\"\" data-large-file=\"https:\/\/i0.wp.com\/vivesanobrasil.org\/wp-content\/uploads\/2022\/07\/imagen_1.png?fit=1024%2C284&amp;ssl=1\" width=\"1800\" height=\"500\" src=\"https:\/\/i0.wp.com\/vivesanobrasil.org\/wp-content\/uploads\/2022\/07\/imagen_1.png?fit=1800%2C500&amp;ssl=1\" class=\"attachment-full size-full wp-image-41751\" alt=\"Entrevista Motivacional\" srcset=\"https:\/\/i0.wp.com\/vivesanobrasil.org\/wp-content\/uploads\/2022\/07\/imagen_1.png?w=1800&amp;ssl=1 1800w, https:\/\/i0.wp.com\/vivesanobrasil.org\/wp-content\/uploads\/2022\/07\/imagen_1.png?resize=300%2C83&amp;ssl=1 300w, https:\/\/i0.wp.com\/vivesanobrasil.org\/wp-content\/uploads\/2022\/07\/imagen_1.png?resize=1024%2C284&amp;ssl=1 1024w, https:\/\/i0.wp.com\/vivesanobrasil.org\/wp-content\/uploads\/2022\/07\/imagen_1.png?resize=768%2C213&amp;ssl=1 768w, https:\/\/i0.wp.com\/vivesanobrasil.org\/wp-content\/uploads\/2022\/07\/imagen_1.png?resize=1536%2C427&amp;ssl=1 1536w, https:\/\/i0.wp.com\/vivesanobrasil.org\/wp-content\/uploads\/2022\/07\/imagen_1.png?resize=200%2C56&amp;ssl=1 200w, https:\/\/i0.wp.com\/vivesanobrasil.org\/wp-content\/uploads\/2022\/07\/imagen_1.png?resize=500%2C139&amp;ssl=1 500w, https:\/\/i0.wp.com\/vivesanobrasil.org\/wp-content\/uploads\/2022\/07\/imagen_1.png?resize=700%2C194&amp;ssl=1 700w\" sizes=\"(max-width: 1000px) 100vw, 1000px\" data-attachment-id=\"41751\" data-permalink=\"https:\/\/vivesanobrasil.org\/pb\/entrevista-motivacional-em-psiconutricao\/imagen_1-4\/\" data-orig-file=\"https:\/\/i0.wp.com\/vivesanobrasil.org\/wp-content\/uploads\/2022\/07\/imagen_1.png?fit=1800%2C500&amp;ssl=1\" data-orig-size=\"1800,500\" data-comments-opened=\"1\" data-image-meta=\"{&quot;aperture&quot;:&quot;0&quot;,&quot;credit&quot;:&quot;&quot;,&quot;camera&quot;:&quot;&quot;,&quot;caption&quot;:&quot;&quot;,&quot;created_timestamp&quot;:&quot;0&quot;,&quot;copyright&quot;:&quot;&quot;,&quot;focal_length&quot;:&quot;0&quot;,&quot;iso&quot;:&quot;0&quot;,&quot;shutter_speed&quot;:&quot;0&quot;,&quot;title&quot;:&quot;&quot;,&quot;orientation&quot;:&quot;0&quot;}\" data-image-title=\"Entrevista Motivacional\" data-image-description=\"\" data-image-caption=\"\" data-large-file=\"https:\/\/i0.wp.com\/vivesanobrasil.org\/wp-content\/uploads\/2022\/07\/imagen_1.png?fit=1024%2C284&amp;ssl=1\" \/>\t\t\t\t\t\t\t\t\t\t\t\t\t<\/div>\n\t\t\t\t<\/div>\n\t\t\t\t\t<\/div>\n\t\t<\/div>\n\t\t\t\t\t<\/div>\n\t\t<\/section>\n\t\t\t\t<section class=\"elementor-section elementor-top-section elementor-element elementor-element-bc54374 elementor-section-boxed elementor-section-height-default elementor-section-height-default\" data-id=\"bc54374\" data-element_type=\"section\">\n\t\t\t\t\t\t<div class=\"elementor-container elementor-column-gap-default\">\n\t\t\t\t\t<div class=\"elementor-column elementor-col-100 elementor-top-column elementor-element elementor-element-0cab768\" data-id=\"0cab768\" data-element_type=\"column\">\n\t\t\t<div class=\"elementor-widget-wrap elementor-element-populated\">\n\t\t\t\t\t\t<div class=\"elementor-element elementor-element-25c6f22 elementor-widget elementor-widget-spacer\" data-id=\"25c6f22\" data-element_type=\"widget\" data-widget_type=\"spacer.default\">\n\t\t\t\t<div class=\"elementor-widget-container\">\n\t\t\t\t\t<div class=\"elementor-spacer\">\n\t\t\t<div class=\"elementor-spacer-inner\"><\/div>\n\t\t<\/div>\n\t\t\t\t<\/div>\n\t\t\t\t<\/div>\n\t\t\t\t<div class=\"elementor-element elementor-element-448eeae elementor-widget elementor-widget-heading\" data-id=\"448eeae\" data-element_type=\"widget\" data-widget_type=\"heading.default\">\n\t\t\t\t<div class=\"elementor-widget-container\">\n\t\t\t<h2 class=\"elementor-heading-title elementor-size-default\">ENTREVISTA MOTIVACIONAL EM PSICONUTRI\u00c7\u00c3O<\/h2>\t\t<\/div>\n\t\t\t\t<\/div>\n\t\t\t\t<div class=\"elementor-element elementor-element-f58cd3b elementor-widget elementor-widget-text-editor\" data-id=\"f58cd3b\" data-element_type=\"widget\" data-widget_type=\"text-editor.default\">\n\t\t\t\t<div class=\"elementor-widget-container\">\n\t\t\t\t\t\t\t<p><span style=\"font-weight: 400;\">Entrevista Motivacional (EM) \u00e9 um estilo de conversa colaborativa que almeja o fortalecimento da motiva\u00e7\u00e3o do paciente e seu comprometimento com sua pr\u00f3pria mudan\u00e7a. Desde 1983, quando foi lan\u00e7ada, vem sofrendo modifica\u00e7\u00f5es a fim de tentar se adaptar \u00e0 complexidade que pauta a rela\u00e7\u00e3o profissional-cliente (Miller &amp; Rollnick, 2013).<br \/><br \/><\/span><span style=\"font-weight: 400;\">A EM surgiu com o objetivo de auxiliar no tratamento da depend\u00eancia qu\u00edmica (Miller &amp; Rollnick, 1983). Contudo, logo ap\u00f3s a sua primeira publica\u00e7\u00e3o, percebeu-se que seu campo de interven\u00e7\u00e3o poderia ser ampliado e aplicado em outros contextos, para outros tipos de pacientes e\/ou patologias, como: diabetes (West, 2007), dietas (Brug, 2007), transtornos alimentares e obesidade (Dunn, 2006), promo\u00e7\u00e3o \u00e0 sa\u00fade (Elliot, 2007), entre outros.<br \/><br \/><\/span><span style=\"font-weight: 400;\">Este tipo de abordagem mais \u201cgentil\u201d e menos intimidadora, leva em conta 4 aspectos fundamentais (Miller &amp; Rollnick, 2013):\u00a0<\/span><\/p><ol><li style=\"font-weight: 400; text-align: left;\" aria-level=\"1\"><span style=\"font-weight: 400;\">Parceria<\/span><\/li><li style=\"font-weight: 400; text-align: left;\" aria-level=\"1\"><span style=\"font-weight: 400;\">Aceita\u00e7\u00e3o<\/span><\/li><li style=\"font-weight: 400; text-align: left;\" aria-level=\"1\"><span style=\"font-weight: 400;\">Evoca\u00e7\u00e3o<\/span><\/li><li style=\"font-weight: 400; text-align: left;\" aria-level=\"1\"><span style=\"font-weight: 400;\">Compaix\u00e3o<\/span><\/li><\/ol>\t\t\t\t\t\t<\/div>\n\t\t\t\t<\/div>\n\t\t\t\t<div class=\"elementor-element elementor-element-75a4a0c elementor-widget elementor-widget-image\" data-id=\"75a4a0c\" data-element_type=\"widget\" data-widget_type=\"image.default\">\n\t\t\t\t<div class=\"elementor-widget-container\">\n\t\t\t\t\t\t\t\t\t\t\t\t\t<img decoding=\"async\" data-attachment-id=\"41754\" data-permalink=\"https:\/\/vivesanobrasil.org\/pb\/entrevista-motivacional-em-psiconutricao\/imagen_2-3\/\" data-orig-file=\"https:\/\/i0.wp.com\/vivesanobrasil.org\/wp-content\/uploads\/2022\/07\/imagen_2.png?fit=1800%2C900&amp;ssl=1\" data-orig-size=\"1800,900\" data-comments-opened=\"1\" data-image-meta=\"{&quot;aperture&quot;:&quot;0&quot;,&quot;credit&quot;:&quot;&quot;,&quot;camera&quot;:&quot;&quot;,&quot;caption&quot;:&quot;&quot;,&quot;created_timestamp&quot;:&quot;0&quot;,&quot;copyright&quot;:&quot;&quot;,&quot;focal_length&quot;:&quot;0&quot;,&quot;iso&quot;:&quot;0&quot;,&quot;shutter_speed&quot;:&quot;0&quot;,&quot;title&quot;:&quot;&quot;,&quot;orientation&quot;:&quot;0&quot;}\" data-image-title=\"Entrevista Motivacional\" data-image-description=\"\" data-image-caption=\"\" data-large-file=\"https:\/\/i0.wp.com\/vivesanobrasil.org\/wp-content\/uploads\/2022\/07\/imagen_2.png?fit=1024%2C512&amp;ssl=1\" width=\"1800\" height=\"900\" src=\"https:\/\/i0.wp.com\/vivesanobrasil.org\/wp-content\/uploads\/2022\/07\/imagen_2.png?fit=1800%2C900&amp;ssl=1\" class=\"attachment-full size-full wp-image-41754\" alt=\"Entrevista Motivacional\" srcset=\"https:\/\/i0.wp.com\/vivesanobrasil.org\/wp-content\/uploads\/2022\/07\/imagen_2.png?w=1800&amp;ssl=1 1800w, https:\/\/i0.wp.com\/vivesanobrasil.org\/wp-content\/uploads\/2022\/07\/imagen_2.png?resize=300%2C150&amp;ssl=1 300w, https:\/\/i0.wp.com\/vivesanobrasil.org\/wp-content\/uploads\/2022\/07\/imagen_2.png?resize=1024%2C512&amp;ssl=1 1024w, https:\/\/i0.wp.com\/vivesanobrasil.org\/wp-content\/uploads\/2022\/07\/imagen_2.png?resize=768%2C384&amp;ssl=1 768w, https:\/\/i0.wp.com\/vivesanobrasil.org\/wp-content\/uploads\/2022\/07\/imagen_2.png?resize=1536%2C768&amp;ssl=1 1536w, https:\/\/i0.wp.com\/vivesanobrasil.org\/wp-content\/uploads\/2022\/07\/imagen_2.png?resize=120%2C60&amp;ssl=1 120w, https:\/\/i0.wp.com\/vivesanobrasil.org\/wp-content\/uploads\/2022\/07\/imagen_2.png?resize=500%2C250&amp;ssl=1 500w, https:\/\/i0.wp.com\/vivesanobrasil.org\/wp-content\/uploads\/2022\/07\/imagen_2.png?resize=700%2C350&amp;ssl=1 700w\" sizes=\"(max-width: 1000px) 100vw, 1000px\" data-attachment-id=\"41754\" data-permalink=\"https:\/\/vivesanobrasil.org\/pb\/entrevista-motivacional-em-psiconutricao\/imagen_2-3\/\" data-orig-file=\"https:\/\/i0.wp.com\/vivesanobrasil.org\/wp-content\/uploads\/2022\/07\/imagen_2.png?fit=1800%2C900&amp;ssl=1\" data-orig-size=\"1800,900\" data-comments-opened=\"1\" data-image-meta=\"{&quot;aperture&quot;:&quot;0&quot;,&quot;credit&quot;:&quot;&quot;,&quot;camera&quot;:&quot;&quot;,&quot;caption&quot;:&quot;&quot;,&quot;created_timestamp&quot;:&quot;0&quot;,&quot;copyright&quot;:&quot;&quot;,&quot;focal_length&quot;:&quot;0&quot;,&quot;iso&quot;:&quot;0&quot;,&quot;shutter_speed&quot;:&quot;0&quot;,&quot;title&quot;:&quot;&quot;,&quot;orientation&quot;:&quot;0&quot;}\" data-image-title=\"Entrevista Motivacional\" data-image-description=\"\" data-image-caption=\"\" data-large-file=\"https:\/\/i0.wp.com\/vivesanobrasil.org\/wp-content\/uploads\/2022\/07\/imagen_2.png?fit=1024%2C512&amp;ssl=1\" \/>\t\t\t\t\t\t\t\t\t\t\t\t\t<\/div>\n\t\t\t\t<\/div>\n\t\t\t\t<div class=\"elementor-element elementor-element-edc43dc elementor-widget elementor-widget-text-editor\" data-id=\"edc43dc\" data-element_type=\"widget\" data-widget_type=\"text-editor.default\">\n\t\t\t\t<div class=\"elementor-widget-container\">\n\t\t\t\t\t\t\t<p><b>Parceria: <\/b><span style=\"font-weight: 400;\">Refor\u00e7a a necessidade do profissional em interagir e se interessar pela hist\u00f3ria e evolu\u00e7\u00e3o do paciente. Profissional e paciente procuram sa\u00eddas juntos. <\/span><span style=\"font-weight: 400;\">\u00c9 uma parceria<\/span><span style=\"font-weight: 400;\"> onde as experi\u00eancias do cliente, sua perspectiva e opini\u00f5es s\u00e3o respeitadas.\u00a0<\/span><\/p><p><b>Aceita\u00e7\u00e3o: <\/b><span style=\"font-weight: 400;\">O profissional deve ter interesse e valorizar o potencial de cada indiv\u00edduo. Neste caso, o entrevistador deve reconhecer o direito do cliente \u00e0 autodetermina\u00e7\u00e3o e facilitar suas escolhas. A aceita\u00e7\u00e3o consiste na empatia acurada, no suporte \u00e0 autonomia do paciente e no refor\u00e7amento positivo de falas.<\/span><\/p><p><b>Evoca\u00e7\u00e3o: <\/b><span style=\"font-weight: 400;\">O ideal \u00e9 evocar as for\u00e7as individuais que motivam a pessoa, ao inv\u00e9s de persuadir. A EM presume que os recursos e a motiva\u00e7\u00e3o para a mudan\u00e7a se encontram no cliente e da\u00ed a necessidade do profissional\u00a0evoc\u00e1-los\u00a0de modo a facilitar o processo de mudan\u00e7a.\u00a0Evocar quer dizer lembrar, recordar.<\/span><\/p><p><b>Compaix\u00e3o: <\/b><span style=\"font-weight: 400;\">Maneira de tentar fazer o profissional se aproximar mais verdadeiramente da pessoa e n\u00e3o do problema dela. Uma vez que o profissional consegue ter acesso \u00e0 unicidade de cada paciente, torna-se poss\u00edvel uma melhor compreens\u00e3o das complexidades individuais que dificultam as mudan\u00e7as de comportamento. \u00c9 um ato de aproximar-se para verdadeiramente ajudar.<br \/><br \/><\/span><span style=\"font-weight: 400;\">Como podem ver, este \u00e9 um tipo de abordagem serena e respeitosa, que mostra curiosidade em rela\u00e7\u00e3o \u00e0 forma como o cliente chegou ao estado em que se encontra.<\/span><\/p><p><span style=\"font-weight: 400;\">A motiva\u00e7\u00e3o para a mudan\u00e7a emerge de uma abordagem gentil e menos agressiva, sendo uma excelente ferramenta que nos ensina como auxiliar nossos pacientes a realizar mudan\u00e7as saud\u00e1veis e duradouras.<br \/><br \/><\/span><span style=\"font-weight: 400;\">Autora: Nta. Dra. Maria Fernanda Naufel<\/span><\/p>\t\t\t\t\t\t<\/div>\n\t\t\t\t<\/div>\n\t\t\t\t<div class=\"elementor-element elementor-element-8fbdcf8 elementor-widget elementor-widget-text-editor\" data-id=\"8fbdcf8\" data-element_type=\"widget\" data-widget_type=\"text-editor.default\">\n\t\t\t\t<div class=\"elementor-widget-container\">\n\t\t\t\t\t\t\t<p><span style=\"font-weight: 400;\">Em nosso <\/span><a href=\"https:\/\/vivesanoacademybrasil.org\/courses\/curso-intensivo-em-psiconutricao\/\" target=\"_blank\" rel=\"noopener\"><span style=\"font-weight: 400;\">Curso Intensivo Psiconutri\u00e7\u00e3o<\/span><\/a><span style=\"font-weight: 400;\"> voc\u00ea ter\u00e1 acesso a uma aula exclusiva sobre esse tema.<\/span><\/p><p><span style=\"font-weight: 400;\">In\u00edcio: 10\/08\/2022<\/span><\/p>\t\t\t\t\t\t<\/div>\n\t\t\t\t<\/div>\n\t\t\t\t<div class=\"elementor-element elementor-element-2ed6738 elementor-widget elementor-widget-button\" data-id=\"2ed6738\" data-element_type=\"widget\" data-widget_type=\"button.default\">\n\t\t\t\t<div class=\"elementor-widget-container\">\n\t\t\t\t\t<div class=\"elementor-button-wrapper\">\n\t\t\t<a class=\"elementor-button elementor-button-link elementor-size-sm\" href=\"https:\/\/vivesanoacademybrasil.org\/courses\/curso-intensivo-em-psiconutricao\/\" target=\"_blank\">\n\t\t\t\t\t\t<span class=\"elementor-button-content-wrapper\">\n\t\t\t\t\t\t\t\t\t<span class=\"elementor-button-text\">Inscreva-se Aqui<\/span>\n\t\t\t\t\t<\/span>\n\t\t\t\t\t<\/a>\n\t\t<\/div>\n\t\t\t\t<\/div>\n\t\t\t\t<\/div>\n\t\t\t\t<div class=\"elementor-element elementor-element-a0d8874 elementor-widget elementor-widget-text-editor\" data-id=\"a0d8874\" data-element_type=\"widget\" data-widget_type=\"text-editor.default\">\n\t\t\t\t<div class=\"elementor-widget-container\">\n\t\t\t\t\t\t\t<p><b>Refer\u00eancias\u00a0<\/b><\/p><p><span style=\"font-weight: 400;\">Brug, J. et al. (2007) Training dietitians in basic motivational interviewing skills results in changes in their counseling style and in lower saturated fat intakes in their patients.<\/span><i><span style=\"font-weight: 400;\"> Journal of Nutrition Education and Behavior<\/span><\/i><span style=\"font-weight: 400;\">, 39, 8- 12.<\/span><\/p><p><span style=\"font-weight: 400;\">Dunn, E.C. , Neighbors, C. , &amp; Larimer, M.E. ( <\/span><span style=\"font-weight: 400;\">2006<\/span><span style=\"font-weight: 400;\">). <\/span><span style=\"font-weight: 400;\">Motivational enhancement therapy and self-help treatment for binge eaters<\/span><span style=\"font-weight: 400;\">. <\/span><i><span style=\"font-weight: 400;\">Psychology of Addictive Behaviors<\/span><\/i><span style=\"font-weight: 400;\">, 20, <\/span><span style=\"font-weight: 400;\">44<\/span><span style=\"font-weight: 400;\">&#8211;<\/span><span style=\"font-weight: 400;\">52<\/span><span style=\"font-weight: 400;\">.\u00a0<\/span><\/p><p><span style=\"font-weight: 400;\">Elliot, D. L. et al. (2007). The PHKAME (Promoting Healthy Lifestyles: alternative models effects) firefighter study: outcomes of two models of behavior change. <\/span><i><span style=\"font-weight: 400;\">Journal of Occupational and Environmental Medicine<\/span><\/i><span style=\"font-weight: 400;\">, 49, 204-213.\u00a0<\/span><\/p><p><span style=\"font-weight: 400;\">Miller W.R.<\/span> <span style=\"font-weight: 400;\">(1983).<\/span><b> Motivational interviewing with problem drinkers<\/b><span style=\"font-weight: 400;\">. <\/span><span style=\"font-weight: 400;\">Behavioural Psychotherapy, 11 , pp. 147-172<\/span><\/p><p><span style=\"font-weight: 400;\">Miller, W. R. &amp; Rollnick, S. (2013). <\/span><i><span style=\"font-weight: 400;\">Motivational Interview \u2013 helping people change.<\/span><\/i><span style=\"font-weight: 400;\"> 3. ed. New York: The Guilford Press.<\/span><\/p><p><span style=\"font-weight: 400;\">West, D. S. et al. (2007). Motivational interviewing improves weight loss with type 2 diabetes. <\/span><i><span style=\"font-weight: 400;\">Diabetes Care<\/span><\/i><span style=\"font-weight: 400;\">, 30, 1081-1087. <\/span><\/p>\t\t\t\t\t\t<\/div>\n\t\t\t\t<\/div>\n\t\t\t\t\t<\/div>\n\t\t<\/div>\n\t\t\t\t\t<\/div>\n\t\t<\/section>\n\t\t\t\t<\/div>\n\t\t<div class='cb-post-url-qr-code'><br><img src='https:\/\/api.qrserver.com\/v1\/create-qr-code\/?size=185x185&ecc=L&qzone=1&data=https%3A%2F%2Fvivesanobrasil.org%2Fpb%2Fentrevista-motivacional-em-psiconutricao%2F' alt='Entrevista Motivacional Em Psiconutri\u00e7\u00e3o'\/><\/div>","protected":false},"excerpt":{"rendered":"<p>ENTREVISTA MOTIVACIONAL EM PSICONUTRI\u00c7\u00c3O Entrevista Motivacional (EM) \u00e9 um estilo de conversa colaborativa que almeja o fortalecimento da motiva\u00e7\u00e3o do paciente e seu comprometimento com sua pr\u00f3pria mudan\u00e7a. Desde 1983, quando foi lan\u00e7ada, vem sofrendo modifica\u00e7\u00f5es a fim de tentar se adaptar \u00e0 complexidade que pauta a rela\u00e7\u00e3o profissional-cliente (Miller &amp; Rollnick, 2013). A EM [&hellip;]<\/p>\n","protected":false},"author":135836172,"featured_media":41761,"comment_status":"open","ping_status":"open","sticky":false,"template":"","format":"standard","meta":{"_acf_changed":false,"_coblocks_attr":"","_coblocks_dimensions":"","_coblocks_responsive_height":"","_coblocks_accordion_ie_support":"","_crdt_document":"","om_disable_all_campaigns":false,"_monsterinsights_skip_tracking":false,"_monsterinsights_sitenote_active":false,"_monsterinsights_sitenote_note":"","_monsterinsights_sitenote_category":0,"_jetpack_newsletter_access":"","_jetpack_dont_email_post_to_subs":false,"_jetpack_newsletter_tier_id":0,"_jetpack_memberships_contains_paywalled_content":false,"_jetpack_memberships_contains_paid_content":false,"footnotes":"","jetpack_publicize_message":"","jetpack_publicize_feature_enabled":true,"jetpack_social_post_already_shared":true,"jetpack_social_options":{"image_generator_settings":{"template":"highway","default_image_id":0,"font":"","enabled":false},"version":2},"_wpas_customize_per_network":false,"jetpack_post_was_ever_published":false},"categories":[675839603],"tags":[],"class_list":["post-41746","post","type-post","status-publish","format-standard","has-post-thumbnail","hentry","category-publicacoes"],"acf":[],"aioseo_notices":[],"jetpack_publicize_connections":[],"jetpack_featured_media_url":"https:\/\/i0.wp.com\/vivesanobrasil.org\/wp-content\/uploads\/2022\/07\/Portada.png?fit=1080%2C1350&ssl=1","jetpack_likes_enabled":true,"jetpack_sharing_enabled":true,"jetpack_shortlink":"https:\/\/wp.me\/p9Ia6I-aRk","_links":{"self":[{"href":"https:\/\/vivesanobrasil.org\/pb\/wp-json\/wp\/v2\/posts\/41746","targetHints":{"allow":["GET"]}}],"collection":[{"href":"https:\/\/vivesanobrasil.org\/pb\/wp-json\/wp\/v2\/posts"}],"about":[{"href":"https:\/\/vivesanobrasil.org\/pb\/wp-json\/wp\/v2\/types\/post"}],"author":[{"embeddable":true,"href":"https:\/\/vivesanobrasil.org\/pb\/wp-json\/wp\/v2\/users\/135836172"}],"replies":[{"embeddable":true,"href":"https:\/\/vivesanobrasil.org\/pb\/wp-json\/wp\/v2\/comments?post=41746"}],"version-history":[{"count":0,"href":"https:\/\/vivesanobrasil.org\/pb\/wp-json\/wp\/v2\/posts\/41746\/revisions"}],"wp:featuredmedia":[{"embeddable":true,"href":"https:\/\/vivesanobrasil.org\/pb\/wp-json\/wp\/v2\/media\/41761"}],"wp:attachment":[{"href":"https:\/\/vivesanobrasil.org\/pb\/wp-json\/wp\/v2\/media?parent=41746"}],"wp:term":[{"taxonomy":"category","embeddable":true,"href":"https:\/\/vivesanobrasil.org\/pb\/wp-json\/wp\/v2\/categories?post=41746"},{"taxonomy":"post_tag","embeddable":true,"href":"https:\/\/vivesanobrasil.org\/pb\/wp-json\/wp\/v2\/tags?post=41746"}],"curies":[{"name":"wp","href":"https:\/\/api.w.org\/{rel}","templated":true}]}}