{"id":447,"date":"2018-12-23T14:45:59","date_gmt":"2018-12-23T16:45:59","guid":{"rendered":"http:\/\/vivesanobrasil.org\/2018\/12\/23\/felices-fiestas\/"},"modified":"2018-12-23T14:45:59","modified_gmt":"2018-12-23T16:45:59","slug":"felices-fiestas","status":"publish","type":"post","link":"https:\/\/vivesanobrasil.org\/pb\/felices-fiestas\/","title":{"rendered":"Felices Fiestas"},"content":{"rendered":"<p>De parte de todo el equipo de Capacitaciones Vive Sano Brasil, su personal y acad\u00e9micos, queremos desearles celebrar estas fiestas con el profundo convencimiento de que es posible construir la paz y el amor en el g\u00e9nero humano, y de que el conocimiento solamente debe concebirse como un colaborador amplio, poderoso y generoso hacia ese laudable prop\u00f3sito. Esta fecha es una oportunidad para reflexionar sobre nosotros y sobre la forma en que como comunidad debemos colaborar para edificar una sociedad mejor y m\u00e1s saludable, en que la solidaridad y la comprensi\u00f3n sean el signo imbatible de la libertad y equidad esencial a las que aspiramos. A todos nuestros profesores, funcionarios, estudiantes y comunidad en general, junto a sus familias, deseamos que tengan unas Felices Fiestas Navide\u00f1as. Que el motivo de la celebraci\u00f3n tambi\u00e9n ponga de relieve los valores academicos y profesionales que diariamente ense\u00f1amos, y que nuestros deseos institucionales marque una visi\u00f3n, una esperanza, un futuro mejor para toda la sociedad. \u00a1\u00a1MUCHAS FELICIDADES !! #navidad #natal #feliz #brasil #nutricion #vitaminas #ViveSanoBrasil #ejercicio #diciembre #dezembro #nutri\u00e7\u00e3o<\/p>\n<p><img data-recalc-dims=\"1\" fetchpriority=\"high\" decoding=\"async\" src=\"https:\/\/i0.wp.com\/vivesanobrasil.org\/wp-content\/uploads\/2018\/12\/img_20181223_140929_9125246023630163905161.jpg?resize=1080%2C1080&#038;ssl=1\" class=\"wp-image-446 alignnone size-full\" width=\"1080\" height=\"1080\"><\/p>\n<div class='cb-post-url-qr-code'><br><img src='https:\/\/api.qrserver.com\/v1\/create-qr-code\/?size=185x185&ecc=L&qzone=1&data=https%3A%2F%2Fvivesanobrasil.org%2Fpb%2Ffelices-fiestas%2F' alt='Felices Fiestas'\/><\/div>","protected":false},"excerpt":{"rendered":"<p>De parte de todo el equipo de Capacitaciones Vive Sano Brasil, su personal y acad\u00e9micos, queremos desearles celebrar estas fiestas con el profundo convencimiento de que es posible construir la paz y el amor en el g\u00e9nero humano, y de que el conocimiento solamente debe concebirse como un colaborador amplio, poderoso y generoso hacia ese [&hellip;]<\/p>\n","protected":false},"author":135836161,"featured_media":0,"comment_status":"open","ping_status":"open","sticky":false,"template":"","format":"standard","meta":{"_acf_changed":false,"_coblocks_attr":"","_coblocks_dimensions":"","_coblocks_responsive_height":"","_coblocks_accordion_ie_support":"","_crdt_document":"","om_disable_all_campaigns":false,"_monsterinsights_skip_tracking":false,"_monsterinsights_sitenote_active":false,"_monsterinsights_sitenote_note":"","_monsterinsights_sitenote_category":0,"_jetpack_newsletter_access":"","_jetpack_dont_email_post_to_subs":false,"_jetpack_newsletter_tier_id":0,"_jetpack_memberships_contains_paywalled_content":false,"_jetpack_memberships_contains_paid_content":false,"footnotes":"","jetpack_publicize_message":"","jetpack_publicize_feature_enabled":true,"jetpack_social_post_already_shared":false,"jetpack_social_options":{"image_generator_settings":{"template":"highway","default_image_id":0,"font":"","enabled":false},"version":2},"_wpas_customize_per_network":false,"jetpack_post_was_ever_published":false},"categories":[1],"tags":[],"class_list":["post-447","post","type-post","status-publish","format-standard","hentry","category-uncategorized"],"acf":[],"aioseo_notices":[],"jetpack_publicize_connections":[],"jetpack_featured_media_url":"","jetpack_likes_enabled":true,"jetpack_sharing_enabled":true,"jetpack_shortlink":"https:\/\/wp.me\/p9Ia6I-7d","_links":{"self":[{"href":"https:\/\/vivesanobrasil.org\/pb\/wp-json\/wp\/v2\/posts\/447","targetHints":{"allow":["GET"]}}],"collection":[{"href":"https:\/\/vivesanobrasil.org\/pb\/wp-json\/wp\/v2\/posts"}],"about":[{"href":"https:\/\/vivesanobrasil.org\/pb\/wp-json\/wp\/v2\/types\/post"}],"author":[{"embeddable":true,"href":"https:\/\/vivesanobrasil.org\/pb\/wp-json\/wp\/v2\/users\/135836161"}],"replies":[{"embeddable":true,"href":"https:\/\/vivesanobrasil.org\/pb\/wp-json\/wp\/v2\/comments?post=447"}],"version-history":[{"count":0,"href":"https:\/\/vivesanobrasil.org\/pb\/wp-json\/wp\/v2\/posts\/447\/revisions"}],"wp:attachment":[{"href":"https:\/\/vivesanobrasil.org\/pb\/wp-json\/wp\/v2\/media?parent=447"}],"wp:term":[{"taxonomy":"category","embeddable":true,"href":"https:\/\/vivesanobrasil.org\/pb\/wp-json\/wp\/v2\/categories?post=447"},{"taxonomy":"post_tag","embeddable":true,"href":"https:\/\/vivesanobrasil.org\/pb\/wp-json\/wp\/v2\/tags?post=447"}],"curies":[{"name":"wp","href":"https:\/\/api.w.org\/{rel}","templated":true}]}}