{"id":44986,"date":"2023-03-16T08:47:45","date_gmt":"2023-03-16T12:47:45","guid":{"rendered":"https:\/\/vivesanobrasil.org\/?p=44986"},"modified":"2023-03-17T08:08:05","modified_gmt":"2023-03-17T12:08:05","slug":"interaccion-farmaco-nutriente-dentro-de-la-practica-clinica","status":"publish","type":"post","link":"https:\/\/vivesanobrasil.org\/pb\/interaccion-farmaco-nutriente-dentro-de-la-practica-clinica\/","title":{"rendered":"Interacci\u00f3n f\u00e1rmaco-nutriente dentro de la pr\u00e1ctica cl\u00ednica"},"content":{"rendered":"\t\t<div data-elementor-type=\"wp-post\" data-elementor-id=\"44986\" class=\"elementor elementor-44986\">\n\t\t\t\t\t\t<section class=\"elementor-section elementor-top-section elementor-element elementor-element-3c4c16b elementor-section-full_width elementor-section-height-default elementor-section-height-default\" data-id=\"3c4c16b\" data-element_type=\"section\">\n\t\t\t\t\t\t<div class=\"elementor-container elementor-column-gap-no\">\n\t\t\t\t\t<div class=\"elementor-column elementor-col-100 elementor-top-column elementor-element elementor-element-16851dc\" data-id=\"16851dc\" data-element_type=\"column\">\n\t\t\t<div class=\"elementor-widget-wrap elementor-element-populated\">\n\t\t\t\t\t\t<div class=\"elementor-element elementor-element-14d02ca elementor-widget elementor-widget-image\" data-id=\"14d02ca\" data-element_type=\"widget\" data-widget_type=\"image.default\">\n\t\t\t\t<div class=\"elementor-widget-container\">\n\t\t\t\t\t\t\t\t\t\t\t\t\t<img fetchpriority=\"high\" decoding=\"async\" data-attachment-id=\"44988\" data-permalink=\"https:\/\/vivesanobrasil.org\/pb\/interaccion-farmaco-nutriente-dentro-de-la-practica-clinica\/banner-1\/\" data-orig-file=\"https:\/\/i0.wp.com\/vivesanobrasil.org\/wp-content\/uploads\/2023\/03\/Banner-1.png?fit=1800%2C500&amp;ssl=1\" data-orig-size=\"1800,500\" data-comments-opened=\"1\" data-image-meta=\"{&quot;aperture&quot;:&quot;0&quot;,&quot;credit&quot;:&quot;&quot;,&quot;camera&quot;:&quot;&quot;,&quot;caption&quot;:&quot;&quot;,&quot;created_timestamp&quot;:&quot;0&quot;,&quot;copyright&quot;:&quot;&quot;,&quot;focal_length&quot;:&quot;0&quot;,&quot;iso&quot;:&quot;0&quot;,&quot;shutter_speed&quot;:&quot;0&quot;,&quot;title&quot;:&quot;&quot;,&quot;orientation&quot;:&quot;0&quot;}\" data-image-title=\"Banner 1\" data-image-description=\"\" data-image-caption=\"\" data-large-file=\"https:\/\/i0.wp.com\/vivesanobrasil.org\/wp-content\/uploads\/2023\/03\/Banner-1.png?fit=1024%2C284&amp;ssl=1\" width=\"1800\" height=\"500\" src=\"https:\/\/i0.wp.com\/vivesanobrasil.org\/wp-content\/uploads\/2023\/03\/Banner-1.png?fit=1800%2C500&amp;ssl=1\" class=\"attachment-full size-full wp-image-44988\" alt=\"\" srcset=\"https:\/\/i0.wp.com\/vivesanobrasil.org\/wp-content\/uploads\/2023\/03\/Banner-1.png?w=1800&amp;ssl=1 1800w, https:\/\/i0.wp.com\/vivesanobrasil.org\/wp-content\/uploads\/2023\/03\/Banner-1.png?resize=300%2C83&amp;ssl=1 300w, https:\/\/i0.wp.com\/vivesanobrasil.org\/wp-content\/uploads\/2023\/03\/Banner-1.png?resize=1024%2C284&amp;ssl=1 1024w, https:\/\/i0.wp.com\/vivesanobrasil.org\/wp-content\/uploads\/2023\/03\/Banner-1.png?resize=768%2C213&amp;ssl=1 768w, https:\/\/i0.wp.com\/vivesanobrasil.org\/wp-content\/uploads\/2023\/03\/Banner-1.png?resize=1536%2C427&amp;ssl=1 1536w, https:\/\/i0.wp.com\/vivesanobrasil.org\/wp-content\/uploads\/2023\/03\/Banner-1.png?resize=200%2C56&amp;ssl=1 200w\" sizes=\"(max-width: 1000px) 100vw, 1000px\" data-attachment-id=\"44988\" data-permalink=\"https:\/\/vivesanobrasil.org\/pb\/interaccion-farmaco-nutriente-dentro-de-la-practica-clinica\/banner-1\/\" data-orig-file=\"https:\/\/i0.wp.com\/vivesanobrasil.org\/wp-content\/uploads\/2023\/03\/Banner-1.png?fit=1800%2C500&amp;ssl=1\" data-orig-size=\"1800,500\" data-comments-opened=\"1\" data-image-meta=\"{&quot;aperture&quot;:&quot;0&quot;,&quot;credit&quot;:&quot;&quot;,&quot;camera&quot;:&quot;&quot;,&quot;caption&quot;:&quot;&quot;,&quot;created_timestamp&quot;:&quot;0&quot;,&quot;copyright&quot;:&quot;&quot;,&quot;focal_length&quot;:&quot;0&quot;,&quot;iso&quot;:&quot;0&quot;,&quot;shutter_speed&quot;:&quot;0&quot;,&quot;title&quot;:&quot;&quot;,&quot;orientation&quot;:&quot;0&quot;}\" data-image-title=\"Banner 1\" data-image-description=\"\" data-image-caption=\"\" data-large-file=\"https:\/\/i0.wp.com\/vivesanobrasil.org\/wp-content\/uploads\/2023\/03\/Banner-1.png?fit=1024%2C284&amp;ssl=1\" \/>\t\t\t\t\t\t\t\t\t\t\t\t\t<\/div>\n\t\t\t\t<\/div>\n\t\t\t\t\t<\/div>\n\t\t<\/div>\n\t\t\t\t\t<\/div>\n\t\t<\/section>\n\t\t\t\t<section class=\"elementor-section elementor-top-section elementor-element elementor-element-29be082 elementor-section-boxed elementor-section-height-default elementor-section-height-default\" data-id=\"29be082\" data-element_type=\"section\">\n\t\t\t\t\t\t<div class=\"elementor-container elementor-column-gap-default\">\n\t\t\t\t\t<div class=\"elementor-column elementor-col-100 elementor-top-column elementor-element elementor-element-844f691\" data-id=\"844f691\" data-element_type=\"column\">\n\t\t\t<div class=\"elementor-widget-wrap elementor-element-populated\">\n\t\t\t\t\t\t<div class=\"elementor-element elementor-element-87bbe00 elementor-widget elementor-widget-heading\" data-id=\"87bbe00\" data-element_type=\"widget\" data-widget_type=\"heading.default\">\n\t\t\t\t<div class=\"elementor-widget-container\">\n\t\t\t<h2 class=\"elementor-heading-title elementor-size-default\">Interacci\u00f3n f\u00e1rmaco-nutriente dentro de la pr\u00e1ctica cl\u00ednica<\/h2>\t\t<\/div>\n\t\t\t\t<\/div>\n\t\t\t\t<div class=\"elementor-element elementor-element-c8836a6 elementor-widget elementor-widget-text-editor\" data-id=\"c8836a6\" data-element_type=\"widget\" data-widget_type=\"text-editor.default\">\n\t\t\t\t<div class=\"elementor-widget-container\">\n\t\t\t\t\t\t\t<p><span style=\"font-weight: 400;\">La interacci\u00f3n entre los f\u00e1rmacos y los nutrientes es un tema importante en la nutrici\u00f3n cl\u00ednica, ya que puede tener efectos significativos en la eficacia y seguridad de las terapias nutricionales.\u00a0<\/span><\/p><p><span style=\"font-weight: 400;\">En este texto, explicaremos algunas de las interacciones m\u00e1s comunes entre los f\u00e1rmacos y los nutrientes utilizados en la nutrici\u00f3n cl\u00ednica.<\/span><\/p>\t\t\t\t\t\t<\/div>\n\t\t\t\t<\/div>\n\t\t\t\t\t<\/div>\n\t\t<\/div>\n\t\t\t\t\t<\/div>\n\t\t<\/section>\n\t\t\t\t<section class=\"elementor-section elementor-top-section elementor-element elementor-element-210e91b elementor-section-boxed elementor-section-height-default elementor-section-height-default\" data-id=\"210e91b\" data-element_type=\"section\">\n\t\t\t\t\t\t<div class=\"elementor-container elementor-column-gap-default\">\n\t\t\t\t\t<div class=\"elementor-column elementor-col-100 elementor-top-column elementor-element elementor-element-47bc9f6\" data-id=\"47bc9f6\" data-element_type=\"column\">\n\t\t\t<div class=\"elementor-widget-wrap elementor-element-populated\">\n\t\t\t\t\t\t<div class=\"elementor-element elementor-element-98365bf elementor-widget elementor-widget-heading\" data-id=\"98365bf\" data-element_type=\"widget\" data-widget_type=\"heading.default\">\n\t\t\t\t<div class=\"elementor-widget-container\">\n\t\t\t<h4 class=\"elementor-heading-title elementor-size-default\">Anticoagulantes y vitamina K\n<\/h4>\t\t<\/div>\n\t\t\t\t<\/div>\n\t\t\t\t<div class=\"elementor-element elementor-element-8f185ca elementor-widget elementor-widget-text-editor\" data-id=\"8f185ca\" data-element_type=\"widget\" data-widget_type=\"text-editor.default\">\n\t\t\t\t<div class=\"elementor-widget-container\">\n\t\t\t\t\t\t\t<p><span style=\"font-weight: 400;\">Los <\/span>anticoagulantes<span style=\"font-weight: 400;\">, como la warfarina, son f\u00e1rmacos que reducen la capacidad de la sangre para coagular y, por lo tanto, previenen la formaci\u00f3n de co\u00e1gulos sangu\u00edneos peligrosos. La vitamina K es necesaria para la producci\u00f3n de prote\u00ednas de coagulaci\u00f3n en el cuerpo. Por lo tanto, el consumo excesivo de alimentos ricos en vitamina K, como las verduras de hojas verdes, puede reducir la eficacia de los anticoagulantes.\u00a0<\/span><\/p><p><span style=\"font-weight: 400;\">Sin embargo, un consumo inadecuado de vitamina K puede aumentar el riesgo de sangrado. Por lo tanto, los pacientes que toman anticoagulantes deben hablar con su m\u00e9dico o nutricionista sobre su consumo de alimentos ricos en vitamina K y tomar las medidas necesarias para ajustar su ingesta.<\/span><\/p>\t\t\t\t\t\t<\/div>\n\t\t\t\t<\/div>\n\t\t\t\t\t<\/div>\n\t\t<\/div>\n\t\t\t\t\t<\/div>\n\t\t<\/section>\n\t\t\t\t<section class=\"elementor-section elementor-top-section elementor-element elementor-element-1285b7a elementor-section-boxed elementor-section-height-default elementor-section-height-default\" data-id=\"1285b7a\" data-element_type=\"section\">\n\t\t\t\t\t\t<div class=\"elementor-container elementor-column-gap-default\">\n\t\t\t\t\t<div class=\"elementor-column elementor-col-100 elementor-top-column elementor-element elementor-element-878c205\" data-id=\"878c205\" data-element_type=\"column\">\n\t\t\t<div class=\"elementor-widget-wrap elementor-element-populated\">\n\t\t\t\t\t\t<div class=\"elementor-element elementor-element-ef07b69 elementor-widget elementor-widget-heading\" data-id=\"ef07b69\" data-element_type=\"widget\" data-widget_type=\"heading.default\">\n\t\t\t\t<div class=\"elementor-widget-container\">\n\t\t\t<h4 class=\"elementor-heading-title elementor-size-default\">Anti\u00e1cidos y minerales<\/h4>\t\t<\/div>\n\t\t\t\t<\/div>\n\t\t\t\t<div class=\"elementor-element elementor-element-dc4b9da elementor-widget elementor-widget-text-editor\" data-id=\"dc4b9da\" data-element_type=\"widget\" data-widget_type=\"text-editor.default\">\n\t\t\t\t<div class=\"elementor-widget-container\">\n\t\t\t\t\t\t\t<p><span style=\"font-weight: 400;\">Los anti\u00e1cidos son f\u00e1rmacos que se utilizan para reducir la acidez estomacal en pacientes con trastornos gastrointestinales. Sin embargo, estos f\u00e1rmacos pueden interferir con la absorci\u00f3n de minerales importantes, como el hierro, el calcio y el zinc, lo que puede provocar deficiencias nutricionales.\u00a0<\/span><\/p><p><span style=\"font-weight: 400;\">Los pacientes que toman anti\u00e1cidos a largo plazo deben hablar con su m\u00e9dico o nutricionista sobre la posibilidad de tomar suplementos de minerales o de aumentar su ingesta de alimentos ricos en estos nutrientes.<\/span><\/p>\t\t\t\t\t\t<\/div>\n\t\t\t\t<\/div>\n\t\t\t\t\t<\/div>\n\t\t<\/div>\n\t\t\t\t\t<\/div>\n\t\t<\/section>\n\t\t\t\t<section class=\"elementor-section elementor-top-section elementor-element elementor-element-710d8ec elementor-section-boxed elementor-section-height-default elementor-section-height-default\" data-id=\"710d8ec\" data-element_type=\"section\">\n\t\t\t\t\t\t<div class=\"elementor-container elementor-column-gap-default\">\n\t\t\t\t\t<div class=\"elementor-column elementor-col-100 elementor-top-column elementor-element elementor-element-a67e6a3\" data-id=\"a67e6a3\" data-element_type=\"column\">\n\t\t\t<div class=\"elementor-widget-wrap elementor-element-populated\">\n\t\t\t\t\t\t<div class=\"elementor-element elementor-element-cdaa7a3 elementor-widget elementor-widget-heading\" data-id=\"cdaa7a3\" data-element_type=\"widget\" data-widget_type=\"heading.default\">\n\t\t\t\t<div class=\"elementor-widget-container\">\n\t\t\t<h4 class=\"elementor-heading-title elementor-size-default\">Antibi\u00f3ticos y probi\u00f3ticos\n<\/h4>\t\t<\/div>\n\t\t\t\t<\/div>\n\t\t\t\t<div class=\"elementor-element elementor-element-00e8ded elementor-widget elementor-widget-text-editor\" data-id=\"00e8ded\" data-element_type=\"widget\" data-widget_type=\"text-editor.default\">\n\t\t\t\t<div class=\"elementor-widget-container\">\n\t\t\t\t\t\t\t<p><span style=\"font-weight: 400;\">Los antibi\u00f3ticos son f\u00e1rmacos que se utilizan para tratar las infecciones bacterianas, pero tambi\u00e9n pueden destruir las bacterias beneficiosas que se encuentran en el intestino. Esto puede alterar el equilibrio de las bacterias en el intestino y provocar diarrea y otros problemas gastrointestinales.\u00a0<\/span><\/p><p><span style=\"font-weight: 400;\">Los probi\u00f3ticos son suplementos que contienen bacterias beneficiosas que pueden ayudar a restablecer el equilibrio de las bacterias en el intestino y prevenir los efectos secundarios de los antibi\u00f3ticos. Por lo tanto, los pacientes que toman antibi\u00f3ticos pueden beneficiarse de la ingesta de probi\u00f3ticos para mantener la salud intestinal.<\/span><\/p>\t\t\t\t\t\t<\/div>\n\t\t\t\t<\/div>\n\t\t\t\t\t<\/div>\n\t\t<\/div>\n\t\t\t\t\t<\/div>\n\t\t<\/section>\n\t\t\t\t<section class=\"elementor-section elementor-top-section elementor-element elementor-element-67d32c3 elementor-section-boxed elementor-section-height-default elementor-section-height-default\" data-id=\"67d32c3\" data-element_type=\"section\">\n\t\t\t\t\t\t<div class=\"elementor-container elementor-column-gap-default\">\n\t\t\t\t\t<div class=\"elementor-column elementor-col-100 elementor-top-column elementor-element elementor-element-04a4963\" data-id=\"04a4963\" data-element_type=\"column\">\n\t\t\t<div class=\"elementor-widget-wrap elementor-element-populated\">\n\t\t\t\t\t\t<div class=\"elementor-element elementor-element-2d74ce9 elementor-widget elementor-widget-heading\" data-id=\"2d74ce9\" data-element_type=\"widget\" data-widget_type=\"heading.default\">\n\t\t\t\t<div class=\"elementor-widget-container\">\n\t\t\t<h4 class=\"elementor-heading-title elementor-size-default\">Quimioterapia y nutrici\u00f3n\n<\/h4>\t\t<\/div>\n\t\t\t\t<\/div>\n\t\t\t\t<div class=\"elementor-element elementor-element-0882304 elementor-widget elementor-widget-text-editor\" data-id=\"0882304\" data-element_type=\"widget\" data-widget_type=\"text-editor.default\">\n\t\t\t\t<div class=\"elementor-widget-container\">\n\t\t\t\t\t\t\t<p><span style=\"font-weight: 400;\">La quimioterapia es un tratamiento que se utiliza para destruir las c\u00e9lulas cancerosas. Sin embargo, tambi\u00e9n puede afectar a las c\u00e9lulas sanas del cuerpo, incluidas las c\u00e9lulas del sistema digestivo. Esto puede provocar n\u00e1useas, v\u00f3mitos, diarrea y otros problemas gastrointestinales que pueden afectar la capacidad del paciente para comer y absorber nutrientes.\u00a0<\/span><\/p><p><span style=\"font-weight: 400;\">Los pacientes que reciben quimioterapia deben hablar con su m\u00e9dico o nutricionista sobre las estrategias nutricionales que pueden ayudarles a mantener una buena salud y minimizar los efectos secundarios.<\/span><\/p>\t\t\t\t\t\t<\/div>\n\t\t\t\t<\/div>\n\t\t\t\t\t<\/div>\n\t\t<\/div>\n\t\t\t\t\t<\/div>\n\t\t<\/section>\n\t\t\t\t<section class=\"elementor-section elementor-top-section elementor-element elementor-element-c8e2913 elementor-section-boxed elementor-section-height-default elementor-section-height-default\" data-id=\"c8e2913\" data-element_type=\"section\">\n\t\t\t\t\t\t<div class=\"elementor-container elementor-column-gap-default\">\n\t\t\t\t\t<div class=\"elementor-column elementor-col-100 elementor-top-column elementor-element elementor-element-2025276\" data-id=\"2025276\" data-element_type=\"column\">\n\t\t\t<div class=\"elementor-widget-wrap elementor-element-populated\">\n\t\t\t\t\t\t<div class=\"elementor-element elementor-element-4d6c1f4 elementor-widget elementor-widget-heading\" data-id=\"4d6c1f4\" data-element_type=\"widget\" data-widget_type=\"heading.default\">\n\t\t\t\t<div class=\"elementor-widget-container\">\n\t\t\t<h4 class=\"elementor-heading-title elementor-size-default\">Interacciones entre los antibi\u00f3ticos y la vitamina B<\/h4>\t\t<\/div>\n\t\t\t\t<\/div>\n\t\t\t\t<div class=\"elementor-element elementor-element-bbfc93a elementor-widget elementor-widget-text-editor\" data-id=\"bbfc93a\" data-element_type=\"widget\" data-widget_type=\"text-editor.default\">\n\t\t\t\t<div class=\"elementor-widget-container\">\n\t\t\t\t\t\t\t<p><span style=\"font-weight: 400;\">Los antibi\u00f3ticos pueden destruir la flora intestinal beneficiosa, lo que puede afectar la absorci\u00f3n de vitaminas del complejo B. Por lo tanto, los pacientes que toman antibi\u00f3ticos deben asegurarse de obtener suficientes vitaminas B a trav\u00e9s de la dieta o mediante suplementos.<\/span><\/p>\t\t\t\t\t\t<\/div>\n\t\t\t\t<\/div>\n\t\t\t\t\t<\/div>\n\t\t<\/div>\n\t\t\t\t\t<\/div>\n\t\t<\/section>\n\t\t\t\t<section class=\"elementor-section elementor-top-section elementor-element elementor-element-cd93aa9 elementor-section-boxed elementor-section-height-default elementor-section-height-default\" data-id=\"cd93aa9\" data-element_type=\"section\">\n\t\t\t\t\t\t<div class=\"elementor-container elementor-column-gap-default\">\n\t\t\t\t\t<div class=\"elementor-column elementor-col-100 elementor-top-column elementor-element elementor-element-1b665bd\" data-id=\"1b665bd\" data-element_type=\"column\">\n\t\t\t<div class=\"elementor-widget-wrap elementor-element-populated\">\n\t\t\t\t\t\t<div class=\"elementor-element elementor-element-6ef3ed7 elementor-widget elementor-widget-heading\" data-id=\"6ef3ed7\" data-element_type=\"widget\" data-widget_type=\"heading.default\">\n\t\t\t\t<div class=\"elementor-widget-container\">\n\t\t\t<h4 class=\"elementor-heading-title elementor-size-default\">Interacciones entre la insulina y los carbohidratos\n<\/h4>\t\t<\/div>\n\t\t\t\t<\/div>\n\t\t\t\t<div class=\"elementor-element elementor-element-baa6979 elementor-widget elementor-widget-text-editor\" data-id=\"baa6979\" data-element_type=\"widget\" data-widget_type=\"text-editor.default\">\n\t\t\t\t<div class=\"elementor-widget-container\">\n\t\t\t\t\t\t\t<p><span style=\"font-weight: 400;\">La insulina es una hormona que se utiliza para tratar la diabetes. Sin embargo, los carbohidratos pueden afectar la eficacia de la insulina al aumentar los niveles de az\u00facar en la sangre. Por lo tanto, es importante que los pacientes que toman insulina controlen su ingesta de carbohidratos y mantengan una dieta constante.<\/span><\/p>\t\t\t\t\t\t<\/div>\n\t\t\t\t<\/div>\n\t\t\t\t\t<\/div>\n\t\t<\/div>\n\t\t\t\t\t<\/div>\n\t\t<\/section>\n\t\t\t\t<section class=\"elementor-section elementor-top-section elementor-element elementor-element-06e1f30 elementor-section-boxed elementor-section-height-default elementor-section-height-default\" data-id=\"06e1f30\" data-element_type=\"section\">\n\t\t\t\t\t\t<div class=\"elementor-container elementor-column-gap-default\">\n\t\t\t\t\t<div class=\"elementor-column elementor-col-100 elementor-top-column elementor-element elementor-element-455898b\" data-id=\"455898b\" data-element_type=\"column\">\n\t\t\t<div class=\"elementor-widget-wrap elementor-element-populated\">\n\t\t\t\t\t\t<div class=\"elementor-element elementor-element-b7afb7e elementor-widget elementor-widget-heading\" data-id=\"b7afb7e\" data-element_type=\"widget\" data-widget_type=\"heading.default\">\n\t\t\t\t<div class=\"elementor-widget-container\">\n\t\t\t<h4 class=\"elementor-heading-title elementor-size-default\">Interacciones entre los diur\u00e9ticos y el potasio\n<\/h4>\t\t<\/div>\n\t\t\t\t<\/div>\n\t\t\t\t<div class=\"elementor-element elementor-element-bd1cde9 elementor-widget elementor-widget-text-editor\" data-id=\"bd1cde9\" data-element_type=\"widget\" data-widget_type=\"text-editor.default\">\n\t\t\t\t<div class=\"elementor-widget-container\">\n\t\t\t\t\t\t\t<p><span style=\"font-weight: 400;\">Los diur\u00e9ticos se utilizan para tratar la hipertensi\u00f3n y otras afecciones cardiovasculares. Sin embargo, algunos diur\u00e9ticos pueden causar p\u00e9rdida de potasio, lo que puede provocar debilidad muscular, fatiga y otros s\u00edntomas. Por lo tanto, los pacientes que toman diur\u00e9ticos deben asegurarse de obtener suficiente potasio a trav\u00e9s de la dieta o mediante suplementos.<\/span><\/p>\t\t\t\t\t\t<\/div>\n\t\t\t\t<\/div>\n\t\t\t\t\t<\/div>\n\t\t<\/div>\n\t\t\t\t\t<\/div>\n\t\t<\/section>\n\t\t\t\t<section class=\"elementor-section elementor-top-section elementor-element elementor-element-d45e65d elementor-section-boxed elementor-section-height-default elementor-section-height-default\" data-id=\"d45e65d\" data-element_type=\"section\">\n\t\t\t\t\t\t<div class=\"elementor-container elementor-column-gap-default\">\n\t\t\t\t\t<div class=\"elementor-column elementor-col-100 elementor-top-column elementor-element elementor-element-d5ae698\" data-id=\"d5ae698\" data-element_type=\"column\">\n\t\t\t<div class=\"elementor-widget-wrap elementor-element-populated\">\n\t\t\t\t\t\t<div class=\"elementor-element elementor-element-c68beb8 elementor-widget elementor-widget-heading\" data-id=\"c68beb8\" data-element_type=\"widget\" data-widget_type=\"heading.default\">\n\t\t\t\t<div class=\"elementor-widget-container\">\n\t\t\t<h4 class=\"elementor-heading-title elementor-size-default\">Interacciones entre los inhibidores de la bomba de protones (IBP) y el calcio \n<\/h4>\t\t<\/div>\n\t\t\t\t<\/div>\n\t\t\t\t<div class=\"elementor-element elementor-element-6691e4e elementor-widget elementor-widget-text-editor\" data-id=\"6691e4e\" data-element_type=\"widget\" data-widget_type=\"text-editor.default\">\n\t\t\t\t<div class=\"elementor-widget-container\">\n\t\t\t\t\t\t\t<p><span style=\"font-weight: 400;\">Los IBP, como el omeprazol, se utilizan para tratar la enfermedad por reflujo gastroesof\u00e1gico y otras afecciones gastrointestinales. Sin embargo, el uso a largo plazo de estos medicamentos puede disminuir la absorci\u00f3n de calcio, lo que puede aumentar el riesgo de osteoporosis. Los pacientes que toman IBP deben asegurarse de obtener suficiente calcio a trav\u00e9s de la dieta o mediante suplementos.<\/span><\/p><p><span style=\"font-weight: 400;\">En conclusi\u00f3n, la interacci\u00f3n entre los f\u00e1rmacos y los nutrientes es un tema importante en la nutrici\u00f3n cl\u00ednica. Es importante que los pacientes que toman medicamentos y profesionales que los recetan o sugieren est\u00e9n al tanto de las interacciones posibles entre los f\u00e1rmacos y los nutrientes de esta forma poder comprender a\u00fan m\u00e1s su dieta o su terapia nutricional.<\/span><\/p>\t\t\t\t\t\t<\/div>\n\t\t\t\t<\/div>\n\t\t\t\t<div class=\"elementor-element elementor-element-0d3a5a6 elementor-widget elementor-widget-text-editor\" data-id=\"0d3a5a6\" data-element_type=\"widget\" data-widget_type=\"text-editor.default\">\n\t\t\t\t<div class=\"elementor-widget-container\">\n\t\t\t\t\t\t\t<p><b>Autor: PhD. Carlos Ramos &#8211; Director del Instituto Universitario Vive Sano. <\/b><a href=\"https:\/\/www.linkedin.com\/feed\/update\/urn:li:activity:7039617872930742272\"><b><i>Texto publicado originalmente en nuestra p\u00e1gina de Linkedin<\/i><\/b><\/a><\/p>\t\t\t\t\t\t<\/div>\n\t\t\t\t<\/div>\n\t\t\t\t<div class=\"elementor-element elementor-element-6c651a8 elementor-widget elementor-widget-text-editor\" data-id=\"6c651a8\" data-element_type=\"widget\" data-widget_type=\"text-editor.default\">\n\t\t\t\t<div class=\"elementor-widget-container\">\n\t\t\t\t\t\t\t<p><span style=\"font-weight: 400;\">Profundiza tus conocimientos sobre esa tem\u00e1tica en nuestro Diplomado Nutrici\u00f3n Cl\u00ednica.<\/span><\/p><p><span style=\"font-weight: 400;\">Inicio: 30\/03\/2023<\/span><\/p>\t\t\t\t\t\t<\/div>\n\t\t\t\t<\/div>\n\t\t\t\t<div class=\"elementor-element elementor-element-b93a188 elementor-align-center elementor-widget elementor-widget-button\" data-id=\"b93a188\" data-element_type=\"widget\" data-widget_type=\"button.default\">\n\t\t\t\t<div class=\"elementor-widget-container\">\n\t\t\t\t\t<div class=\"elementor-button-wrapper\">\n\t\t\t<a class=\"elementor-button elementor-button-link elementor-size-md\" href=\"https:\/\/vivesanobrasil.org\/pb\/diplomado-de-nutricion-clinica-version-2-cohorte-3\/\" target=\"_blank\">\n\t\t\t\t\t\t<span class=\"elementor-button-content-wrapper\">\n\t\t\t\t\t\t\t\t\t<span class=\"elementor-button-text\">Inscr\u00edbete aqu\u00ed<\/span>\n\t\t\t\t\t<\/span>\n\t\t\t\t\t<\/a>\n\t\t<\/div>\n\t\t\t\t<\/div>\n\t\t\t\t<\/div>\n\t\t\t\t\t<\/div>\n\t\t<\/div>\n\t\t\t\t\t<\/div>\n\t\t<\/section>\n\t\t\t\t<section class=\"elementor-section elementor-top-section elementor-element elementor-element-b8fc478 elementor-section-boxed elementor-section-height-default elementor-section-height-default\" data-id=\"b8fc478\" data-element_type=\"section\">\n\t\t\t\t\t\t<div class=\"elementor-container elementor-column-gap-default\">\n\t\t\t\t\t<div class=\"elementor-column elementor-col-100 elementor-top-column elementor-element elementor-element-ecad67c\" data-id=\"ecad67c\" data-element_type=\"column\">\n\t\t\t<div class=\"elementor-widget-wrap elementor-element-populated\">\n\t\t\t\t\t\t<div class=\"elementor-element elementor-element-6c13272 elementor-widget elementor-widget-text-editor\" data-id=\"6c13272\" data-element_type=\"widget\" data-widget_type=\"text-editor.default\">\n\t\t\t\t<div class=\"elementor-widget-container\">\n\t\t\t\t\t\t\t<p><span style=\"font-weight: 400;\">Referencias:<\/span><\/p><p><span style=\"font-weight: 400;\">GBD 2013 Risk Factors Collaborators, Forouzanfar MH, Alexander L, Anderson HR, Bachman VF, Biryukov S, et al. Global, regional, and national comparative risk assessment of 79 behavioral, environmental and occupational, and metabolic risks or clusters of risks in 188 countries, 1990-2013: a systematic analysis for the Global Burden of Disease Study 2013. Lancet 2015;386(10010):2287e323. <a href=\"http:\/\/dx.doi.org\/10.1016\/S0140-6736(15)\" rel=\"nofollow\">http:\/\/dx.doi.org\/10.1016\/S0140-6736(15)<\/a> 00128-2.\u00a0<\/span><\/p><p><span style=\"font-weight: 400;\">Sobotka L, editor. Basics in clinical nutrition. 4th ed. Galen; 2012.\u00a0<\/span><\/p><p><span style=\"font-weight: 400;\">Jensen GL. Global leadership conversation: addressing malnutrition. JPEN J Parenter Enter Nutr 2016;40:455e7.\u00a0<\/span><\/p><p><span style=\"font-weight: 400;\">\u00a0Roy M, Gaudreau P, Payette H. A scoping review of anorexia of aging corre- lates and their relevance to population health interventions. Appetite 2016;105:688e99.\u00a0<\/span><\/p><p><span style=\"font-weight: 400;\">Valentini L, Volkert D, Schutz T, Ockenga J, Pirlich M, Druml W, et al. Sug- gestions for terminology in clinical nutrition. e-SPEN J 2014;9:e97e108. <a href=\"http:\/\/dx.doi.org\/10.1016\/j.clnme.2013.12.004\" rel=\"nofollow\">http:\/\/dx.doi.org\/10.1016\/j.clnme.2013.12.004<\/a>.<\/span><\/p><p><span style=\"font-weight: 400;\">American Academy ofPediatrics (2018). Clinical practice guidelines and policy implementa- tion. <a href=\"https:\/\/http:\/\/www.aap.org\/en-us\/professional-resources\/qualityimprovement\/Pa\" rel=\"nofollow\">https:\/\/http:\/\/www.aap.org\/en-us\/professional-resources\/qualityimprovement\/Pa<\/a> ges\/Guidelines-and-Policy-Development.aspx, Accessed date: 9 July 2018.<\/span><\/p>\t\t\t\t\t\t<\/div>\n\t\t\t\t<\/div>\n\t\t\t\t\t<\/div>\n\t\t<\/div>\n\t\t\t\t\t<\/div>\n\t\t<\/section>\n\t\t\t\t<\/div>\n\t\t<div class='cb-post-url-qr-code'><br><img src='https:\/\/api.qrserver.com\/v1\/create-qr-code\/?size=185x185&ecc=L&qzone=1&data=https%3A%2F%2Fvivesanobrasil.org%2Fpb%2Finteraccion-farmaco-nutriente-dentro-de-la-practica-clinica%2F' alt='Interacci\u00f3n f\u00e1rmaco-nutriente dentro de la pr\u00e1ctica cl\u00ednica'\/><\/div>","protected":false},"excerpt":{"rendered":"<p>Interacci\u00f3n f\u00e1rmaco-nutriente dentro de la pr\u00e1ctica cl\u00ednica La interacci\u00f3n entre los f\u00e1rmacos y los nutrientes es un tema importante en la nutrici\u00f3n cl\u00ednica, ya que puede tener efectos significativos en la eficacia y seguridad de las terapias nutricionales.\u00a0 En este texto, explicaremos algunas de las interacciones m\u00e1s comunes entre los f\u00e1rmacos y los nutrientes utilizados [&hellip;]<\/p>\n","protected":false},"author":135836174,"featured_media":44987,"comment_status":"open","ping_status":"open","sticky":false,"template":"elementor_canvas","format":"standard","meta":{"_acf_changed":false,"_coblocks_attr":"","_coblocks_dimensions":"","_coblocks_responsive_height":"","_coblocks_accordion_ie_support":"","_crdt_document":"","om_disable_all_campaigns":false,"_monsterinsights_skip_tracking":false,"_monsterinsights_sitenote_active":false,"_monsterinsights_sitenote_note":"","_monsterinsights_sitenote_category":0,"_jetpack_newsletter_access":"","_jetpack_dont_email_post_to_subs":false,"_jetpack_newsletter_tier_id":0,"_jetpack_memberships_contains_paywalled_content":false,"_jetpack_memberships_contains_paid_content":false,"footnotes":"","jetpack_publicize_message":"","jetpack_publicize_feature_enabled":true,"jetpack_social_post_already_shared":true,"jetpack_social_options":{"image_generator_settings":{"template":"highway","default_image_id":0,"font":"","enabled":false},"version":2},"_wpas_customize_per_network":false,"jetpack_post_was_ever_published":false},"categories":[675839594,1],"tags":[],"class_list":["post-44986","post","type-post","status-publish","format-standard","has-post-thumbnail","hentry","category-blog","category-uncategorized"],"acf":[],"aioseo_notices":[],"jetpack_publicize_connections":[],"jetpack_featured_media_url":"https:\/\/i0.wp.com\/vivesanobrasil.org\/wp-content\/uploads\/2023\/03\/Portada-1.png?fit=1080%2C1350&ssl=1","jetpack_likes_enabled":true,"jetpack_sharing_enabled":true,"jetpack_shortlink":"https:\/\/wp.me\/p9Ia6I-bHA","_links":{"self":[{"href":"https:\/\/vivesanobrasil.org\/pb\/wp-json\/wp\/v2\/posts\/44986","targetHints":{"allow":["GET"]}}],"collection":[{"href":"https:\/\/vivesanobrasil.org\/pb\/wp-json\/wp\/v2\/posts"}],"about":[{"href":"https:\/\/vivesanobrasil.org\/pb\/wp-json\/wp\/v2\/types\/post"}],"author":[{"embeddable":true,"href":"https:\/\/vivesanobrasil.org\/pb\/wp-json\/wp\/v2\/users\/135836174"}],"replies":[{"embeddable":true,"href":"https:\/\/vivesanobrasil.org\/pb\/wp-json\/wp\/v2\/comments?post=44986"}],"version-history":[{"count":0,"href":"https:\/\/vivesanobrasil.org\/pb\/wp-json\/wp\/v2\/posts\/44986\/revisions"}],"wp:featuredmedia":[{"embeddable":true,"href":"https:\/\/vivesanobrasil.org\/pb\/wp-json\/wp\/v2\/media\/44987"}],"wp:attachment":[{"href":"https:\/\/vivesanobrasil.org\/pb\/wp-json\/wp\/v2\/media?parent=44986"}],"wp:term":[{"taxonomy":"category","embeddable":true,"href":"https:\/\/vivesanobrasil.org\/pb\/wp-json\/wp\/v2\/categories?post=44986"},{"taxonomy":"post_tag","embeddable":true,"href":"https:\/\/vivesanobrasil.org\/pb\/wp-json\/wp\/v2\/tags?post=44986"}],"curies":[{"name":"wp","href":"https:\/\/api.w.org\/{rel}","templated":true}]}}