{"id":6726,"date":"2020-03-17T19:07:21","date_gmt":"2020-03-17T22:07:21","guid":{"rendered":"https:\/\/vivesanobrasil.org\/proximos-eventos-academicos\/"},"modified":"2020-05-06T10:09:43","modified_gmt":"2020-05-06T13:09:43","slug":"proximos-eventos-academicos","status":"publish","type":"post","link":"https:\/\/vivesanobrasil.org\/pb\/proximos-eventos-academicos\/","title":{"rendered":"Pr\u00f3ximos eventos acad\u00e9micos."},"content":{"rendered":"<p><img data-recalc-dims=\"1\" fetchpriority=\"high\" decoding=\"async\" class=\"size-full wp-image-6724\" src=\"https:\/\/i0.wp.com\/vivesanobrasil.org\/wp-content\/uploads\/2020\/03\/f55cc20c-adb5-4790-b685-3d2b34baa3e8.jpg?resize=1280%2C1280&#038;ssl=1\" width=\"1280\" height=\"1280\" \/><img data-recalc-dims=\"1\" decoding=\"async\" class=\"size-full wp-image-6725\" src=\"https:\/\/i0.wp.com\/vivesanobrasil.org\/wp-content\/uploads\/2020\/03\/854f26c7-0b40-4f45-93dc-b5f0c9395198.jpg?resize=1280%2C1280&#038;ssl=1\" width=\"1280\" height=\"1280\" \/><\/p>\n<p>\u00bfQu\u00e9 es lo que viene en abril? Les tenemos preparados 2 excelentes cursos para el mes que viene \ud83e\udd73<\/p>\n<p>En primer lugar, tenemos la tercera cohorte del curso de Nutrici\u00f3n Cl\u00ednica pedi\u00e1trica y del adulto\ud83e\udd57\ud83d\udc69\u200d\ud83d\udc66. Con este curso te podr\u00e1s capacitar con todo lo relacionado a la nutrici\u00f3n clinica, de acuerdo a diferentes fases etareas.<\/p>\n<p>Ser\u00e1n abordadas tem\u00e1ticas como Soporte nutricional, Desnutrici\u00f3n hospitalaria, cancer, enfermedad renal, alergias alimentarias, entre otras&#8230;<\/p>\n<p>Este curso consta de 4 m\u00f3dulos distribu\u00eddos en 15 clases.\ud83d\udc69\ud83c\udffb\u200d\ud83d\udcbb<\/p>\n<p>El curso de Actualizaci\u00f3n en Nutrici\u00f3n y alimentaci\u00f3n vegetariana \ud83e\udd66tiene como objetivo ofrecer conocimiento cient\u00edfico sobre el vegetarianismo y veganismo, a fin de mostrar la viabilidad y beneficios de una nutrici\u00f3n con base de alimentos de origen vegetal.<\/p>\n<p>Ser\u00e1n abordadas factores ambientales, necesidades nutricionales, metabolismo, conducta nutricional, uso de fitoterapia, nutrici\u00f3n deportiva en el deportista vegetariano, beneficios, prevenci\u00f3n y tratamiento de enfermedades, gastronom\u00eda.<\/p>\n<p>Este curso consta de 4 m\u00f3dulos y 14 clases.\ud83d\udc68\ud83c\udffd\u200d\ud83d\udcbb<\/p>\n<p>Este curso adem\u00e1s incluye 1 ebook con recetario + 1 software de evaluaci\u00f3n nutricional del paciente vegetariano.\ud83d\udcca<\/p>\n<p>\u00bfCu\u00e1l es la modalidad? \ud83d\udc69\ud83c\udffb\u200d\ud83d\udcbb\ud83d\udc68\ud83c\udffd\u200d\ud83d\udcbb100% online, puedes realizar las clases desde el lugar que quieras y al horario que tu elijas.<\/p>\n<div class='cb-post-url-qr-code'><br><img src='https:\/\/api.qrserver.com\/v1\/create-qr-code\/?size=185x185&ecc=L&qzone=1&data=https%3A%2F%2Fvivesanobrasil.org%2Fpb%2Fproximos-eventos-academicos%2F' alt='Pr\u00f3ximos eventos acad\u00e9micos.'\/><\/div>","protected":false},"excerpt":{"rendered":"<p>\u00bfQu\u00e9 es lo que viene en abril? Les tenemos preparados 2 excelentes cursos para el mes que viene \ud83e\udd73 En primer lugar, tenemos la tercera cohorte del curso de Nutrici\u00f3n Cl\u00ednica pedi\u00e1trica y del adulto\ud83e\udd57\ud83d\udc69\u200d\ud83d\udc66. Con este curso te podr\u00e1s capacitar con todo lo relacionado a la nutrici\u00f3n clinica, de acuerdo a diferentes fases etareas. [&hellip;]<\/p>\n","protected":false},"author":135836161,"featured_media":0,"comment_status":"open","ping_status":"open","sticky":false,"template":"","format":"standard","meta":{"_acf_changed":false,"_coblocks_attr":"","_coblocks_dimensions":"","_coblocks_responsive_height":"","_coblocks_accordion_ie_support":"","_crdt_document":"","om_disable_all_campaigns":false,"_monsterinsights_skip_tracking":false,"_monsterinsights_sitenote_active":false,"_monsterinsights_sitenote_note":"","_monsterinsights_sitenote_category":0,"_jetpack_newsletter_access":"","_jetpack_dont_email_post_to_subs":false,"_jetpack_newsletter_tier_id":0,"_jetpack_memberships_contains_paywalled_content":false,"_jetpack_memberships_contains_paid_content":false,"footnotes":"","jetpack_publicize_message":"","jetpack_publicize_feature_enabled":true,"jetpack_social_post_already_shared":true,"jetpack_social_options":{"image_generator_settings":{"template":"highway","default_image_id":0,"font":"","enabled":false},"version":2},"_wpas_customize_per_network":false,"jetpack_post_was_ever_published":false},"categories":[675839542],"tags":[],"class_list":["post-6726","post","type-post","status-publish","format-standard","hentry","category-noticias"],"acf":[],"aioseo_notices":[],"jetpack_publicize_connections":[],"jetpack_featured_media_url":"","jetpack_likes_enabled":true,"jetpack_sharing_enabled":true,"jetpack_shortlink":"https:\/\/wp.me\/p9Ia6I-1Ku","_links":{"self":[{"href":"https:\/\/vivesanobrasil.org\/pb\/wp-json\/wp\/v2\/posts\/6726","targetHints":{"allow":["GET"]}}],"collection":[{"href":"https:\/\/vivesanobrasil.org\/pb\/wp-json\/wp\/v2\/posts"}],"about":[{"href":"https:\/\/vivesanobrasil.org\/pb\/wp-json\/wp\/v2\/types\/post"}],"author":[{"embeddable":true,"href":"https:\/\/vivesanobrasil.org\/pb\/wp-json\/wp\/v2\/users\/135836161"}],"replies":[{"embeddable":true,"href":"https:\/\/vivesanobrasil.org\/pb\/wp-json\/wp\/v2\/comments?post=6726"}],"version-history":[{"count":0,"href":"https:\/\/vivesanobrasil.org\/pb\/wp-json\/wp\/v2\/posts\/6726\/revisions"}],"wp:attachment":[{"href":"https:\/\/vivesanobrasil.org\/pb\/wp-json\/wp\/v2\/media?parent=6726"}],"wp:term":[{"taxonomy":"category","embeddable":true,"href":"https:\/\/vivesanobrasil.org\/pb\/wp-json\/wp\/v2\/categories?post=6726"},{"taxonomy":"post_tag","embeddable":true,"href":"https:\/\/vivesanobrasil.org\/pb\/wp-json\/wp\/v2\/tags?post=6726"}],"curies":[{"name":"wp","href":"https:\/\/api.w.org\/{rel}","templated":true}]}}