{"id":819,"date":"2019-07-01T07:00:30","date_gmt":"2019-07-01T10:00:30","guid":{"rendered":"http:\/\/vivesanobrasil.org\/?p=819"},"modified":"2020-01-08T17:04:47","modified_gmt":"2020-01-08T20:04:47","slug":"nutricion-en-geriatria","status":"publish","type":"post","link":"https:\/\/vivesanobrasil.org\/pb\/nutricion-en-geriatria\/","title":{"rendered":"Nutrici\u00f3n en Geriatr\u00eda."},"content":{"rendered":"\r\n<p class=\"wp-block-paragraph\">\r\n\r\nNutrici\u00f3n en Geriatr\u00eda.\u201cUna mirada al adulto que envejece a trav\u00e9s de la nutrici\u00f3n y el ejercicio\u201d<\/p>\r\n\r\n\r\n\r\n<figure class=\"wp-block-image\"><img data-recalc-dims=\"1\" decoding=\"async\" src=\"https:\/\/i0.wp.com\/vivesanobrasil.org\/wp-content\/uploads\/2019\/06\/geriatrc3ada-abordaje-desde-la-nutricic3b3n-y-el-entrenamiento-deportivo.-6.png?ssl=1\" alt=\"\" class=\"wp-image-821\" \/><\/figure>\r\n\r\n\r\n\r\n<p class=\"wp-block-paragraph\"><strong>Introducci\u00f3n al curso<\/strong>En este curso podr\u00e1s conocer y aprender sobre nutrici\u00f3n en geriatria, caracterizaciones en este ciclo vital, disfag\u00eda, osteoporosis, sarcopenia, fisiolog\u00eda, bioqu\u00edmica, nutrici\u00f3n deportiva en el adulto mayor.<br><strong>Objetivo<\/strong><\/p>\r\n\r\n\r\n\r\n<p class=\"wp-block-paragraph\">Esta capacitaci\u00f3n le brindar\u00e1 una formaci\u00f3n espec\u00edfica en nutrici\u00f3n en geriatr\u00eda, que le permitir\u00e1 abordar de manera integral esta etapa fisiol\u00f3gica,\u00a0 as\u00ed como tambi\u00e9n el adecuado enfoque de las patolog\u00edas nutricionales m\u00e1s prevalentes en la pr\u00e1ctica cl\u00ednica durante el envejecimiento. con bases\u00a0 profundas en conocimiento cient\u00edfico y tecnol\u00f3gico actualizado. Queremos tambi\u00e9n perfeccionar y complementar la formaci\u00f3n del profesional a trav\u00e9s de un aprendizaje afectivo en el \u00e1rea geriatrica, queremos darte las \u00faltimas evidencias sobre los temas propuestos de parte de los mejores profesores.<br><\/p>\r\n\r\n\r\n\r\n<p class=\"wp-block-paragraph\">Cronograma y perfil docente:<\/p>\r\n\r\n\r\n\r\n<div class=\"wp-block-file\"><a href=\"https:\/\/vivesanobrasil.org\/wp-content\/uploads\/2019\/06\/cronograma-y-perfil-docente.-a-1.pdf\">cronograma-y-perfil-docente.-a-1<\/a><a href=\"https:\/\/vivesanobrasil.org\/wp-content\/uploads\/2019\/06\/cronograma-y-perfil-docente.-a-1.pdf\" class=\"wp-block-file__button\" download>Descarga<\/a><\/div>\r\n\r\n\r\n\r\n<p class=\"wp-block-paragraph\">Mayor informaci\u00f3n del curso:<\/p>\r\n\r\n\r\n\r\n<div class=\"wp-block-file\"><a href=\"https:\/\/vivesanobrasil.org\/wp-content\/uploads\/2019\/06\/informacic3b3n-general-del-curso.-a.pdf\">informacic3b3n-general-del-curso.-a<\/a><a href=\"https:\/\/vivesanobrasil.org\/wp-content\/uploads\/2019\/06\/informacic3b3n-general-del-curso.-a.pdf\" class=\"wp-block-file__button\" download>Descarga<\/a><\/div>\r\n\r\n\r\n\r\n<p class=\"wp-block-paragraph\">Inscripciones por: <\/p>\r\n\r\n\r\n\r\n<p class=\"wp-block-paragraph\"><a href=\"https:\/\/vivesanobrasil.org\/inscripciones-2\/\">https:\/\/vivesanobrasil.org\/inscripciones-2\/<\/a><\/p>\r\n<div class='cb-post-url-qr-code'><br><img src='https:\/\/api.qrserver.com\/v1\/create-qr-code\/?size=185x185&ecc=L&qzone=1&data=https%3A%2F%2Fvivesanobrasil.org%2Fpb%2Fnutricion-en-geriatria%2F' alt='Nutrici\u00f3n en Geriatr\u00eda.'\/><\/div>","protected":false},"excerpt":{"rendered":"<p>Nutrici\u00f3n en Geriatr\u00eda.\u201cUna mirada al adulto que envejece a trav\u00e9s de la nutrici\u00f3n y el ejercicio\u201d Introducci\u00f3n al cursoEn este curso podr\u00e1s conocer y aprender sobre nutrici\u00f3n en geriatria, caracterizaciones en este ciclo vital, disfag\u00eda, osteoporosis, sarcopenia, fisiolog\u00eda, bioqu\u00edmica, nutrici\u00f3n deportiva en el adulto mayor.Objetivo Esta capacitaci\u00f3n le brindar\u00e1 una formaci\u00f3n espec\u00edfica en nutrici\u00f3n en [&hellip;]<\/p>\n","protected":false},"author":135836161,"featured_media":0,"comment_status":"open","ping_status":"open","sticky":false,"template":"","format":"standard","meta":{"_acf_changed":false,"_coblocks_attr":"","_coblocks_dimensions":"","_coblocks_responsive_height":"","_coblocks_accordion_ie_support":"","_crdt_document":"","om_disable_all_campaigns":false,"_monsterinsights_skip_tracking":false,"_monsterinsights_sitenote_active":false,"_monsterinsights_sitenote_note":"","_monsterinsights_sitenote_category":0,"jetpack_post_was_ever_published":false,"_jetpack_newsletter_access":"","_jetpack_dont_email_post_to_subs":false,"_jetpack_newsletter_tier_id":0,"_jetpack_memberships_contains_paywalled_content":false,"_jetpack_memberships_contains_paid_content":false,"footnotes":"","jetpack_publicize_message":"","jetpack_publicize_feature_enabled":true,"jetpack_social_post_already_shared":false,"jetpack_social_options":{"image_generator_settings":{"template":"highway","default_image_id":0,"font":"","enabled":false},"version":2},"_wpas_customize_per_network":false},"categories":[1],"tags":[],"class_list":["post-819","post","type-post","status-publish","format-standard","hentry","category-uncategorized"],"acf":[],"aioseo_notices":[],"jetpack_publicize_connections":[],"jetpack_featured_media_url":"","jetpack_likes_enabled":true,"jetpack_sharing_enabled":true,"jetpack_shortlink":"https:\/\/wp.me\/p9Ia6I-dd","_links":{"self":[{"href":"https:\/\/vivesanobrasil.org\/pb\/wp-json\/wp\/v2\/posts\/819","targetHints":{"allow":["GET"]}}],"collection":[{"href":"https:\/\/vivesanobrasil.org\/pb\/wp-json\/wp\/v2\/posts"}],"about":[{"href":"https:\/\/vivesanobrasil.org\/pb\/wp-json\/wp\/v2\/types\/post"}],"author":[{"embeddable":true,"href":"https:\/\/vivesanobrasil.org\/pb\/wp-json\/wp\/v2\/users\/135836161"}],"replies":[{"embeddable":true,"href":"https:\/\/vivesanobrasil.org\/pb\/wp-json\/wp\/v2\/comments?post=819"}],"version-history":[{"count":0,"href":"https:\/\/vivesanobrasil.org\/pb\/wp-json\/wp\/v2\/posts\/819\/revisions"}],"wp:attachment":[{"href":"https:\/\/vivesanobrasil.org\/pb\/wp-json\/wp\/v2\/media?parent=819"}],"wp:term":[{"taxonomy":"category","embeddable":true,"href":"https:\/\/vivesanobrasil.org\/pb\/wp-json\/wp\/v2\/categories?post=819"},{"taxonomy":"post_tag","embeddable":true,"href":"https:\/\/vivesanobrasil.org\/pb\/wp-json\/wp\/v2\/tags?post=819"}],"curies":[{"name":"wp","href":"https:\/\/api.w.org\/{rel}","templated":true}]}}